{"id":294765,"date":"2022-11-29T14:57:42","date_gmt":"2022-11-29T12:57:42","guid":{"rendered":"https:\/\/www.skimo.at\/rennen\/?p=294765"},"modified":"2022-11-30T16:16:14","modified_gmt":"2022-11-30T14:16:14","slug":"die-23-ausgabe-der-mezzalama-trophy-wurde-bereits-in-mailand-praesentiert","status":"publish","type":"post","link":"https:\/\/www.skimo.at\/rennen\/294765\/die-23-ausgabe-der-mezzalama-trophy-wurde-bereits-in-mailand-praesentiert\/","title":{"rendered":"Die 23. Ausgabe der Mezzalama Trophy wurde bereits in Mailand pr\u00e4sentiert"},"content":{"rendered":"\n<blockquote class=\"wp-block-quote\"><p>&#8222;Bei der n\u00e4chsten Ausgabe werden wir uns mit herausfordernden Gletscherbedingungen auseinandersetzen m\u00fcssen und zum ersten Mal wird das Mezzalama Jugendrennen zeitgleich mit dem klassischen Marathon Rennen durchgef\u00fchrt.&#8220;<\/p><cite>Adriano Favre, technischer Leiter<\/cite><\/blockquote>\n\n\n\n<p>Heute Morgen hat die Stiftung Mezzalama Trophy auf Einladung von Retex im modernen RoofTop S32 auf der Copernico Isola in Mailand die 23. Ausgabe der <strong>&#8222;Maratona dei Ghiacciai&#8220;<\/strong> pr\u00e4sentiert.<\/p>\n\n\n\n<h5>Die Trofeo Mezzalama, ein Skitouren-Hochgebirgswettbewerb mit drei Gipfeln \u00fcber 4000 Metern, wird am 22. April ausgetragen.&nbsp;<\/h5>\n\n\n\n<p>Das historische Dreier-Mannschaftsrennen ist Teil der prestigetr\u00e4chtigen La Grande Course-Rennstrecke. Die Mezzalama Trophy, die bald ihr 90-j\u00e4hriges Bestehen feiert, wurde 1933 ins Leben gerufen und ist das einzige Rennen der Welt, das auf den immerw\u00e4hrenden Gletschern des Monte Rosa stattfindet und drei Viertausender \u00fcberquert: <\/p>\n\n\n\n<ul><li>den Gipfel des Castor (<em>4.126 m)<\/em><\/li><li>die Nase des Lyskamms <em>(4.150\u00a0m)<\/em><\/li><li>und den Discovery Rock <em>(4.177 m)\u00a0<\/em><\/li><\/ul>\n\n\n\n<p>Diese unglaubliche \u00dcberquerung von Breuil-Cervinia nach Gressoney La Trinit\u00e9 umfasst <strong>45 Kilometer und einen Gesamtanstieg von insgesamt 3.272 Metern.&nbsp;<\/strong><\/p>\n\n\n\n<div class=\"wp-block-image\"><figure class=\"aligncenter size-large is-resized\"><a href=\"https:\/\/www.skimo.at\/rennen\/files\/2022\/11\/div6703-1.jpg\"><img src=\"https:\/\/www.skimo.at\/rennen\/files\/2022\/11\/div6703-1-edited.jpg\" alt=\"\" class=\"wp-image-294770\" width=\"1025\" srcset=\"https:\/\/www.skimo.at\/rennen\/files\/2022\/11\/div6703-1-edited.jpg 1280w, https:\/\/www.skimo.at\/rennen\/files\/2022\/11\/div6703-1-edited-300x169.jpg 300w, https:\/\/www.skimo.at\/rennen\/files\/2022\/11\/div6703-1-edited-1024x576.jpg 1024w, https:\/\/www.skimo.at\/rennen\/files\/2022\/11\/div6703-1-edited-768x432.jpg 768w, https:\/\/www.skimo.at\/rennen\/files\/2022\/11\/div6703-1-edited-1224x689.jpg 1224w, https:\/\/www.skimo.at\/rennen\/files\/2022\/11\/div6703-1-edited-970x546.jpg 970w, https:\/\/www.skimo.at\/rennen\/files\/2022\/11\/div6703-1-edited-554x312.jpg 554w, https:\/\/www.skimo.at\/rennen\/files\/2022\/11\/div6703-1-edited-165x93.jpg 165w\" sizes=\"(max-width: 1280px) 100vw, 1280px\" \/><\/a><figcaption>XXII-Trofeo-Mezzalama 2019<\/figcaption><\/figure><\/div>\n\n\n\n<p>Die Pr\u00e4sentation begann mit einer Darbietung von Mattia Fabris, der einen imagin\u00e4ren Brief von Pietro Crivellaro, einem Akademiker von Cai und historischer Hintergrund der Troph\u00e4e, \u00fcber die sportlichen Ereignisse der ersten Ausgaben vortrug.<\/p>\n\n\n\n<p>Es handelte sich um einen m\u00f6glichen Brief vom Februar 1936 zwischen zwei bekannten Sportjournalisten, die in der Zeit zwischen den beiden Kriegen in Italien die gr\u00f6\u00dfte Autorit\u00e4ten im Bergsport waren. Der Absender ist Guido Tonella aus Turin, ein erfahrener Skifahrer und Bergsteiger und Korrespondent aus Genf f\u00fcr die La Stampa di Torino. Der Empf\u00e4nger ist Vittorio Varale, der Ehemann der ber\u00fchmten Dolomitin Mary Varale, die Emilio Comicis Kletterpartnerin auf dem Spigolo Giallo der Cima Piccola di Lavaredo war.&nbsp;Varale war damals einer der gr\u00f6\u00dften Bef\u00fcrworter des so genannten &#8222;Kampfes des sechsten Grades&#8220;.<\/p>\n\n\n\n<p>In seiner Ansprache dankte Alex Brunod (Pr\u00e4sident der Stiftung) den Institutionen, die stets an der Organisation des Rennens beteiligt sind, von der Region Aostatal bis zu den einzelnen an der Mezzalama-Strecke beteiligten Stellen.&nbsp;&nbsp;<\/p>\n\n\n\n<p>Nach der Begr\u00fc\u00dfung durch den Pr\u00e4sidenten der Stiftung, Alex Brunod, kam die Pr\u00e4sentation mit den Reden der Partner &#8211; Dynafit und Enervit &#8211; in Schwung. F\u00fcr Dynafit, Hauptsponsor der Trophy, war Lukas N\u00e4gele anwesend.<\/p>\n\n\n\n<figure class=\"wp-block-gallery aligncenter columns-2 is-cropped\"><ul class=\"blocks-gallery-grid\"><li class=\"blocks-gallery-item\"><figure><a href=\"https:\/\/www.skimo.at\/rennen\/files\/2022\/11\/icr6696.jpg\"><img loading=\"lazy\" width=\"800\" height=\"533\" src=\"https:\/\/www.skimo.at\/rennen\/files\/2022\/11\/icr6696.jpg\" alt=\"\" data-id=\"294772\" data-link=\"https:\/\/www.skimo.at\/rennen\/?attachment_id=294772\" class=\"wp-image-294772\" srcset=\"https:\/\/www.skimo.at\/rennen\/files\/2022\/11\/icr6696.jpg 800w, https:\/\/www.skimo.at\/rennen\/files\/2022\/11\/icr6696-300x200.jpg 300w, https:\/\/www.skimo.at\/rennen\/files\/2022\/11\/icr6696-768x512.jpg 768w, https:\/\/www.skimo.at\/rennen\/files\/2022\/11\/icr6696-746x497.jpg 746w, https:\/\/www.skimo.at\/rennen\/files\/2022\/11\/icr6696-618x412.jpg 618w, https:\/\/www.skimo.at\/rennen\/files\/2022\/11\/icr6696-554x369.jpg 554w, https:\/\/www.skimo.at\/rennen\/files\/2022\/11\/icr6696-299x199.jpg 299w, https:\/\/www.skimo.at\/rennen\/files\/2022\/11\/icr6696-140x93.jpg 140w, https:\/\/www.skimo.at\/rennen\/files\/2022\/11\/icr6696-540x360.jpg 540w\" sizes=\"(max-width: 800px) 100vw, 800px\" \/><\/a><\/figure><\/li><li class=\"blocks-gallery-item\"><figure><a href=\"https:\/\/www.skimo.at\/rennen\/files\/2022\/11\/icr6731.jpg\"><img loading=\"lazy\" width=\"800\" height=\"533\" src=\"https:\/\/www.skimo.at\/rennen\/files\/2022\/11\/icr6731.jpg\" alt=\"\" data-id=\"294771\" data-link=\"https:\/\/www.skimo.at\/rennen\/?attachment_id=294771\" class=\"wp-image-294771\" srcset=\"https:\/\/www.skimo.at\/rennen\/files\/2022\/11\/icr6731.jpg 800w, https:\/\/www.skimo.at\/rennen\/files\/2022\/11\/icr6731-300x200.jpg 300w, https:\/\/www.skimo.at\/rennen\/files\/2022\/11\/icr6731-768x512.jpg 768w, https:\/\/www.skimo.at\/rennen\/files\/2022\/11\/icr6731-746x497.jpg 746w, https:\/\/www.skimo.at\/rennen\/files\/2022\/11\/icr6731-618x412.jpg 618w, https:\/\/www.skimo.at\/rennen\/files\/2022\/11\/icr6731-554x369.jpg 554w, https:\/\/www.skimo.at\/rennen\/files\/2022\/11\/icr6731-299x199.jpg 299w, https:\/\/www.skimo.at\/rennen\/files\/2022\/11\/icr6731-140x93.jpg 140w, https:\/\/www.skimo.at\/rennen\/files\/2022\/11\/icr6731-540x360.jpg 540w\" sizes=\"(max-width: 800px) 100vw, 800px\" \/><\/a><\/figure><\/li><\/ul><figcaption class=\"blocks-gallery-caption\">rechts: Alex Brunod (Pr\u00e4sident der Stiftung), links: Lukas N\u00e4gele (Dynafit)<\/figcaption><\/figure>\n\n\n\n<p>Aus Breuil-Cervinia wollte auch Herv\u00e9 Barmasse, Testimonial von Enervit, der zu einer Winterexpedition in den Himalaya aufbricht, eine Botschaft senden. Zusammen mit Paolo Calabresi, dem italienischen Meister im Skibergsteigen und Gewinner von drei Ausgaben des Mezzalama, ergriff Michele Boscacci das Mikrofon.&nbsp;<\/p>\n\n\n\n<p>Bevor wir zum technischen Teil \u00fcbergingen, gab es eine Begr\u00fc\u00dfung von Alberto Sorbini, dem Pr\u00e4sidenten von Enervit mit folgenden Worten:<\/p>\n\n\n\n<blockquote class=\"wp-block-quote\"><p>Wir sind begeistert, wieder einmal dabei zu sein und diese Veranstaltung zu unterst\u00fctzen, die so repr\u00e4sentativ und einzigartig im Ausdauersport auf Schnee ist. Ein echter &#8222;Gletschermarathon&#8220; in einer herrlichen und gleichzeitig sehr anspruchsvollen Umgebung. Die Verbindung zwischen Enervit und der Bergwelt hat tiefe Wurzeln, die vom alpinen Skisport bis zum Bergsteigen reichen. Angefangen bei Reinhold Messners Heldentaten bei der Besteigung der vierzehn Achttausender ohne Sauerstoff bis hin zu Herv\u00e9 Barmasse, einem gro\u00dfen Bergsteiger und Popularisierer. Im Skibergsteigen sind wir seit vielen Saisonen an der Seite von Spitzensportlern wie Michele Boscacci und Alba De Silvestro unterwegs. Es ist immer wieder aufregend, sie hier antreten zu sehen, wo eine gute Vorbereitung, Ausdauer und Aufmerksamkeit f\u00fcr viele Aspekte, einschlie\u00dflich der Ern\u00e4hrung f\u00fcr diesen Sport, erforderlich sind. Wir teilen gleicherma\u00dfen den Geist und die Werte, die die Mezzalama Trophy vermittelt, hoffen, dass sie immer mehr Menschen einen so wunderbaren Sport wie das Skitourengehen n\u00e4her bringt&#8220;.<\/p><cite>Alberto Sorbini, Pr\u00e4sident von Enervit<\/cite><\/blockquote>\n\n\n\n<figure class=\"wp-block-image size-full is-resized\"><a href=\"https:\/\/www.skimo.at\/rennen\/files\/2022\/11\/icr6739.jpg\"><img src=\"https:\/\/www.skimo.at\/rennen\/files\/2022\/11\/icr6739-edited-1.jpg\" alt=\"\" class=\"wp-image-294778\" width=\"1025\" srcset=\"https:\/\/www.skimo.at\/rennen\/files\/2022\/11\/icr6739-edited-1.jpg 800w, https:\/\/www.skimo.at\/rennen\/files\/2022\/11\/icr6739-edited-1-300x169.jpg 300w, https:\/\/www.skimo.at\/rennen\/files\/2022\/11\/icr6739-edited-1-768x432.jpg 768w, https:\/\/www.skimo.at\/rennen\/files\/2022\/11\/icr6739-edited-1-554x312.jpg 554w, https:\/\/www.skimo.at\/rennen\/files\/2022\/11\/icr6739-edited-1-165x93.jpg 165w\" sizes=\"(max-width: 800px) 100vw, 800px\" \/><\/a><figcaption>Alberto Sorbini, Pr\u00e4sident von Enervit<\/figcaption><\/figure>\n\n\n\n<p>Der Pr\u00e4sident der prestigetr\u00e4chtigen Rennstrecke, Marco Camandona, sprach f\u00fcr den La Grande Course.&nbsp;<\/p>\n\n\n\n<p>Den Abschluss der Pr\u00e4sentation bildeten die Reden des Mezzalama-Bergf\u00fchrers und technischen Leiters, Adriano Favre, sowie die Bergf\u00fchrer Emrik Favre und Fran\u00e7ois Cazzanelli, die Favre in den Monaten vor dem Start der 23.&nbsp;Mezzalama Jeunes unterst\u00fctzten.<\/p>\n\n\n\n<div class=\"wp-block-group\"><div class=\"wp-block-group__inner-container\">\n<blockquote class=\"wp-block-quote\"><p>&#8222;Am 22. April werden wir mit einem neuen Zustand des Gletschers rechnen m\u00fcssen, denn nach dem sehr regenarmen letzten Winter und dem hei\u00dfen Sommer ist der Gletscher sehr schneearm und hat viele blanke Eisfl\u00e4chen. Wir hoffen, dass der Schneefall in den kommenden Monaten die Situation etwas verbessern wird, denn es wird auf keinen Fall die Route ge\u00e4ndert.<\/p><p>Wie bereits f\u00fcr 2019 geplant, werden die Athleten anstatt nach der \u00dcberquerung des Naso, die Abfahrt in Richtung Gressoney beginnen und von einer H\u00f6he von 3900 Metern auf Skiern in Richtung Colle del Lys zum Discovery Rock (4177 m) aufsteigen. Diese Route folgt der Mezzalama von 1978 und erinnert an die Heldentaten der sieben Bergsteiger aus Gressoney, die 1778 diese kleine Felseninsel erreichten, die aus den Gletschern zwischen dem Aostatal und dem Wallis auftaucht.<\/p><p>Wir haben keine gro\u00dfen \u00c4nderungen am Reglement vorgenommen und auf Anraten von Emrik Favre und Fran\u00e7ois Cazzanelli haben wir beschlossen, eine Eisschraube in die Pflichtausr\u00fcstung mit aufzunehmen. Das ist ein grundlegendes Hilfsmittel, um sich im Falle einer Gefahr auf dem Eis zu sichern&#8220;.<\/p><cite>Adriano Favre, technischer Leiter<\/cite><\/blockquote>\n<\/div><\/div>\n\n\n\n<p>Die Neuheit der n\u00e4chsten Ausgabe wurde von den Bergf\u00fchrern Emrik Favre und Fran\u00e7ois Cazzanelli vorgestellt. <\/p>\n\n\n\n<blockquote class=\"wp-block-quote\"><p>&#8222;Am 22. April, wird die Jugend-Mezzalama zeitgleich mit der Mezzalama Trophy stattfinden. Die jungen Athleten sind die Zukunft des Skibergsteigens, und deshalb wollen wir, dass der Tag des Rennens f\u00fcr sie und alle anderen Mezzalama-Athleten ein Moment der Freude und des Feierns wird, der von der W\u00e4rme des Publikums im Ziel empfangen wird&#8220;.<\/p><cite>Fran\u00e7ois Cazzanelli<\/cite><\/blockquote>\n\n\n\n<p>Eine Initiative die den Skiclub betrifft, sprach hingegen Emirk Favre mit folgenden Worten an:<\/p>\n\n\n\n<blockquote class=\"wp-block-quote\"><p>&#8222;Wir wissen, wie viel Aufwand hinter der Organisation eines Jugendteams steckt, deshalb haben wir uns \u00fcberlegt, dem Skiclub, der die meisten Athleten klassifiziert, einen Geldpreis zu verleihen.<\/p><cite>Emirk Favre<\/cite><\/blockquote>\n\n\n\n<p><strong>Die Anmeldung wird am 4. Februar 2023 unter <a href=\"http:\/\/www.trofeomezzalama.it\">www.trofeomezzalama.it <\/a> ge\u00f6ffnet.<\/strong><\/p>\n\n\n\n<p><\/p>\n\n\n\n<blockquote class=\"wp-block-quote\"><p><\/p><cite>Text und Bilder: Fondazione Trofeo Mezzalama<\/cite><\/blockquote>\n","protected":false},"excerpt":{"rendered":"<p>&#8222;Bei der n\u00e4chsten Ausgabe werden wir uns mit herausfordernden Gletscherbedingungen auseinandersetzen m\u00fcssen und zum ersten Mal wird das Mezzalama Jugendrennen zeitgleich mit dem klassischen Marathon Rennen durchgef\u00fchrt.&#8220; Adriano Favre, technischer Leiter Heute Morgen hat die Stiftung Mezzalama Trophy auf Einladung von Retex im modernen RoofTop S32 auf der Copernico Isola in Mailand die 23. Ausgabe [&hellip;]<\/p>\n","protected":false},"author":44,"featured_media":294782,"comment_status":"closed","ping_status":"closed","sticky":false,"template":"","format":"standard","meta":[],"categories":[1,3],"tags":[221,45,123,29,642,60],"yoast_head":"<!-- This site is optimized with the Yoast SEO plugin v16.3 - https:\/\/yoast.com\/wordpress\/plugins\/seo\/ -->\n<title>Die 23. Ausgabe der Mezzalama Trophy wurde bereits in Mailand pr\u00e4sentiert - Rennen<\/title>\n<meta name=\"robots\" content=\"index, follow, max-snippet:-1, max-image-preview:large, max-video-preview:-1\" \/>\n<link rel=\"canonical\" href=\"https:\/\/www.skimo.at\/rennen\/294765\/die-23-ausgabe-der-mezzalama-trophy-wurde-bereits-in-mailand-praesentiert\/\" \/>\n<meta property=\"og:locale\" content=\"de_DE\" \/>\n<meta property=\"og:type\" content=\"article\" \/>\n<meta property=\"og:title\" content=\"Die 23. Ausgabe der Mezzalama Trophy wurde bereits in Mailand pr\u00e4sentiert - Rennen\" \/>\n<meta property=\"og:description\" content=\"&#8222;Bei der n\u00e4chsten Ausgabe werden wir uns mit herausfordernden Gletscherbedingungen auseinandersetzen m\u00fcssen und zum ersten Mal wird das Mezzalama Jugendrennen zeitgleich mit dem klassischen Marathon Rennen durchgef\u00fchrt.&#8220; Adriano Favre, technischer Leiter Heute Morgen hat die Stiftung Mezzalama Trophy auf Einladung von Retex im modernen RoofTop S32 auf der Copernico Isola in Mailand die 23. Ausgabe [&hellip;]\" \/>\n<meta property=\"og:url\" content=\"https:\/\/www.skimo.at\/rennen\/294765\/die-23-ausgabe-der-mezzalama-trophy-wurde-bereits-in-mailand-praesentiert\/\" \/>\n<meta property=\"og:site_name\" content=\"Rennen\" \/>\n<meta property=\"article:published_time\" content=\"2022-11-29T12:57:42+00:00\" \/>\n<meta property=\"article:modified_time\" content=\"2022-11-30T14:16:14+00:00\" \/>\n<meta property=\"og:image\" content=\"https:\/\/www.skimo.at\/rennen\/files\/2022\/11\/icr6696-1.jpg\" \/>\n\t<meta property=\"og:image:width\" content=\"800\" \/>\n\t<meta property=\"og:image:height\" content=\"533\" \/>\n<meta name=\"twitter:card\" content=\"summary\" \/>\n<meta name=\"twitter:label1\" content=\"Gesch\u00e4tzte Lesezeit\">\n\t<meta name=\"twitter:data1\" content=\"5\u00a0Minuten\">\n<script type=\"application\/ld+json\" class=\"yoast-schema-graph\">{\"@context\":\"https:\/\/schema.org\",\"@graph\":[{\"@type\":\"WebSite\",\"@id\":\"https:\/\/skimo.73.jarolim.eu\/rennen\/#website\",\"url\":\"https:\/\/skimo.73.jarolim.eu\/rennen\/\",\"name\":\"Rennen\",\"description\":\"\",\"potentialAction\":[{\"@type\":\"SearchAction\",\"target\":\"https:\/\/skimo.73.jarolim.eu\/rennen\/?s={search_term_string}\",\"query-input\":\"required name=search_term_string\"}],\"inLanguage\":\"de\"},{\"@type\":\"ImageObject\",\"@id\":\"https:\/\/www.skimo.at\/rennen\/294765\/die-23-ausgabe-der-mezzalama-trophy-wurde-bereits-in-mailand-praesentiert\/#primaryimage\",\"inLanguage\":\"de\",\"url\":\"https:\/\/www.skimo.at\/rennen\/files\/2022\/11\/icr6696-1.jpg\",\"contentUrl\":\"https:\/\/www.skimo.at\/rennen\/files\/2022\/11\/icr6696-1.jpg\",\"width\":800,\"height\":533},{\"@type\":\"WebPage\",\"@id\":\"https:\/\/www.skimo.at\/rennen\/294765\/die-23-ausgabe-der-mezzalama-trophy-wurde-bereits-in-mailand-praesentiert\/#webpage\",\"url\":\"https:\/\/www.skimo.at\/rennen\/294765\/die-23-ausgabe-der-mezzalama-trophy-wurde-bereits-in-mailand-praesentiert\/\",\"name\":\"Die 23. Ausgabe der Mezzalama Trophy wurde bereits in Mailand pr\\u00e4sentiert - Rennen\",\"isPartOf\":{\"@id\":\"https:\/\/skimo.73.jarolim.eu\/rennen\/#website\"},\"primaryImageOfPage\":{\"@id\":\"https:\/\/www.skimo.at\/rennen\/294765\/die-23-ausgabe-der-mezzalama-trophy-wurde-bereits-in-mailand-praesentiert\/#primaryimage\"},\"datePublished\":\"2022-11-29T12:57:42+00:00\",\"dateModified\":\"2022-11-30T14:16:14+00:00\",\"author\":{\"@id\":\"https:\/\/skimo.73.jarolim.eu\/rennen\/#\/schema\/person\/8dea3ee50981a85f53fdae4e9609a0e7\"},\"breadcrumb\":{\"@id\":\"https:\/\/www.skimo.at\/rennen\/294765\/die-23-ausgabe-der-mezzalama-trophy-wurde-bereits-in-mailand-praesentiert\/#breadcrumb\"},\"inLanguage\":\"de\",\"potentialAction\":[{\"@type\":\"ReadAction\",\"target\":[\"https:\/\/www.skimo.at\/rennen\/294765\/die-23-ausgabe-der-mezzalama-trophy-wurde-bereits-in-mailand-praesentiert\/\"]}]},{\"@type\":\"BreadcrumbList\",\"@id\":\"https:\/\/www.skimo.at\/rennen\/294765\/die-23-ausgabe-der-mezzalama-trophy-wurde-bereits-in-mailand-praesentiert\/#breadcrumb\",\"itemListElement\":[{\"@type\":\"ListItem\",\"position\":1,\"item\":{\"@type\":\"WebPage\",\"@id\":\"https:\/\/skimo.73.jarolim.eu\/rennen\/\",\"url\":\"https:\/\/skimo.73.jarolim.eu\/rennen\/\",\"name\":\"Home\"}},{\"@type\":\"ListItem\",\"position\":2,\"item\":{\"@id\":\"https:\/\/www.skimo.at\/rennen\/294765\/die-23-ausgabe-der-mezzalama-trophy-wurde-bereits-in-mailand-praesentiert\/#webpage\"}}]},{\"@type\":\"Person\",\"@id\":\"https:\/\/skimo.73.jarolim.eu\/rennen\/#\/schema\/person\/8dea3ee50981a85f53fdae4e9609a0e7\",\"name\":\"srippl\",\"image\":{\"@type\":\"ImageObject\",\"@id\":\"https:\/\/skimo.73.jarolim.eu\/rennen\/#personlogo\",\"inLanguage\":\"de\",\"url\":\"https:\/\/secure.gravatar.com\/avatar\/a2f1e3f114718c018438f460839c6c56?s=96&r=g\",\"contentUrl\":\"https:\/\/secure.gravatar.com\/avatar\/a2f1e3f114718c018438f460839c6c56?s=96&r=g\",\"caption\":\"srippl\"},\"url\":\"https:\/\/www.skimo.at\/rennen\/author\/srippl\/\"}]}<\/script>\n<!-- \/ Yoast SEO plugin. -->","_links":{"self":[{"href":"https:\/\/www.skimo.at\/rennen\/wp-json\/wp\/v2\/posts\/294765"}],"collection":[{"href":"https:\/\/www.skimo.at\/rennen\/wp-json\/wp\/v2\/posts"}],"about":[{"href":"https:\/\/www.skimo.at\/rennen\/wp-json\/wp\/v2\/types\/post"}],"author":[{"embeddable":true,"href":"https:\/\/www.skimo.at\/rennen\/wp-json\/wp\/v2\/users\/44"}],"replies":[{"embeddable":true,"href":"https:\/\/www.skimo.at\/rennen\/wp-json\/wp\/v2\/comments?post=294765"}],"version-history":[{"count":7,"href":"https:\/\/www.skimo.at\/rennen\/wp-json\/wp\/v2\/posts\/294765\/revisions"}],"predecessor-version":[{"id":294818,"href":"https:\/\/www.skimo.at\/rennen\/wp-json\/wp\/v2\/posts\/294765\/revisions\/294818"}],"wp:featuredmedia":[{"embeddable":true,"href":"https:\/\/www.skimo.at\/rennen\/wp-json\/wp\/v2\/media\/294782"}],"wp:attachment":[{"href":"https:\/\/www.skimo.at\/rennen\/wp-json\/wp\/v2\/media?parent=294765"}],"wp:term":[{"taxonomy":"category","embeddable":true,"href":"https:\/\/www.skimo.at\/rennen\/wp-json\/wp\/v2\/categories?post=294765"},{"taxonomy":"post_tag","embeddable":true,"href":"https:\/\/www.skimo.at\/rennen\/wp-json\/wp\/v2\/tags?post=294765"}],"curies":[{"name":"wp","href":"https:\/\/api.w.org\/{rel}","templated":true}]}}