{"id":294623,"date":"2022-11-02T10:44:20","date_gmt":"2022-11-02T08:44:20","guid":{"rendered":"https:\/\/www.skimo.at\/rennen\/?p=294623"},"modified":"2022-11-02T11:21:36","modified_gmt":"2022-11-02T09:21:36","slug":"jakob-herrmann-verlaesst-die-weltcup-buehne","status":"publish","type":"post","link":"https:\/\/www.skimo.at\/rennen\/294623\/jakob-herrmann-verlaesst-die-weltcup-buehne\/","title":{"rendered":"Jakob Herrmann verl\u00e4sst die Weltcup-B\u00fchne"},"content":{"rendered":"\n<p>Der Salzburger Skibergsteiger Jakob Herrmann gab am heutigen Mittwoch offiziell seinen R\u00fccktritt aus dem \u00d6SV-Nationalteam bekannt. Der 35-j\u00e4hrige wird weiterhin bei Grand Course Rennen an den Start gehen, will sich aber prim\u00e4r auf sein Studium konzentrieren.&nbsp;<\/p>\n\n\n\n<p>Rund drei Wochen vor dem Saisonstart der Skibergsteiger, gab der Salzburger Jakob Herrmann am heutigen Mittwoch offiziell seinen R\u00fccktritt aus dem \u00d6SV-Nationalteam bekannt. Bereits am Freitag hatte Herrmann die sportliche Leitung sowie seine Teamkolleg\/innen \u00fcber den bevorstehenden Abschied von der Weltcup-B\u00fchne informiert. \u00a0\u00a0<\/p>\n\n\n\n<figure class=\"wp-block-image size-large\"><a href=\"https:\/\/www.skimo.at\/rennen\/files\/2022\/11\/jakob-herrmann-bild-osv-weigl.jpg\"><img loading=\"lazy\" width=\"1024\" height=\"683\" src=\"https:\/\/www.skimo.at\/rennen\/files\/2022\/11\/jakob-herrmann-bild-osv-weigl-1024x683.jpg\" alt=\"\" class=\"wp-image-294624\" srcset=\"https:\/\/www.skimo.at\/rennen\/files\/2022\/11\/jakob-herrmann-bild-osv-weigl-1024x683.jpg 1024w, https:\/\/www.skimo.at\/rennen\/files\/2022\/11\/jakob-herrmann-bild-osv-weigl-300x200.jpg 300w, https:\/\/www.skimo.at\/rennen\/files\/2022\/11\/jakob-herrmann-bild-osv-weigl-768x512.jpg 768w, https:\/\/www.skimo.at\/rennen\/files\/2022\/11\/jakob-herrmann-bild-osv-weigl-746x497.jpg 746w, https:\/\/www.skimo.at\/rennen\/files\/2022\/11\/jakob-herrmann-bild-osv-weigl-618x412.jpg 618w, https:\/\/www.skimo.at\/rennen\/files\/2022\/11\/jakob-herrmann-bild-osv-weigl-554x369.jpg 554w, https:\/\/www.skimo.at\/rennen\/files\/2022\/11\/jakob-herrmann-bild-osv-weigl-299x199.jpg 299w, https:\/\/www.skimo.at\/rennen\/files\/2022\/11\/jakob-herrmann-bild-osv-weigl-1224x816.jpg 1224w, https:\/\/www.skimo.at\/rennen\/files\/2022\/11\/jakob-herrmann-bild-osv-weigl-970x647.jpg 970w, https:\/\/www.skimo.at\/rennen\/files\/2022\/11\/jakob-herrmann-bild-osv-weigl-140x93.jpg 140w, https:\/\/www.skimo.at\/rennen\/files\/2022\/11\/jakob-herrmann-bild-osv-weigl-540x360.jpg 540w, https:\/\/www.skimo.at\/rennen\/files\/2022\/11\/jakob-herrmann-bild-osv-weigl.jpg 1476w\" sizes=\"(max-width: 1024px) 100vw, 1024px\" \/><\/a><\/figure>\n\n\n\n<p>Der 35-j\u00e4hrige blickt auf eine lange Karriere zur\u00fcck. Im Alter von 19 Jahren trat der begeisterte Trailrunner erstmals bei einem nationalen Skibergsteigerrennen an. 2010 folgte das Deb\u00fct im Nationalteam bei den Weltmeisterschaften in Andorra. Seine besten Resultate erzielte der Individualspezialist in den vergangenen 5 Jahren. So holte er 2017 den zweiten Platz beim Weltcup in Mondole sowie den dritten Platz in Val d\u00b4Aran. 2018 lag er gemeinsam mit Kilian Jornet (ESP) bei der legend\u00e4ren Pierra Menta auf Siegkurs, ehe sich der Spanier auf der Schlussetappe den Fu\u00df brach und das Duo den Wettkampf abbrechen musste. 2020 folgte der Sieg bei der Mountain Attack samt neuem, bisher ungebrochenem Streckenrekord. In der vergangenen Saison holte Herrmann gemeinsam mit seinem Nationalteam-Kollegen Paul Verbnjak noch den dritten Platz bei der Schlussetappe der Langdistanz Weltmeisterschaft in Planaval (ITA). Den kr\u00f6nenden Schlusspunkt setzte er gemeinsam mit Armin H\u00f6fl und Daniel<\/p>\n\n\n\n<p>&nbsp; Zugg mit einem Sieg beim l\u00e4ngsten und wohl auch h\u00e4rtesten Grand Course Rennen der Welt, der Patrouille de Glacier in der Schweiz.&nbsp;<\/p>\n\n\n\n<h2>\u00d6SV-Skibergsteiger der ersten Minute\u00a0\u00a0\u00a0\u00a0<\/h2>\n\n\n\n<p>Jakob Herrmann z\u00e4hlt zu den \u00d6SV-Skibergsteigern der ersten Minute. 2015 wurde die Sparte in den \u00d6SV integriert. Der Salzburger hat die Entwicklung des Sportes miterlebt und mitgepr\u00e4gt, wie kaum ein anderer. So sieht der 35-j\u00e4hrige viel Positives im Sinne der Professionalisierung des Sportes und nat\u00fcrlich auch die Chancen, die sich aufgrund der Olympianominierung ergeben. Andererseits mahnte der Naturliebhaber auch stets, sich nicht zu weit von den Wurzeln des Sports zu entfernen. Dem Trend zu Stadionformaten und Pistenrennen konnte der Werfenwenger nie viel abgewinnen. Entsprechend entt\u00e4uscht war der Langstreckenspezialist auch \u00fcber die Entscheidung des IOC, die K\u00f6nigsdisziplin, das Individual sowie das Vertical nicht in die Olympischen Spiele 2026 zu integrieren und stattdessen Sprint und Mixed Team Bewerben den Vorzug zu geben. Training und Wettkampf in der freien Natur waren stets seine Steckenpferde und so verwundert es auch kaum, dass er seinen jungen Kolleg\/inn<\/p>\n\n\n\n<p>&nbsp;en den Rat mit auf den Weg gibt, jede freie Minute ebenda zu nutzen.<\/p>\n\n\n\n<h2>Sportleidenschaft bleibt<\/h2>\n\n\n\n<p>Auch wenn sich Jakob Herrmann zun\u00e4chst auf Studium und Beruf konzentrieren m\u00f6chte, so bleibt seine Leidenschaft f\u00fcr den Leistungssport ungebrochen. Sowohl bei Grand Course Rennen, als auch bei der Mountain Attack wird er wieder am Start stehen und im Sommer wird man den begeisterten Trailrunner ebenfalls im Wettkampfmodus erleben. Vor allem aber will der Salzburger seine jahrelange Erfahrung im Sport mit seiner zweiten gro\u00dfen Leidenschaft, dem Kochen und Backen, unter einen Hut bringen. Am meisten genie\u00dfen wird Jakob Herrmann vermutlich aber die gemeinsame Zeit mit seiner Frau Andrea.&nbsp;&nbsp;&nbsp;&nbsp;&nbsp;&nbsp;&nbsp;&nbsp;&nbsp;<\/p>\n\n\n\n<h2>Stimmen\u00a0\u00a0\u00a0\u00a0\u00a0\u00a0<\/h2>\n\n\n\n<p>Jakob Herrmann&nbsp;&nbsp;&nbsp;&nbsp;&nbsp;&nbsp;&nbsp;&nbsp;&nbsp;&nbsp;&nbsp;<\/p>\n\n\n\n<blockquote class=\"wp-block-quote\"><p>\u201eEs war eine tolle Reise und ich darf auf viele gro\u00dfartige und emotionale Momente mit dem Team zur\u00fcckblicken. Es gibt sicherlich Vieles, das ich vermissen werden, aber ich habe in den vergangenen Wochen gesp\u00fcrt, dass es Zeit f\u00fcr einen neuen Lebensabschnitt ist. Ich habe sportlich sowie beruflich noch viele Ziele und Ideen. Jetzt freue ich mich aber erst einmal darauf jeden Tag gl\u00fccklich und zufrieden mit meiner Frau genie\u00dfen zu d\u00fcrfen.\u201c\u00a0\u00a0<\/p><\/blockquote>\n\n\n\n<p>Daniel Zugg \u2013 Athletensprecher Skibergsteigen im \u00d6SV&nbsp;<\/p>\n\n\n\n<blockquote class=\"wp-block-quote\"><p>\u201eF\u00fcr uns im Team war die Entscheidung von Jakob, aus dem Weltcupgeschehen auszusteigen, gewisserma\u00dfen ein Schock. Jakob war ein wichtiger Bestandteil unseres Teams und durch seine Erfahrung auch eine wichtige Vertrauensperson. Wir werden ihn im Team, seine Kochk\u00fcnste und seine Unterst\u00fctzung in allen Bereichen sehr vermissen.\u201c \u00a0\u00a0\u00a0\u00a0<\/p><\/blockquote>\n\n\n\n<p>Georg W\u00f6rter \u2013 Sportlicher Leiter Skibergsteigen im \u00d6SV&nbsp;&nbsp;&nbsp;&nbsp;&nbsp;&nbsp;&nbsp;&nbsp;&nbsp;&nbsp;<\/p>\n\n\n\n<blockquote class=\"wp-block-quote\"><p>\u201eJakob war \u00fcber die vielen Jahre hinweg ein Leader im Team, der durch seine Leidenschaft zum Sport, seine Offenheit und seine Erfahrung begeistert hat. Er hat das Team mitgepr\u00e4gt und durch seine sportlichen Erfolge wichtige Impulse f\u00fcr die Weiterentwicklung eingebracht. Beeindruckend war auch, wie er den J\u00fcngeren im Team immer wieder wichtige Tipps aus seinem reichen Erfahrungsschatz weitergegeben hat.\u201c\u00a0\u00a0\u00a0\u00a0\u00a0\u00a0\u00a0\u00a0\u00a0\u00a0\u00a0<\/p><\/blockquote>\n\n\n\n<p>Text und Bilder: Martin Weigl, \u00d6SV<\/p>\n","protected":false},"excerpt":{"rendered":"<p>Der Salzburger Skibergsteiger Jakob Herrmann gab am heutigen Mittwoch offiziell seinen R\u00fccktritt aus dem \u00d6SV-Nationalteam bekannt. Der 35-j\u00e4hrige wird weiterhin bei Grand Course Rennen an den Start gehen, will sich aber prim\u00e4r auf sein Studium konzentrieren.&nbsp; Rund drei Wochen vor dem Saisonstart der Skibergsteiger, gab der Salzburger Jakob Herrmann am heutigen Mittwoch offiziell seinen R\u00fccktritt [&hellip;]<\/p>\n","protected":false},"author":3,"featured_media":294624,"comment_status":"closed","ping_status":"closed","sticky":false,"template":"","format":"standard","meta":[],"categories":[1,3],"tags":[],"yoast_head":"<!-- This site is optimized with the Yoast SEO plugin v16.3 - https:\/\/yoast.com\/wordpress\/plugins\/seo\/ -->\n<title>Jakob Herrmann verl\u00e4sst die Weltcup-B\u00fchne - Rennen<\/title>\n<meta name=\"robots\" content=\"index, follow, max-snippet:-1, max-image-preview:large, max-video-preview:-1\" \/>\n<link rel=\"canonical\" href=\"https:\/\/www.skimo.at\/rennen\/294623\/jakob-herrmann-verlaesst-die-weltcup-buehne\/\" \/>\n<meta property=\"og:locale\" content=\"de_DE\" \/>\n<meta property=\"og:type\" content=\"article\" \/>\n<meta property=\"og:title\" content=\"Jakob Herrmann verl\u00e4sst die Weltcup-B\u00fchne - Rennen\" \/>\n<meta property=\"og:description\" content=\"Der Salzburger Skibergsteiger Jakob Herrmann gab am heutigen Mittwoch offiziell seinen R\u00fccktritt aus dem \u00d6SV-Nationalteam bekannt. Der 35-j\u00e4hrige wird weiterhin bei Grand Course Rennen an den Start gehen, will sich aber prim\u00e4r auf sein Studium konzentrieren.&nbsp; Rund drei Wochen vor dem Saisonstart der Skibergsteiger, gab der Salzburger Jakob Herrmann am heutigen Mittwoch offiziell seinen R\u00fccktritt [&hellip;]\" \/>\n<meta property=\"og:url\" content=\"https:\/\/www.skimo.at\/rennen\/294623\/jakob-herrmann-verlaesst-die-weltcup-buehne\/\" \/>\n<meta property=\"og:site_name\" content=\"Rennen\" \/>\n<meta property=\"article:published_time\" content=\"2022-11-02T08:44:20+00:00\" \/>\n<meta property=\"article:modified_time\" content=\"2022-11-02T09:21:36+00:00\" \/>\n<meta property=\"og:image\" content=\"https:\/\/www.skimo.at\/rennen\/files\/2022\/11\/jakob-herrmann-bild-osv-weigl.jpg\" \/>\n\t<meta property=\"og:image:width\" content=\"1476\" \/>\n\t<meta property=\"og:image:height\" content=\"984\" \/>\n<meta name=\"twitter:card\" content=\"summary\" \/>\n<meta name=\"twitter:label1\" content=\"Gesch\u00e4tzte Lesezeit\">\n\t<meta name=\"twitter:data1\" content=\"4\u00a0Minuten\">\n<script type=\"application\/ld+json\" class=\"yoast-schema-graph\">{\"@context\":\"https:\/\/schema.org\",\"@graph\":[{\"@type\":\"WebSite\",\"@id\":\"https:\/\/skimo.73.jarolim.eu\/rennen\/#website\",\"url\":\"https:\/\/skimo.73.jarolim.eu\/rennen\/\",\"name\":\"Rennen\",\"description\":\"\",\"potentialAction\":[{\"@type\":\"SearchAction\",\"target\":\"https:\/\/skimo.73.jarolim.eu\/rennen\/?s={search_term_string}\",\"query-input\":\"required name=search_term_string\"}],\"inLanguage\":\"de\"},{\"@type\":\"ImageObject\",\"@id\":\"https:\/\/www.skimo.at\/rennen\/294623\/jakob-herrmann-verlaesst-die-weltcup-buehne\/#primaryimage\",\"inLanguage\":\"de\",\"url\":\"https:\/\/www.skimo.at\/rennen\/files\/2022\/11\/jakob-herrmann-bild-osv-weigl.jpg\",\"contentUrl\":\"https:\/\/www.skimo.at\/rennen\/files\/2022\/11\/jakob-herrmann-bild-osv-weigl.jpg\",\"width\":1476,\"height\":984},{\"@type\":\"WebPage\",\"@id\":\"https:\/\/www.skimo.at\/rennen\/294623\/jakob-herrmann-verlaesst-die-weltcup-buehne\/#webpage\",\"url\":\"https:\/\/www.skimo.at\/rennen\/294623\/jakob-herrmann-verlaesst-die-weltcup-buehne\/\",\"name\":\"Jakob Herrmann verl\\u00e4sst die Weltcup-B\\u00fchne - Rennen\",\"isPartOf\":{\"@id\":\"https:\/\/skimo.73.jarolim.eu\/rennen\/#website\"},\"primaryImageOfPage\":{\"@id\":\"https:\/\/www.skimo.at\/rennen\/294623\/jakob-herrmann-verlaesst-die-weltcup-buehne\/#primaryimage\"},\"datePublished\":\"2022-11-02T08:44:20+00:00\",\"dateModified\":\"2022-11-02T09:21:36+00:00\",\"author\":{\"@id\":\"https:\/\/skimo.73.jarolim.eu\/rennen\/#\/schema\/person\/796ecbce6796efca58bf848ca63ec12c\"},\"breadcrumb\":{\"@id\":\"https:\/\/www.skimo.at\/rennen\/294623\/jakob-herrmann-verlaesst-die-weltcup-buehne\/#breadcrumb\"},\"inLanguage\":\"de\",\"potentialAction\":[{\"@type\":\"ReadAction\",\"target\":[\"https:\/\/www.skimo.at\/rennen\/294623\/jakob-herrmann-verlaesst-die-weltcup-buehne\/\"]}]},{\"@type\":\"BreadcrumbList\",\"@id\":\"https:\/\/www.skimo.at\/rennen\/294623\/jakob-herrmann-verlaesst-die-weltcup-buehne\/#breadcrumb\",\"itemListElement\":[{\"@type\":\"ListItem\",\"position\":1,\"item\":{\"@type\":\"WebPage\",\"@id\":\"https:\/\/skimo.73.jarolim.eu\/rennen\/\",\"url\":\"https:\/\/skimo.73.jarolim.eu\/rennen\/\",\"name\":\"Home\"}},{\"@type\":\"ListItem\",\"position\":2,\"item\":{\"@id\":\"https:\/\/www.skimo.at\/rennen\/294623\/jakob-herrmann-verlaesst-die-weltcup-buehne\/#webpage\"}}]},{\"@type\":\"Person\",\"@id\":\"https:\/\/skimo.73.jarolim.eu\/rennen\/#\/schema\/person\/796ecbce6796efca58bf848ca63ec12c\",\"name\":\"kposch\",\"image\":{\"@type\":\"ImageObject\",\"@id\":\"https:\/\/skimo.73.jarolim.eu\/rennen\/#personlogo\",\"inLanguage\":\"de\",\"url\":\"https:\/\/secure.gravatar.com\/avatar\/e9f5f28da60e5e563d3f4d3cc0b9b425?s=96&r=g\",\"contentUrl\":\"https:\/\/secure.gravatar.com\/avatar\/e9f5f28da60e5e563d3f4d3cc0b9b425?s=96&r=g\",\"caption\":\"kposch\"},\"url\":\"https:\/\/www.skimo.at\/rennen\/author\/kposch\/\"}]}<\/script>\n<!-- \/ Yoast SEO plugin. -->","_links":{"self":[{"href":"https:\/\/www.skimo.at\/rennen\/wp-json\/wp\/v2\/posts\/294623"}],"collection":[{"href":"https:\/\/www.skimo.at\/rennen\/wp-json\/wp\/v2\/posts"}],"about":[{"href":"https:\/\/www.skimo.at\/rennen\/wp-json\/wp\/v2\/types\/post"}],"author":[{"embeddable":true,"href":"https:\/\/www.skimo.at\/rennen\/wp-json\/wp\/v2\/users\/3"}],"replies":[{"embeddable":true,"href":"https:\/\/www.skimo.at\/rennen\/wp-json\/wp\/v2\/comments?post=294623"}],"version-history":[{"count":2,"href":"https:\/\/www.skimo.at\/rennen\/wp-json\/wp\/v2\/posts\/294623\/revisions"}],"predecessor-version":[{"id":294626,"href":"https:\/\/www.skimo.at\/rennen\/wp-json\/wp\/v2\/posts\/294623\/revisions\/294626"}],"wp:featuredmedia":[{"embeddable":true,"href":"https:\/\/www.skimo.at\/rennen\/wp-json\/wp\/v2\/media\/294624"}],"wp:attachment":[{"href":"https:\/\/www.skimo.at\/rennen\/wp-json\/wp\/v2\/media?parent=294623"}],"wp:term":[{"taxonomy":"category","embeddable":true,"href":"https:\/\/www.skimo.at\/rennen\/wp-json\/wp\/v2\/categories?post=294623"},{"taxonomy":"post_tag","embeddable":true,"href":"https:\/\/www.skimo.at\/rennen\/wp-json\/wp\/v2\/tags?post=294623"}],"curies":[{"name":"wp","href":"https:\/\/api.w.org\/{rel}","templated":true}]}}