{"id":294156,"date":"2022-03-30T19:56:20","date_gmt":"2022-03-30T17:56:20","guid":{"rendered":"https:\/\/www.skimo.at\/rennen\/?p=294156"},"modified":"2022-03-30T19:57:51","modified_gmt":"2022-03-30T17:57:51","slug":"der-lgc-startet-mit-der-tour-du-rutor-am-31-3-2022","status":"publish","type":"post","link":"https:\/\/www.skimo.at\/rennen\/294156\/der-lgc-startet-mit-der-tour-du-rutor-am-31-3-2022\/","title":{"rendered":"Der LGC startet mit der Tour du Rutor am 31.3.2022"},"content":{"rendered":"\n<p>Die Tour du Rutor im italienischen Aosta-Tal ist ein dreit\u00e4giger alpiner Team-Klassiker, der zum La Grande Course LGC geh\u00f6rt. Heuer wird im Rahmen dieses Bewerbs auch die Long Distance Weltmeisterschaft der ISMF ausgetragen. Erster Wettkampftag ist Donnerstag, 31.3.2022.<\/p>\n\n\n\n<!--more-->\n\n\n\n<p>Im Aosta-Tal hat es praktisch seit Herbst nicht mehr geschneit, unglaublich viel Sonnenschein und wenig Schnee haben seit Monaten das Bild gepr\u00e4gt. Gerade jetzt zur Tour du Rutor \u00e4ndert sich das Bild: schlechtes Wetter zwingt die Organisatoren, zumindest die Strecke des Auftaktrennens am Donnerstag anzupassen. Oberhalb von La Thuile wird das Rennen in der N\u00e4he der Pisten stattfinden, was f\u00fcr die Zuschauer perfekte Zug\u00e4nglichkeit bringt.<br>Tag 2 und Tag 3 d\u00fcrften \u2013 aus heutiger Sicht \u2013 unver\u00e4ndert und wie geplant \u00fcber die B\u00fchne geben.<\/p>\n\n\n\n<p>Die Startliste f\u00fcr das prestigetr\u00e4chtige Rennen Tour du Rutor liest sich \u2013 auch wegen der Aufwertung durch die ISMF \u2013 wie das Who is Who des Sports. Der F\u00fchrende des Gesamtweltcups, der Italiener Michele Boscacci, musste wegen einer Grippe die Teilnahme absagen, sein geplanter Teampartner Matteo Eydallin startet nun mit dem nicht minder starken Davide Magnini im Team. Auch andere italienische Teams wie Robert Antoniolli\/Nadir Maguet und Alex Oberbacher\/Henri Aymonod werden sich mit den ausl\u00e4ndischen Spitzenteams matchen, darunter die Franzosen Xavier Gachet\/Wiliam Bon Mardion und die Schweizer Remi Bonnet\/Werner Marti. Mitten im Geschehen auch die \u00d6sterreichischen Teams Jakob Herrmann\/Paul Verbnjak sowie Christian Hoffmann\/Daniel Ganahl.<\/p>\n\n\n\n<p>Bei den Damen wird es wohl ein Duell werden zwischen den Franz\u00f6sinnen Axelle Gachet-Mollaret\/Emily Harop und den Italienerinnen Alba de Silvestro \/Giulia Murada.<\/p>\n\n\n\n<p>Wir dr\u00fccken den \u00d6sterreichern die Daumen und freuen uns auf packende Rennen!<\/p>\n\n\n\n<div class=\"wp-block-file\"><a href=\"https:\/\/www.skimo.at\/rennen\/files\/2022\/03\/Rutor2022_EntryListV2.pdf\">Hier die Startliste: Tour du Rutor 2022_EntryListV2<\/a><a href=\"https:\/\/www.skimo.at\/rennen\/files\/2022\/03\/Rutor2022_EntryListV2.pdf\" class=\"wp-block-file__button\" download>Herunterladen<\/a><\/div>\n\n\n\n<p><a href=\"https:\/\/tourdurutor.com\/en\/index\/\">Hier geht es zur Webseite der Tour du Rutor<\/a><\/p>\n\n\n\n<figure class=\"wp-block-gallery columns-3 is-cropped\"><ul class=\"blocks-gallery-grid\"><li class=\"blocks-gallery-item\"><figure><a href=\"https:\/\/www.skimo.at\/rennen\/?attachment_id=294160\"><img loading=\"lazy\" width=\"1024\" height=\"682\" src=\"https:\/\/www.skimo.at\/rennen\/files\/2022\/03\/dm-5168-1024x682.jpg\" alt=\"\" data-id=\"294160\" data-full-url=\"https:\/\/www.skimo.at\/rennen\/files\/2022\/03\/dm-5168.jpg\" data-link=\"https:\/\/www.skimo.at\/rennen\/?attachment_id=294160\" class=\"wp-image-294160\" srcset=\"https:\/\/www.skimo.at\/rennen\/files\/2022\/03\/dm-5168-1024x682.jpg 1024w, https:\/\/www.skimo.at\/rennen\/files\/2022\/03\/dm-5168-300x200.jpg 300w, https:\/\/www.skimo.at\/rennen\/files\/2022\/03\/dm-5168-768x512.jpg 768w, https:\/\/www.skimo.at\/rennen\/files\/2022\/03\/dm-5168-746x497.jpg 746w, https:\/\/www.skimo.at\/rennen\/files\/2022\/03\/dm-5168-618x412.jpg 618w, https:\/\/www.skimo.at\/rennen\/files\/2022\/03\/dm-5168-554x369.jpg 554w, https:\/\/www.skimo.at\/rennen\/files\/2022\/03\/dm-5168-299x199.jpg 299w, https:\/\/www.skimo.at\/rennen\/files\/2022\/03\/dm-5168-1224x816.jpg 1224w, https:\/\/www.skimo.at\/rennen\/files\/2022\/03\/dm-5168-970x646.jpg 970w, https:\/\/www.skimo.at\/rennen\/files\/2022\/03\/dm-5168-140x93.jpg 140w, https:\/\/www.skimo.at\/rennen\/files\/2022\/03\/dm-5168-540x360.jpg 540w, https:\/\/www.skimo.at\/rennen\/files\/2022\/03\/dm-5168.jpg 1799w\" sizes=\"(max-width: 1024px) 100vw, 1024px\" \/><\/a><\/figure><\/li><li class=\"blocks-gallery-item\"><figure><a href=\"https:\/\/www.skimo.at\/rennen\/?attachment_id=294161\"><img loading=\"lazy\" width=\"1024\" height=\"682\" src=\"https:\/\/www.skimo.at\/rennen\/files\/2022\/03\/dm-5370-copia-1024x682.jpg\" alt=\"\" data-id=\"294161\" data-full-url=\"https:\/\/www.skimo.at\/rennen\/files\/2022\/03\/dm-5370-copia.jpg\" data-link=\"https:\/\/www.skimo.at\/rennen\/?attachment_id=294161\" class=\"wp-image-294161\" srcset=\"https:\/\/www.skimo.at\/rennen\/files\/2022\/03\/dm-5370-copia-1024x682.jpg 1024w, https:\/\/www.skimo.at\/rennen\/files\/2022\/03\/dm-5370-copia-300x200.jpg 300w, https:\/\/www.skimo.at\/rennen\/files\/2022\/03\/dm-5370-copia-768x512.jpg 768w, https:\/\/www.skimo.at\/rennen\/files\/2022\/03\/dm-5370-copia-746x497.jpg 746w, https:\/\/www.skimo.at\/rennen\/files\/2022\/03\/dm-5370-copia-618x412.jpg 618w, https:\/\/www.skimo.at\/rennen\/files\/2022\/03\/dm-5370-copia-554x369.jpg 554w, https:\/\/www.skimo.at\/rennen\/files\/2022\/03\/dm-5370-copia-299x199.jpg 299w, https:\/\/www.skimo.at\/rennen\/files\/2022\/03\/dm-5370-copia-1224x816.jpg 1224w, https:\/\/www.skimo.at\/rennen\/files\/2022\/03\/dm-5370-copia-970x646.jpg 970w, https:\/\/www.skimo.at\/rennen\/files\/2022\/03\/dm-5370-copia-140x93.jpg 140w, https:\/\/www.skimo.at\/rennen\/files\/2022\/03\/dm-5370-copia-540x360.jpg 540w, https:\/\/www.skimo.at\/rennen\/files\/2022\/03\/dm-5370-copia.jpg 1799w\" sizes=\"(max-width: 1024px) 100vw, 1024px\" \/><\/a><\/figure><\/li><li class=\"blocks-gallery-item\"><figure><a href=\"https:\/\/www.skimo.at\/rennen\/?attachment_id=294162\"><img loading=\"lazy\" width=\"1024\" height=\"682\" src=\"https:\/\/www.skimo.at\/rennen\/files\/2022\/03\/desilvestro1-1024x682.jpg\" alt=\"\" data-id=\"294162\" data-full-url=\"https:\/\/www.skimo.at\/rennen\/files\/2022\/03\/desilvestro1.jpg\" data-link=\"https:\/\/www.skimo.at\/rennen\/?attachment_id=294162\" class=\"wp-image-294162\" srcset=\"https:\/\/www.skimo.at\/rennen\/files\/2022\/03\/desilvestro1-1024x682.jpg 1024w, https:\/\/www.skimo.at\/rennen\/files\/2022\/03\/desilvestro1-300x200.jpg 300w, https:\/\/www.skimo.at\/rennen\/files\/2022\/03\/desilvestro1-768x512.jpg 768w, https:\/\/www.skimo.at\/rennen\/files\/2022\/03\/desilvestro1-746x497.jpg 746w, https:\/\/www.skimo.at\/rennen\/files\/2022\/03\/desilvestro1-618x412.jpg 618w, https:\/\/www.skimo.at\/rennen\/files\/2022\/03\/desilvestro1-554x369.jpg 554w, https:\/\/www.skimo.at\/rennen\/files\/2022\/03\/desilvestro1-299x199.jpg 299w, https:\/\/www.skimo.at\/rennen\/files\/2022\/03\/desilvestro1-1224x816.jpg 1224w, https:\/\/www.skimo.at\/rennen\/files\/2022\/03\/desilvestro1-970x646.jpg 970w, https:\/\/www.skimo.at\/rennen\/files\/2022\/03\/desilvestro1-140x93.jpg 140w, https:\/\/www.skimo.at\/rennen\/files\/2022\/03\/desilvestro1-540x360.jpg 540w, https:\/\/www.skimo.at\/rennen\/files\/2022\/03\/desilvestro1.jpg 1799w\" sizes=\"(max-width: 1024px) 100vw, 1024px\" \/><\/a><\/figure><\/li><li class=\"blocks-gallery-item\"><figure><a href=\"https:\/\/www.skimo.at\/rennen\/?attachment_id=294163\"><img loading=\"lazy\" width=\"1024\" height=\"682\" src=\"https:\/\/www.skimo.at\/rennen\/files\/2022\/03\/fiechter-mollaret-1024x682.jpg\" alt=\"\" data-id=\"294163\" data-full-url=\"https:\/\/www.skimo.at\/rennen\/files\/2022\/03\/fiechter-mollaret.jpg\" data-link=\"https:\/\/www.skimo.at\/rennen\/?attachment_id=294163\" class=\"wp-image-294163\" srcset=\"https:\/\/www.skimo.at\/rennen\/files\/2022\/03\/fiechter-mollaret-1024x682.jpg 1024w, https:\/\/www.skimo.at\/rennen\/files\/2022\/03\/fiechter-mollaret-300x200.jpg 300w, https:\/\/www.skimo.at\/rennen\/files\/2022\/03\/fiechter-mollaret-768x512.jpg 768w, https:\/\/www.skimo.at\/rennen\/files\/2022\/03\/fiechter-mollaret-746x497.jpg 746w, https:\/\/www.skimo.at\/rennen\/files\/2022\/03\/fiechter-mollaret-618x412.jpg 618w, https:\/\/www.skimo.at\/rennen\/files\/2022\/03\/fiechter-mollaret-554x369.jpg 554w, https:\/\/www.skimo.at\/rennen\/files\/2022\/03\/fiechter-mollaret-299x199.jpg 299w, https:\/\/www.skimo.at\/rennen\/files\/2022\/03\/fiechter-mollaret-1224x816.jpg 1224w, https:\/\/www.skimo.at\/rennen\/files\/2022\/03\/fiechter-mollaret-970x646.jpg 970w, https:\/\/www.skimo.at\/rennen\/files\/2022\/03\/fiechter-mollaret-140x93.jpg 140w, https:\/\/www.skimo.at\/rennen\/files\/2022\/03\/fiechter-mollaret-540x360.jpg 540w, https:\/\/www.skimo.at\/rennen\/files\/2022\/03\/fiechter-mollaret.jpg 1799w\" sizes=\"(max-width: 1024px) 100vw, 1024px\" \/><\/a><\/figure><\/li><li class=\"blocks-gallery-item\"><figure><a href=\"https:\/\/www.skimo.at\/rennen\/?attachment_id=294164\"><img loading=\"lazy\" width=\"1024\" height=\"682\" src=\"https:\/\/www.skimo.at\/rennen\/files\/2022\/03\/jakobhermann-1024x682.jpg\" alt=\"\" data-id=\"294164\" data-full-url=\"https:\/\/www.skimo.at\/rennen\/files\/2022\/03\/jakobhermann.jpg\" data-link=\"https:\/\/www.skimo.at\/rennen\/?attachment_id=294164\" class=\"wp-image-294164\" srcset=\"https:\/\/www.skimo.at\/rennen\/files\/2022\/03\/jakobhermann-1024x682.jpg 1024w, https:\/\/www.skimo.at\/rennen\/files\/2022\/03\/jakobhermann-300x200.jpg 300w, https:\/\/www.skimo.at\/rennen\/files\/2022\/03\/jakobhermann-768x512.jpg 768w, https:\/\/www.skimo.at\/rennen\/files\/2022\/03\/jakobhermann-746x497.jpg 746w, https:\/\/www.skimo.at\/rennen\/files\/2022\/03\/jakobhermann-618x412.jpg 618w, https:\/\/www.skimo.at\/rennen\/files\/2022\/03\/jakobhermann-554x369.jpg 554w, https:\/\/www.skimo.at\/rennen\/files\/2022\/03\/jakobhermann-299x199.jpg 299w, https:\/\/www.skimo.at\/rennen\/files\/2022\/03\/jakobhermann-1224x816.jpg 1224w, https:\/\/www.skimo.at\/rennen\/files\/2022\/03\/jakobhermann-970x646.jpg 970w, https:\/\/www.skimo.at\/rennen\/files\/2022\/03\/jakobhermann-140x93.jpg 140w, https:\/\/www.skimo.at\/rennen\/files\/2022\/03\/jakobhermann-540x360.jpg 540w, https:\/\/www.skimo.at\/rennen\/files\/2022\/03\/jakobhermann.jpg 1799w\" sizes=\"(max-width: 1024px) 100vw, 1024px\" \/><\/a><\/figure><\/li><li class=\"blocks-gallery-item\"><figure><a href=\"https:\/\/www.skimo.at\/rennen\/?attachment_id=294165\"><img loading=\"lazy\" width=\"1024\" height=\"682\" src=\"https:\/\/www.skimo.at\/rennen\/files\/2022\/03\/mauriziotorri-1024x682.jpg\" alt=\"\" data-id=\"294165\" data-full-url=\"https:\/\/www.skimo.at\/rennen\/files\/2022\/03\/mauriziotorri.jpg\" data-link=\"https:\/\/www.skimo.at\/rennen\/?attachment_id=294165\" class=\"wp-image-294165\" srcset=\"https:\/\/www.skimo.at\/rennen\/files\/2022\/03\/mauriziotorri-1024x682.jpg 1024w, https:\/\/www.skimo.at\/rennen\/files\/2022\/03\/mauriziotorri-300x200.jpg 300w, https:\/\/www.skimo.at\/rennen\/files\/2022\/03\/mauriziotorri-768x512.jpg 768w, https:\/\/www.skimo.at\/rennen\/files\/2022\/03\/mauriziotorri-746x497.jpg 746w, https:\/\/www.skimo.at\/rennen\/files\/2022\/03\/mauriziotorri-618x412.jpg 618w, https:\/\/www.skimo.at\/rennen\/files\/2022\/03\/mauriziotorri-554x369.jpg 554w, https:\/\/www.skimo.at\/rennen\/files\/2022\/03\/mauriziotorri-299x199.jpg 299w, https:\/\/www.skimo.at\/rennen\/files\/2022\/03\/mauriziotorri-1224x816.jpg 1224w, https:\/\/www.skimo.at\/rennen\/files\/2022\/03\/mauriziotorri-970x646.jpg 970w, https:\/\/www.skimo.at\/rennen\/files\/2022\/03\/mauriziotorri-140x93.jpg 140w, https:\/\/www.skimo.at\/rennen\/files\/2022\/03\/mauriziotorri-540x360.jpg 540w, https:\/\/www.skimo.at\/rennen\/files\/2022\/03\/mauriziotorri.jpg 1799w\" sizes=\"(max-width: 1024px) 100vw, 1024px\" \/><\/a><\/figure><\/li><li class=\"blocks-gallery-item\"><figure><a href=\"https:\/\/www.skimo.at\/rennen\/?attachment_id=294166\"><img loading=\"lazy\" width=\"1024\" height=\"681\" src=\"https:\/\/www.skimo.at\/rennen\/files\/2022\/03\/partenza1-1024x681.jpg\" alt=\"\" data-id=\"294166\" data-full-url=\"https:\/\/www.skimo.at\/rennen\/files\/2022\/03\/partenza1.jpg\" data-link=\"https:\/\/www.skimo.at\/rennen\/?attachment_id=294166\" class=\"wp-image-294166\" srcset=\"https:\/\/www.skimo.at\/rennen\/files\/2022\/03\/partenza1-1024x681.jpg 1024w, https:\/\/www.skimo.at\/rennen\/files\/2022\/03\/partenza1-300x200.jpg 300w, https:\/\/www.skimo.at\/rennen\/files\/2022\/03\/partenza1-768x511.jpg 768w, https:\/\/www.skimo.at\/rennen\/files\/2022\/03\/partenza1-746x497.jpg 746w, https:\/\/www.skimo.at\/rennen\/files\/2022\/03\/partenza1-618x412.jpg 618w, https:\/\/www.skimo.at\/rennen\/files\/2022\/03\/partenza1-554x369.jpg 554w, https:\/\/www.skimo.at\/rennen\/files\/2022\/03\/partenza1-299x199.jpg 299w, https:\/\/www.skimo.at\/rennen\/files\/2022\/03\/partenza1-1224x814.jpg 1224w, https:\/\/www.skimo.at\/rennen\/files\/2022\/03\/partenza1-970x645.jpg 970w, https:\/\/www.skimo.at\/rennen\/files\/2022\/03\/partenza1-140x93.jpg 140w, https:\/\/www.skimo.at\/rennen\/files\/2022\/03\/partenza1-540x360.jpg 540w, https:\/\/www.skimo.at\/rennen\/files\/2022\/03\/partenza1.jpg 1799w\" sizes=\"(max-width: 1024px) 100vw, 1024px\" \/><\/a><\/figure><\/li><li class=\"blocks-gallery-item\"><figure><a href=\"https:\/\/www.skimo.at\/rennen\/?attachment_id=294167\"><img loading=\"lazy\" width=\"1024\" height=\"682\" src=\"https:\/\/www.skimo.at\/rennen\/files\/2022\/03\/remibonnet-1024x682.jpg\" alt=\"\" data-id=\"294167\" data-full-url=\"https:\/\/www.skimo.at\/rennen\/files\/2022\/03\/remibonnet.jpg\" data-link=\"https:\/\/www.skimo.at\/rennen\/?attachment_id=294167\" class=\"wp-image-294167\" srcset=\"https:\/\/www.skimo.at\/rennen\/files\/2022\/03\/remibonnet-1024x682.jpg 1024w, https:\/\/www.skimo.at\/rennen\/files\/2022\/03\/remibonnet-300x200.jpg 300w, https:\/\/www.skimo.at\/rennen\/files\/2022\/03\/remibonnet-768x512.jpg 768w, https:\/\/www.skimo.at\/rennen\/files\/2022\/03\/remibonnet-746x497.jpg 746w, https:\/\/www.skimo.at\/rennen\/files\/2022\/03\/remibonnet-618x412.jpg 618w, https:\/\/www.skimo.at\/rennen\/files\/2022\/03\/remibonnet-554x369.jpg 554w, https:\/\/www.skimo.at\/rennen\/files\/2022\/03\/remibonnet-299x199.jpg 299w, https:\/\/www.skimo.at\/rennen\/files\/2022\/03\/remibonnet-1224x816.jpg 1224w, https:\/\/www.skimo.at\/rennen\/files\/2022\/03\/remibonnet-970x646.jpg 970w, https:\/\/www.skimo.at\/rennen\/files\/2022\/03\/remibonnet-140x93.jpg 140w, https:\/\/www.skimo.at\/rennen\/files\/2022\/03\/remibonnet-540x360.jpg 540w, https:\/\/www.skimo.at\/rennen\/files\/2022\/03\/remibonnet.jpg 1799w\" sizes=\"(max-width: 1024px) 100vw, 1024px\" \/><\/a><\/figure><\/li><\/ul><figcaption class=\"blocks-gallery-caption\">Bilder: Maurizio Torri<\/figcaption><\/figure>\n","protected":false},"excerpt":{"rendered":"<p>Die Tour du Rutor im italienischen Aosta-Tal ist ein dreit\u00e4giger alpiner Team-Klassiker, der zum La Grande Course LGC geh\u00f6rt. Heuer wird im Rahmen dieses Bewerbs auch die Long Distance Weltmeisterschaft der ISMF ausgetragen. Erster Wettkampftag ist Donnerstag, 31.3.2022.<\/p>\n","protected":false},"author":3,"featured_media":294166,"comment_status":"closed","ping_status":"closed","sticky":false,"template":"","format":"standard","meta":[],"categories":[1,3,7],"tags":[],"yoast_head":"<!-- This site is optimized with the Yoast SEO plugin v16.3 - https:\/\/yoast.com\/wordpress\/plugins\/seo\/ -->\n<title>Der LGC startet mit der Tour du Rutor am 31.3.2022 - Rennen<\/title>\n<meta name=\"robots\" content=\"index, follow, max-snippet:-1, max-image-preview:large, max-video-preview:-1\" \/>\n<link rel=\"canonical\" href=\"https:\/\/www.skimo.at\/rennen\/294156\/der-lgc-startet-mit-der-tour-du-rutor-am-31-3-2022\/\" \/>\n<meta property=\"og:locale\" content=\"de_DE\" \/>\n<meta property=\"og:type\" content=\"article\" \/>\n<meta property=\"og:title\" content=\"Der LGC startet mit der Tour du Rutor am 31.3.2022 - Rennen\" \/>\n<meta property=\"og:description\" content=\"Die Tour du Rutor im italienischen Aosta-Tal ist ein dreit\u00e4giger alpiner Team-Klassiker, der zum La Grande Course LGC geh\u00f6rt. Heuer wird im Rahmen dieses Bewerbs auch die Long Distance Weltmeisterschaft der ISMF ausgetragen. Erster Wettkampftag ist Donnerstag, 31.3.2022.\" \/>\n<meta property=\"og:url\" content=\"https:\/\/www.skimo.at\/rennen\/294156\/der-lgc-startet-mit-der-tour-du-rutor-am-31-3-2022\/\" \/>\n<meta property=\"og:site_name\" content=\"Rennen\" \/>\n<meta property=\"article:published_time\" content=\"2022-03-30T17:56:20+00:00\" \/>\n<meta property=\"article:modified_time\" content=\"2022-03-30T17:57:51+00:00\" \/>\n<meta property=\"og:image\" content=\"https:\/\/www.skimo.at\/rennen\/files\/2022\/03\/partenza1.jpg\" \/>\n\t<meta property=\"og:image:width\" content=\"1799\" \/>\n\t<meta property=\"og:image:height\" content=\"1197\" \/>\n<meta name=\"twitter:card\" content=\"summary\" \/>\n<meta name=\"twitter:label1\" content=\"Gesch\u00e4tzte Lesezeit\">\n\t<meta name=\"twitter:data1\" content=\"3\u00a0Minuten\">\n<script type=\"application\/ld+json\" class=\"yoast-schema-graph\">{\"@context\":\"https:\/\/schema.org\",\"@graph\":[{\"@type\":\"WebSite\",\"@id\":\"https:\/\/skimo.73.jarolim.eu\/rennen\/#website\",\"url\":\"https:\/\/skimo.73.jarolim.eu\/rennen\/\",\"name\":\"Rennen\",\"description\":\"\",\"potentialAction\":[{\"@type\":\"SearchAction\",\"target\":\"https:\/\/skimo.73.jarolim.eu\/rennen\/?s={search_term_string}\",\"query-input\":\"required name=search_term_string\"}],\"inLanguage\":\"de\"},{\"@type\":\"ImageObject\",\"@id\":\"https:\/\/www.skimo.at\/rennen\/294156\/der-lgc-startet-mit-der-tour-du-rutor-am-31-3-2022\/#primaryimage\",\"inLanguage\":\"de\",\"url\":\"https:\/\/www.skimo.at\/rennen\/files\/2022\/03\/partenza1.jpg\",\"contentUrl\":\"https:\/\/www.skimo.at\/rennen\/files\/2022\/03\/partenza1.jpg\",\"width\":1799,\"height\":1197},{\"@type\":\"WebPage\",\"@id\":\"https:\/\/www.skimo.at\/rennen\/294156\/der-lgc-startet-mit-der-tour-du-rutor-am-31-3-2022\/#webpage\",\"url\":\"https:\/\/www.skimo.at\/rennen\/294156\/der-lgc-startet-mit-der-tour-du-rutor-am-31-3-2022\/\",\"name\":\"Der LGC startet mit der Tour du Rutor am 31.3.2022 - Rennen\",\"isPartOf\":{\"@id\":\"https:\/\/skimo.73.jarolim.eu\/rennen\/#website\"},\"primaryImageOfPage\":{\"@id\":\"https:\/\/www.skimo.at\/rennen\/294156\/der-lgc-startet-mit-der-tour-du-rutor-am-31-3-2022\/#primaryimage\"},\"datePublished\":\"2022-03-30T17:56:20+00:00\",\"dateModified\":\"2022-03-30T17:57:51+00:00\",\"author\":{\"@id\":\"https:\/\/skimo.73.jarolim.eu\/rennen\/#\/schema\/person\/796ecbce6796efca58bf848ca63ec12c\"},\"breadcrumb\":{\"@id\":\"https:\/\/www.skimo.at\/rennen\/294156\/der-lgc-startet-mit-der-tour-du-rutor-am-31-3-2022\/#breadcrumb\"},\"inLanguage\":\"de\",\"potentialAction\":[{\"@type\":\"ReadAction\",\"target\":[\"https:\/\/www.skimo.at\/rennen\/294156\/der-lgc-startet-mit-der-tour-du-rutor-am-31-3-2022\/\"]}]},{\"@type\":\"BreadcrumbList\",\"@id\":\"https:\/\/www.skimo.at\/rennen\/294156\/der-lgc-startet-mit-der-tour-du-rutor-am-31-3-2022\/#breadcrumb\",\"itemListElement\":[{\"@type\":\"ListItem\",\"position\":1,\"item\":{\"@type\":\"WebPage\",\"@id\":\"https:\/\/skimo.73.jarolim.eu\/rennen\/\",\"url\":\"https:\/\/skimo.73.jarolim.eu\/rennen\/\",\"name\":\"Home\"}},{\"@type\":\"ListItem\",\"position\":2,\"item\":{\"@id\":\"https:\/\/www.skimo.at\/rennen\/294156\/der-lgc-startet-mit-der-tour-du-rutor-am-31-3-2022\/#webpage\"}}]},{\"@type\":\"Person\",\"@id\":\"https:\/\/skimo.73.jarolim.eu\/rennen\/#\/schema\/person\/796ecbce6796efca58bf848ca63ec12c\",\"name\":\"kposch\",\"image\":{\"@type\":\"ImageObject\",\"@id\":\"https:\/\/skimo.73.jarolim.eu\/rennen\/#personlogo\",\"inLanguage\":\"de\",\"url\":\"https:\/\/secure.gravatar.com\/avatar\/e9f5f28da60e5e563d3f4d3cc0b9b425?s=96&r=g\",\"contentUrl\":\"https:\/\/secure.gravatar.com\/avatar\/e9f5f28da60e5e563d3f4d3cc0b9b425?s=96&r=g\",\"caption\":\"kposch\"},\"url\":\"https:\/\/www.skimo.at\/rennen\/author\/kposch\/\"}]}<\/script>\n<!-- \/ Yoast SEO plugin. -->","_links":{"self":[{"href":"https:\/\/www.skimo.at\/rennen\/wp-json\/wp\/v2\/posts\/294156"}],"collection":[{"href":"https:\/\/www.skimo.at\/rennen\/wp-json\/wp\/v2\/posts"}],"about":[{"href":"https:\/\/www.skimo.at\/rennen\/wp-json\/wp\/v2\/types\/post"}],"author":[{"embeddable":true,"href":"https:\/\/www.skimo.at\/rennen\/wp-json\/wp\/v2\/users\/3"}],"replies":[{"embeddable":true,"href":"https:\/\/www.skimo.at\/rennen\/wp-json\/wp\/v2\/comments?post=294156"}],"version-history":[{"count":6,"href":"https:\/\/www.skimo.at\/rennen\/wp-json\/wp\/v2\/posts\/294156\/revisions"}],"predecessor-version":[{"id":294172,"href":"https:\/\/www.skimo.at\/rennen\/wp-json\/wp\/v2\/posts\/294156\/revisions\/294172"}],"wp:featuredmedia":[{"embeddable":true,"href":"https:\/\/www.skimo.at\/rennen\/wp-json\/wp\/v2\/media\/294166"}],"wp:attachment":[{"href":"https:\/\/www.skimo.at\/rennen\/wp-json\/wp\/v2\/media?parent=294156"}],"wp:term":[{"taxonomy":"category","embeddable":true,"href":"https:\/\/www.skimo.at\/rennen\/wp-json\/wp\/v2\/categories?post=294156"},{"taxonomy":"post_tag","embeddable":true,"href":"https:\/\/www.skimo.at\/rennen\/wp-json\/wp\/v2\/tags?post=294156"}],"curies":[{"name":"wp","href":"https:\/\/api.w.org\/{rel}","templated":true}]}}