{"id":293924,"date":"2022-03-26T10:27:08","date_gmt":"2022-03-26T08:27:08","guid":{"rendered":"https:\/\/www.skimo.at\/rennen\/?p=293924"},"modified":"2022-03-26T16:21:34","modified_gmt":"2022-03-26T14:21:34","slug":"ergebnisse-und-bilder-von-der-sellaronda-25-3-2022","status":"publish","type":"post","link":"https:\/\/www.skimo.at\/rennen\/293924\/ergebnisse-und-bilder-von-der-sellaronda-25-3-2022\/","title":{"rendered":"Ergebnisse und Bilder von der Sellaronda 25.3.2022"},"content":{"rendered":"\n<p>Michele Boscacci und Matteo Eydallin gewinnen die 25. Ausgabe des Sellaronda Skimarathons. Bei den Frauen gab es einen \u00dcberraschungssieg f\u00fcr Katia Tomatis und Elena Nicolini. In der Mixed-Sonderwertung dominieren Lukas Hiemer (GER) und Johanna Hiemer (AUT).<\/p>\n\n\n\n<!--more-->\n\n\n\n<p><em>Gro\u00dfes Spektakel beim klassischen Nachtskirennen, das von dem unvergesslichen Diego Perathoner ins Leben gerufen wurde. Boscacci und Eydallin widmen ihren Erfolg dem verletzten William Boffelli. \u00dcberraschung im Frauenrennen: Katia Tomatis &amp; Elena Nicolini gewinnen vor Alba De Silvestro und Alessandra Schmid.<\/em><\/p>\n\n\n\n<p><\/p>\n\n\n\n<p>Die Bestzeit von 2h56&#8217;59&#8220;, welche von Filippo Barazzuol-William Boffelli aufgestellt wurde, bleibt auf den vier Dolomitenp\u00e4ssen Campolongo, Pordoi, Sella und Gr\u00f6dnerjoch erhalten. Das Team des \u201eCS Esercito\u201c, bestehend aus Michele Boscacci aus Albosaggia in Valtellina und Matteo Eydallin aus Sauze im Piemont, gewann die diesj\u00e4hrige Ausgabe und beendete die 42 Kilometer lange Strecke mit einem H\u00f6henunterschied von 2700m des ber\u00fchmtesten Nachtskirennens in 3h03&#8217;03&#8220;.<\/p>\n\n\n\n<p>Es war ein tolles und aufregendes Rennen auch dank der starken Konkurrenz durch die Teams Alex Oberbacher-Davide Magnini (Zweite mit einer Zeit von 3h05&#8217;51&#8220;) und Jakob Herrmann-Christian Hoffmann (Dritte mit einer Zeit von 3h06&#8217;02&#8220;). Auf Rang vier stand am Ende Daniel Ganahl\/Paul Verbnjak mit einer Zeit von 3h07&#8217;49&#8220; und F\u00fcnfte wurden Filippo Beccari\/Martin Stofner mit der Zeit von 3h16&#8217;14&#8220;. Von Anfang an legten die st\u00e4rksten Paare ein unertr\u00e4gliches Tempo vor, das die Spitzengruppe von den anderen spaltete. Ab der Mitte des Rennens \u00fcbernahmen die beiden Alpini die F\u00fchrung und sicherten sich den Gesamtsieg.<\/p>\n\n\n\n<p><\/p>\n\n\n\n<h2><strong>FRAUENRENNEN<\/strong><\/h2>\n\n\n\n<p>Gr\u00f6\u00dfe \u00dcberraschung im Frauenrennen. Die erfahrenen Katia Tomatis &#8211; Elena Nicolini (3h46&#8217;56&#8220;) siegten vor den Favoritinnen Alba De Silvestro &#8211; Alessandra Schmid (3h47&#8217;31&#8220;). Alba De Silvestro, die K\u00f6nigin der Nachtskirennen in 2022, lag bis zur H\u00e4lfte des Rennens in F\u00fchrung, konnte aber ihren historischen Dreifacherfolg nicht realisieren (in diesem Jahr gewann sie die Monterosa Skialp im Aostatal und die Mountain Attack in \u00d6sterreich). Auf den letzten steilen Streckenmetern begann die Schweizerin Alessandra Schmid zu schw\u00e4cheln. Ihre Partnerin half ihr mit dem Seil, aber es gelang ihnen nicht vor dem Duo aus dem Piemont-Trentino ins Ziel anzukommen. &nbsp;Der dritte Platz ging an das \u00f6sterreichische Duo Sarah Dreier &#8211; Victoria Kreuzer (3h50&#8217;14&#8220;).&nbsp;<\/p>\n\n\n\n<p><\/p>\n\n\n\n<h2><strong>MIXED-RENNEN<\/strong><\/h2>\n\n\n\n<p>Im speziellen Mixed-Paar-Rennen dominierte das Team bestehend aus Lukas Hiemer (GER) und Johanna Hiemer (AUT) mit einer Zeit von 3h45&#8217;53. Den zweiten Platz belegten Mirco und Paola Pervangher (SUI) und an dritter Stelle auf dem Podium stand Martin Kaschmann und Stephanie Kroll (AUT) mit einer Zeit von 3h57&#8217;00&#8220;.<\/p>\n\n\n\n<p>&nbsp;<\/p>\n\n\n\n<h2><strong>EINE UNGLAUBLICHE FASZINATION<\/strong><\/h2>\n\n\n\n<p>Die Strecke des Sellaronda Skimarathons ist einfach einzigartig und adrenalinvoll, insbesondere an Abenden wie diesen, wenn der klare Himmel unbezahlbare Landschaften und Emotionen bietet. Der Start in Corvara (1535 m \u00fc.d.M.) und der erste Anstieg zum Passo Campolongo und Bec de Roces (2080 m \u00fc.d.M.) wurden in der D\u00e4mmerung in Angriff genommen. Es ist schade, dass das hohe Tempo in der Spitzengruppe die Athleten dazu zwingt, den Kopf nach unten zu halten und weiterzulaufen. Nach dem ersten Pass wurden die Stirnlampen eingeschaltet und es ging direkt zum zweiten Wechsel im Zentrum von Arabba (1605 Meter \u00fcber dem Meeresspiegel). Weiter ging es in Richtung Pordoijoch (2239 m \u00fc.d.M.), Canazei, Sellajoch (2174 m \u00fc.d.M.) und Wolkenstein. Von hier aus, mit m\u00fcden Armen und der Reservelampe, sind es die Kilometer, welche man w\u00e4hrend der Wintersaison gemacht hat und der Wille, das Ziel zu erreichen, die den Unterschied ausmachen. Der letzte Anstieg zum Gr\u00f6dnerjoch (2298 m \u00fc.d.M.) ist noch zu bew\u00e4ltigen, bevor das Ziel erreicht wird, wo sich Sieger und Skimarathon- Finisher gemeinsam freuen k\u00f6nnen.&nbsp;<\/p>\n\n\n\n<p>&nbsp;<\/p>\n\n\n\n<h2><strong>RENNEN REKORDE<\/strong><\/h2>\n\n\n\n<p>Bei den M\u00e4nnern bleibt die zu schlagende Zeit 2h56&#8217;59&#8220; von Filippo Barazzuol\/William Boffelli, w\u00e4hrend bei den Frauen die Referenzzeit erneut 3h32&#8217;37&#8220; von Laetitia Roux und Martina Valmassoi sein wird.<\/p>\n\n\n\n<p><\/p>\n\n\n\n<div class=\"wp-block-file\"><a href=\"https:\/\/www.skimo.at\/rennen\/files\/2022\/03\/Ergebnisliste-Sellaronda-25.3.2022.pdf\">Ergebnisliste Sellaronda 25.3.2022<\/a><a href=\"https:\/\/www.skimo.at\/rennen\/files\/2022\/03\/Ergebnisliste-Sellaronda-25.3.2022.pdf\" class=\"wp-block-file__button\" download>Herunterladen<\/a><\/div>\n\n\n\n<p><\/p>\n\n\n\n<figure class=\"wp-block-gallery columns-3 is-cropped\"><ul class=\"blocks-gallery-grid\"><li class=\"blocks-gallery-item\"><figure><a href=\"https:\/\/www.skimo.at\/rennen\/?attachment_id=293927\"><img loading=\"lazy\" width=\"1024\" height=\"668\" src=\"https:\/\/www.skimo.at\/rennen\/files\/2022\/03\/icr2798-1024x668.jpg\" alt=\"\" data-id=\"293927\" data-full-url=\"https:\/\/www.skimo.at\/rennen\/files\/2022\/03\/icr2798.jpg\" data-link=\"https:\/\/www.skimo.at\/rennen\/?attachment_id=293927\" class=\"wp-image-293927\" srcset=\"https:\/\/www.skimo.at\/rennen\/files\/2022\/03\/icr2798-1024x668.jpg 1024w, https:\/\/www.skimo.at\/rennen\/files\/2022\/03\/icr2798-300x196.jpg 300w, https:\/\/www.skimo.at\/rennen\/files\/2022\/03\/icr2798-768x501.jpg 768w, https:\/\/www.skimo.at\/rennen\/files\/2022\/03\/icr2798-1224x798.jpg 1224w, https:\/\/www.skimo.at\/rennen\/files\/2022\/03\/icr2798-970x632.jpg 970w, https:\/\/www.skimo.at\/rennen\/files\/2022\/03\/icr2798-554x361.jpg 554w, https:\/\/www.skimo.at\/rennen\/files\/2022\/03\/icr2798-143x93.jpg 143w, https:\/\/www.skimo.at\/rennen\/files\/2022\/03\/icr2798.jpg 1799w\" sizes=\"(max-width: 1024px) 100vw, 1024px\" \/><\/a><\/figure><\/li><li class=\"blocks-gallery-item\"><figure><a href=\"https:\/\/www.skimo.at\/rennen\/?attachment_id=293928\"><img loading=\"lazy\" width=\"1024\" height=\"668\" src=\"https:\/\/www.skimo.at\/rennen\/files\/2022\/03\/icr2807-1024x668.jpg\" alt=\"\" data-id=\"293928\" data-full-url=\"https:\/\/www.skimo.at\/rennen\/files\/2022\/03\/icr2807.jpg\" data-link=\"https:\/\/www.skimo.at\/rennen\/?attachment_id=293928\" class=\"wp-image-293928\" srcset=\"https:\/\/www.skimo.at\/rennen\/files\/2022\/03\/icr2807-1024x668.jpg 1024w, https:\/\/www.skimo.at\/rennen\/files\/2022\/03\/icr2807-300x196.jpg 300w, https:\/\/www.skimo.at\/rennen\/files\/2022\/03\/icr2807-768x501.jpg 768w, https:\/\/www.skimo.at\/rennen\/files\/2022\/03\/icr2807-1224x798.jpg 1224w, https:\/\/www.skimo.at\/rennen\/files\/2022\/03\/icr2807-970x632.jpg 970w, https:\/\/www.skimo.at\/rennen\/files\/2022\/03\/icr2807-554x361.jpg 554w, https:\/\/www.skimo.at\/rennen\/files\/2022\/03\/icr2807-143x93.jpg 143w, https:\/\/www.skimo.at\/rennen\/files\/2022\/03\/icr2807.jpg 1799w\" sizes=\"(max-width: 1024px) 100vw, 1024px\" \/><\/a><\/figure><\/li><li class=\"blocks-gallery-item\"><figure><a href=\"https:\/\/www.skimo.at\/rennen\/?attachment_id=293929\"><img loading=\"lazy\" width=\"1024\" height=\"636\" src=\"https:\/\/www.skimo.at\/rennen\/files\/2022\/03\/icr2813-1024x636.jpg\" alt=\"\" data-id=\"293929\" data-full-url=\"https:\/\/www.skimo.at\/rennen\/files\/2022\/03\/icr2813.jpg\" data-link=\"https:\/\/www.skimo.at\/rennen\/?attachment_id=293929\" class=\"wp-image-293929\" srcset=\"https:\/\/www.skimo.at\/rennen\/files\/2022\/03\/icr2813-1024x636.jpg 1024w, https:\/\/www.skimo.at\/rennen\/files\/2022\/03\/icr2813-300x186.jpg 300w, https:\/\/www.skimo.at\/rennen\/files\/2022\/03\/icr2813-768x477.jpg 768w, https:\/\/www.skimo.at\/rennen\/files\/2022\/03\/icr2813-1224x760.jpg 1224w, https:\/\/www.skimo.at\/rennen\/files\/2022\/03\/icr2813-970x602.jpg 970w, https:\/\/www.skimo.at\/rennen\/files\/2022\/03\/icr2813-554x344.jpg 554w, https:\/\/www.skimo.at\/rennen\/files\/2022\/03\/icr2813-150x93.jpg 150w, https:\/\/www.skimo.at\/rennen\/files\/2022\/03\/icr2813.jpg 1799w\" sizes=\"(max-width: 1024px) 100vw, 1024px\" \/><\/a><\/figure><\/li><li class=\"blocks-gallery-item\"><figure><a href=\"https:\/\/www.skimo.at\/rennen\/?attachment_id=293930\"><img loading=\"lazy\" width=\"1024\" height=\"636\" src=\"https:\/\/www.skimo.at\/rennen\/files\/2022\/03\/icr2830-1024x636.jpg\" alt=\"\" data-id=\"293930\" data-full-url=\"https:\/\/www.skimo.at\/rennen\/files\/2022\/03\/icr2830.jpg\" data-link=\"https:\/\/www.skimo.at\/rennen\/?attachment_id=293930\" class=\"wp-image-293930\" srcset=\"https:\/\/www.skimo.at\/rennen\/files\/2022\/03\/icr2830-1024x636.jpg 1024w, https:\/\/www.skimo.at\/rennen\/files\/2022\/03\/icr2830-300x186.jpg 300w, https:\/\/www.skimo.at\/rennen\/files\/2022\/03\/icr2830-768x477.jpg 768w, https:\/\/www.skimo.at\/rennen\/files\/2022\/03\/icr2830-1224x760.jpg 1224w, https:\/\/www.skimo.at\/rennen\/files\/2022\/03\/icr2830-970x602.jpg 970w, https:\/\/www.skimo.at\/rennen\/files\/2022\/03\/icr2830-554x344.jpg 554w, https:\/\/www.skimo.at\/rennen\/files\/2022\/03\/icr2830-150x93.jpg 150w, https:\/\/www.skimo.at\/rennen\/files\/2022\/03\/icr2830.jpg 1799w\" sizes=\"(max-width: 1024px) 100vw, 1024px\" \/><\/a><\/figure><\/li><li class=\"blocks-gallery-item\"><figure><a href=\"https:\/\/www.skimo.at\/rennen\/?attachment_id=293931\"><img loading=\"lazy\" width=\"1024\" height=\"636\" src=\"https:\/\/www.skimo.at\/rennen\/files\/2022\/03\/icr2874-1024x636.jpg\" alt=\"\" data-id=\"293931\" data-full-url=\"https:\/\/www.skimo.at\/rennen\/files\/2022\/03\/icr2874.jpg\" data-link=\"https:\/\/www.skimo.at\/rennen\/?attachment_id=293931\" class=\"wp-image-293931\" srcset=\"https:\/\/www.skimo.at\/rennen\/files\/2022\/03\/icr2874-1024x636.jpg 1024w, https:\/\/www.skimo.at\/rennen\/files\/2022\/03\/icr2874-300x186.jpg 300w, https:\/\/www.skimo.at\/rennen\/files\/2022\/03\/icr2874-768x477.jpg 768w, https:\/\/www.skimo.at\/rennen\/files\/2022\/03\/icr2874-1224x760.jpg 1224w, https:\/\/www.skimo.at\/rennen\/files\/2022\/03\/icr2874-970x602.jpg 970w, https:\/\/www.skimo.at\/rennen\/files\/2022\/03\/icr2874-554x344.jpg 554w, https:\/\/www.skimo.at\/rennen\/files\/2022\/03\/icr2874-150x93.jpg 150w, https:\/\/www.skimo.at\/rennen\/files\/2022\/03\/icr2874.jpg 1799w\" sizes=\"(max-width: 1024px) 100vw, 1024px\" \/><\/a><\/figure><\/li><li class=\"blocks-gallery-item\"><figure><a href=\"https:\/\/www.skimo.at\/rennen\/?attachment_id=293932\"><img loading=\"lazy\" width=\"1024\" height=\"683\" src=\"https:\/\/www.skimo.at\/rennen\/files\/2022\/03\/icr2883-1024x683.jpg\" alt=\"\" data-id=\"293932\" data-full-url=\"https:\/\/www.skimo.at\/rennen\/files\/2022\/03\/icr2883.jpg\" data-link=\"https:\/\/www.skimo.at\/rennen\/?attachment_id=293932\" class=\"wp-image-293932\" srcset=\"https:\/\/www.skimo.at\/rennen\/files\/2022\/03\/icr2883-1024x683.jpg 1024w, https:\/\/www.skimo.at\/rennen\/files\/2022\/03\/icr2883-300x200.jpg 300w, https:\/\/www.skimo.at\/rennen\/files\/2022\/03\/icr2883-768x512.jpg 768w, https:\/\/www.skimo.at\/rennen\/files\/2022\/03\/icr2883-746x497.jpg 746w, https:\/\/www.skimo.at\/rennen\/files\/2022\/03\/icr2883-618x412.jpg 618w, https:\/\/www.skimo.at\/rennen\/files\/2022\/03\/icr2883-554x370.jpg 554w, https:\/\/www.skimo.at\/rennen\/files\/2022\/03\/icr2883-299x199.jpg 299w, https:\/\/www.skimo.at\/rennen\/files\/2022\/03\/icr2883-1224x816.jpg 1224w, https:\/\/www.skimo.at\/rennen\/files\/2022\/03\/icr2883-970x647.jpg 970w, https:\/\/www.skimo.at\/rennen\/files\/2022\/03\/icr2883-139x93.jpg 139w, https:\/\/www.skimo.at\/rennen\/files\/2022\/03\/icr2883-540x360.jpg 540w, https:\/\/www.skimo.at\/rennen\/files\/2022\/03\/icr2883.jpg 1799w\" sizes=\"(max-width: 1024px) 100vw, 1024px\" \/><\/a><\/figure><\/li><li class=\"blocks-gallery-item\"><figure><a href=\"https:\/\/www.skimo.at\/rennen\/?attachment_id=293933\"><img loading=\"lazy\" width=\"1024\" height=\"683\" src=\"https:\/\/www.skimo.at\/rennen\/files\/2022\/03\/icr2885-1024x683.jpg\" alt=\"\" data-id=\"293933\" data-full-url=\"https:\/\/www.skimo.at\/rennen\/files\/2022\/03\/icr2885.jpg\" data-link=\"https:\/\/www.skimo.at\/rennen\/?attachment_id=293933\" class=\"wp-image-293933\" srcset=\"https:\/\/www.skimo.at\/rennen\/files\/2022\/03\/icr2885-1024x683.jpg 1024w, https:\/\/www.skimo.at\/rennen\/files\/2022\/03\/icr2885-300x200.jpg 300w, https:\/\/www.skimo.at\/rennen\/files\/2022\/03\/icr2885-768x512.jpg 768w, https:\/\/www.skimo.at\/rennen\/files\/2022\/03\/icr2885-746x497.jpg 746w, https:\/\/www.skimo.at\/rennen\/files\/2022\/03\/icr2885-618x412.jpg 618w, https:\/\/www.skimo.at\/rennen\/files\/2022\/03\/icr2885-554x370.jpg 554w, https:\/\/www.skimo.at\/rennen\/files\/2022\/03\/icr2885-299x199.jpg 299w, https:\/\/www.skimo.at\/rennen\/files\/2022\/03\/icr2885-1224x816.jpg 1224w, https:\/\/www.skimo.at\/rennen\/files\/2022\/03\/icr2885-970x647.jpg 970w, https:\/\/www.skimo.at\/rennen\/files\/2022\/03\/icr2885-139x93.jpg 139w, https:\/\/www.skimo.at\/rennen\/files\/2022\/03\/icr2885-540x360.jpg 540w, https:\/\/www.skimo.at\/rennen\/files\/2022\/03\/icr2885.jpg 1799w\" sizes=\"(max-width: 1024px) 100vw, 1024px\" \/><\/a><\/figure><\/li><li class=\"blocks-gallery-item\"><figure><a href=\"https:\/\/www.skimo.at\/rennen\/?attachment_id=293934\"><img loading=\"lazy\" width=\"1024\" height=\"683\" src=\"https:\/\/www.skimo.at\/rennen\/files\/2022\/03\/icr2887-1024x683.jpg\" alt=\"\" data-id=\"293934\" data-full-url=\"https:\/\/www.skimo.at\/rennen\/files\/2022\/03\/icr2887.jpg\" data-link=\"https:\/\/www.skimo.at\/rennen\/?attachment_id=293934\" class=\"wp-image-293934\" srcset=\"https:\/\/www.skimo.at\/rennen\/files\/2022\/03\/icr2887-1024x683.jpg 1024w, https:\/\/www.skimo.at\/rennen\/files\/2022\/03\/icr2887-300x200.jpg 300w, https:\/\/www.skimo.at\/rennen\/files\/2022\/03\/icr2887-768x512.jpg 768w, https:\/\/www.skimo.at\/rennen\/files\/2022\/03\/icr2887-746x497.jpg 746w, https:\/\/www.skimo.at\/rennen\/files\/2022\/03\/icr2887-618x412.jpg 618w, https:\/\/www.skimo.at\/rennen\/files\/2022\/03\/icr2887-554x370.jpg 554w, https:\/\/www.skimo.at\/rennen\/files\/2022\/03\/icr2887-299x199.jpg 299w, https:\/\/www.skimo.at\/rennen\/files\/2022\/03\/icr2887-1224x816.jpg 1224w, https:\/\/www.skimo.at\/rennen\/files\/2022\/03\/icr2887-970x647.jpg 970w, https:\/\/www.skimo.at\/rennen\/files\/2022\/03\/icr2887-139x93.jpg 139w, https:\/\/www.skimo.at\/rennen\/files\/2022\/03\/icr2887-540x360.jpg 540w, https:\/\/www.skimo.at\/rennen\/files\/2022\/03\/icr2887.jpg 1799w\" sizes=\"(max-width: 1024px) 100vw, 1024px\" \/><\/a><\/figure><\/li><li class=\"blocks-gallery-item\"><figure><a href=\"https:\/\/www.skimo.at\/rennen\/?attachment_id=293935\"><img loading=\"lazy\" width=\"1024\" height=\"683\" src=\"https:\/\/www.skimo.at\/rennen\/files\/2022\/03\/icr2895-1024x683.jpg\" alt=\"\" data-id=\"293935\" data-full-url=\"https:\/\/www.skimo.at\/rennen\/files\/2022\/03\/icr2895.jpg\" data-link=\"https:\/\/www.skimo.at\/rennen\/?attachment_id=293935\" class=\"wp-image-293935\" srcset=\"https:\/\/www.skimo.at\/rennen\/files\/2022\/03\/icr2895-1024x683.jpg 1024w, https:\/\/www.skimo.at\/rennen\/files\/2022\/03\/icr2895-300x200.jpg 300w, https:\/\/www.skimo.at\/rennen\/files\/2022\/03\/icr2895-768x512.jpg 768w, https:\/\/www.skimo.at\/rennen\/files\/2022\/03\/icr2895-746x497.jpg 746w, https:\/\/www.skimo.at\/rennen\/files\/2022\/03\/icr2895-618x412.jpg 618w, https:\/\/www.skimo.at\/rennen\/files\/2022\/03\/icr2895-554x370.jpg 554w, https:\/\/www.skimo.at\/rennen\/files\/2022\/03\/icr2895-299x199.jpg 299w, https:\/\/www.skimo.at\/rennen\/files\/2022\/03\/icr2895-1224x816.jpg 1224w, https:\/\/www.skimo.at\/rennen\/files\/2022\/03\/icr2895-970x647.jpg 970w, https:\/\/www.skimo.at\/rennen\/files\/2022\/03\/icr2895-139x93.jpg 139w, https:\/\/www.skimo.at\/rennen\/files\/2022\/03\/icr2895-540x360.jpg 540w, https:\/\/www.skimo.at\/rennen\/files\/2022\/03\/icr2895.jpg 1799w\" sizes=\"(max-width: 1024px) 100vw, 1024px\" \/><\/a><\/figure><\/li><li class=\"blocks-gallery-item\"><figure><a href=\"https:\/\/www.skimo.at\/rennen\/?attachment_id=293936\"><img loading=\"lazy\" width=\"1024\" height=\"683\" src=\"https:\/\/www.skimo.at\/rennen\/files\/2022\/03\/icr2897-1024x683.jpg\" alt=\"\" data-id=\"293936\" data-full-url=\"https:\/\/www.skimo.at\/rennen\/files\/2022\/03\/icr2897.jpg\" data-link=\"https:\/\/www.skimo.at\/rennen\/?attachment_id=293936\" class=\"wp-image-293936\" srcset=\"https:\/\/www.skimo.at\/rennen\/files\/2022\/03\/icr2897-1024x683.jpg 1024w, https:\/\/www.skimo.at\/rennen\/files\/2022\/03\/icr2897-300x200.jpg 300w, https:\/\/www.skimo.at\/rennen\/files\/2022\/03\/icr2897-768x512.jpg 768w, https:\/\/www.skimo.at\/rennen\/files\/2022\/03\/icr2897-746x497.jpg 746w, https:\/\/www.skimo.at\/rennen\/files\/2022\/03\/icr2897-618x412.jpg 618w, https:\/\/www.skimo.at\/rennen\/files\/2022\/03\/icr2897-554x370.jpg 554w, https:\/\/www.skimo.at\/rennen\/files\/2022\/03\/icr2897-299x199.jpg 299w, https:\/\/www.skimo.at\/rennen\/files\/2022\/03\/icr2897-1224x816.jpg 1224w, https:\/\/www.skimo.at\/rennen\/files\/2022\/03\/icr2897-970x647.jpg 970w, https:\/\/www.skimo.at\/rennen\/files\/2022\/03\/icr2897-139x93.jpg 139w, https:\/\/www.skimo.at\/rennen\/files\/2022\/03\/icr2897-540x360.jpg 540w, https:\/\/www.skimo.at\/rennen\/files\/2022\/03\/icr2897.jpg 1799w\" sizes=\"(max-width: 1024px) 100vw, 1024px\" \/><\/a><\/figure><\/li><li class=\"blocks-gallery-item\"><figure><a href=\"https:\/\/www.skimo.at\/rennen\/?attachment_id=293937\"><img loading=\"lazy\" width=\"1024\" height=\"683\" src=\"https:\/\/www.skimo.at\/rennen\/files\/2022\/03\/icr2899-1024x683.jpg\" alt=\"\" data-id=\"293937\" data-full-url=\"https:\/\/www.skimo.at\/rennen\/files\/2022\/03\/icr2899.jpg\" data-link=\"https:\/\/www.skimo.at\/rennen\/?attachment_id=293937\" class=\"wp-image-293937\" srcset=\"https:\/\/www.skimo.at\/rennen\/files\/2022\/03\/icr2899-1024x683.jpg 1024w, https:\/\/www.skimo.at\/rennen\/files\/2022\/03\/icr2899-300x200.jpg 300w, https:\/\/www.skimo.at\/rennen\/files\/2022\/03\/icr2899-768x512.jpg 768w, https:\/\/www.skimo.at\/rennen\/files\/2022\/03\/icr2899-746x497.jpg 746w, https:\/\/www.skimo.at\/rennen\/files\/2022\/03\/icr2899-618x412.jpg 618w, https:\/\/www.skimo.at\/rennen\/files\/2022\/03\/icr2899-554x370.jpg 554w, https:\/\/www.skimo.at\/rennen\/files\/2022\/03\/icr2899-299x199.jpg 299w, https:\/\/www.skimo.at\/rennen\/files\/2022\/03\/icr2899-1224x816.jpg 1224w, https:\/\/www.skimo.at\/rennen\/files\/2022\/03\/icr2899-970x647.jpg 970w, https:\/\/www.skimo.at\/rennen\/files\/2022\/03\/icr2899-139x93.jpg 139w, https:\/\/www.skimo.at\/rennen\/files\/2022\/03\/icr2899-540x360.jpg 540w, https:\/\/www.skimo.at\/rennen\/files\/2022\/03\/icr2899.jpg 1799w\" sizes=\"(max-width: 1024px) 100vw, 1024px\" \/><\/a><\/figure><\/li><li class=\"blocks-gallery-item\"><figure><a href=\"https:\/\/www.skimo.at\/rennen\/?attachment_id=293938\"><img loading=\"lazy\" width=\"1024\" height=\"683\" src=\"https:\/\/www.skimo.at\/rennen\/files\/2022\/03\/icr2919-1024x683.jpg\" alt=\"\" data-id=\"293938\" data-full-url=\"https:\/\/www.skimo.at\/rennen\/files\/2022\/03\/icr2919.jpg\" data-link=\"https:\/\/www.skimo.at\/rennen\/?attachment_id=293938\" class=\"wp-image-293938\" srcset=\"https:\/\/www.skimo.at\/rennen\/files\/2022\/03\/icr2919-1024x683.jpg 1024w, https:\/\/www.skimo.at\/rennen\/files\/2022\/03\/icr2919-300x200.jpg 300w, https:\/\/www.skimo.at\/rennen\/files\/2022\/03\/icr2919-768x512.jpg 768w, https:\/\/www.skimo.at\/rennen\/files\/2022\/03\/icr2919-746x497.jpg 746w, https:\/\/www.skimo.at\/rennen\/files\/2022\/03\/icr2919-618x412.jpg 618w, https:\/\/www.skimo.at\/rennen\/files\/2022\/03\/icr2919-554x370.jpg 554w, https:\/\/www.skimo.at\/rennen\/files\/2022\/03\/icr2919-299x199.jpg 299w, https:\/\/www.skimo.at\/rennen\/files\/2022\/03\/icr2919-1224x816.jpg 1224w, https:\/\/www.skimo.at\/rennen\/files\/2022\/03\/icr2919-970x647.jpg 970w, https:\/\/www.skimo.at\/rennen\/files\/2022\/03\/icr2919-139x93.jpg 139w, https:\/\/www.skimo.at\/rennen\/files\/2022\/03\/icr2919-540x360.jpg 540w, https:\/\/www.skimo.at\/rennen\/files\/2022\/03\/icr2919.jpg 1799w\" sizes=\"(max-width: 1024px) 100vw, 1024px\" \/><\/a><\/figure><\/li><li class=\"blocks-gallery-item\"><figure><a href=\"https:\/\/www.skimo.at\/rennen\/?attachment_id=293939\"><img loading=\"lazy\" width=\"1024\" height=\"683\" src=\"https:\/\/www.skimo.at\/rennen\/files\/2022\/03\/icr2922-1024x683.jpg\" alt=\"\" data-id=\"293939\" data-full-url=\"https:\/\/www.skimo.at\/rennen\/files\/2022\/03\/icr2922.jpg\" data-link=\"https:\/\/www.skimo.at\/rennen\/?attachment_id=293939\" class=\"wp-image-293939\" srcset=\"https:\/\/www.skimo.at\/rennen\/files\/2022\/03\/icr2922-1024x683.jpg 1024w, https:\/\/www.skimo.at\/rennen\/files\/2022\/03\/icr2922-300x200.jpg 300w, https:\/\/www.skimo.at\/rennen\/files\/2022\/03\/icr2922-768x512.jpg 768w, https:\/\/www.skimo.at\/rennen\/files\/2022\/03\/icr2922-746x497.jpg 746w, https:\/\/www.skimo.at\/rennen\/files\/2022\/03\/icr2922-618x412.jpg 618w, https:\/\/www.skimo.at\/rennen\/files\/2022\/03\/icr2922-554x370.jpg 554w, https:\/\/www.skimo.at\/rennen\/files\/2022\/03\/icr2922-299x199.jpg 299w, https:\/\/www.skimo.at\/rennen\/files\/2022\/03\/icr2922-1224x816.jpg 1224w, https:\/\/www.skimo.at\/rennen\/files\/2022\/03\/icr2922-970x647.jpg 970w, https:\/\/www.skimo.at\/rennen\/files\/2022\/03\/icr2922-139x93.jpg 139w, https:\/\/www.skimo.at\/rennen\/files\/2022\/03\/icr2922-540x360.jpg 540w, https:\/\/www.skimo.at\/rennen\/files\/2022\/03\/icr2922.jpg 1799w\" sizes=\"(max-width: 1024px) 100vw, 1024px\" \/><\/a><\/figure><\/li><li class=\"blocks-gallery-item\"><figure><a href=\"https:\/\/www.skimo.at\/rennen\/?attachment_id=293940\"><img loading=\"lazy\" width=\"1024\" height=\"683\" src=\"https:\/\/www.skimo.at\/rennen\/files\/2022\/03\/icr2928-1024x683.jpg\" alt=\"\" data-id=\"293940\" data-full-url=\"https:\/\/www.skimo.at\/rennen\/files\/2022\/03\/icr2928.jpg\" data-link=\"https:\/\/www.skimo.at\/rennen\/?attachment_id=293940\" class=\"wp-image-293940\" srcset=\"https:\/\/www.skimo.at\/rennen\/files\/2022\/03\/icr2928-1024x683.jpg 1024w, https:\/\/www.skimo.at\/rennen\/files\/2022\/03\/icr2928-300x200.jpg 300w, https:\/\/www.skimo.at\/rennen\/files\/2022\/03\/icr2928-768x512.jpg 768w, https:\/\/www.skimo.at\/rennen\/files\/2022\/03\/icr2928-746x497.jpg 746w, https:\/\/www.skimo.at\/rennen\/files\/2022\/03\/icr2928-618x412.jpg 618w, https:\/\/www.skimo.at\/rennen\/files\/2022\/03\/icr2928-554x370.jpg 554w, https:\/\/www.skimo.at\/rennen\/files\/2022\/03\/icr2928-299x199.jpg 299w, https:\/\/www.skimo.at\/rennen\/files\/2022\/03\/icr2928-1224x816.jpg 1224w, https:\/\/www.skimo.at\/rennen\/files\/2022\/03\/icr2928-970x647.jpg 970w, https:\/\/www.skimo.at\/rennen\/files\/2022\/03\/icr2928-139x93.jpg 139w, https:\/\/www.skimo.at\/rennen\/files\/2022\/03\/icr2928-540x360.jpg 540w, https:\/\/www.skimo.at\/rennen\/files\/2022\/03\/icr2928.jpg 1799w\" sizes=\"(max-width: 1024px) 100vw, 1024px\" \/><\/a><\/figure><\/li><li class=\"blocks-gallery-item\"><figure><a href=\"https:\/\/www.skimo.at\/rennen\/?attachment_id=293941\"><img loading=\"lazy\" width=\"1024\" height=\"683\" src=\"https:\/\/www.skimo.at\/rennen\/files\/2022\/03\/icr2930-1024x683.jpg\" alt=\"\" data-id=\"293941\" data-full-url=\"https:\/\/www.skimo.at\/rennen\/files\/2022\/03\/icr2930.jpg\" data-link=\"https:\/\/www.skimo.at\/rennen\/?attachment_id=293941\" class=\"wp-image-293941\" srcset=\"https:\/\/www.skimo.at\/rennen\/files\/2022\/03\/icr2930-1024x683.jpg 1024w, https:\/\/www.skimo.at\/rennen\/files\/2022\/03\/icr2930-300x200.jpg 300w, https:\/\/www.skimo.at\/rennen\/files\/2022\/03\/icr2930-768x512.jpg 768w, https:\/\/www.skimo.at\/rennen\/files\/2022\/03\/icr2930-746x497.jpg 746w, https:\/\/www.skimo.at\/rennen\/files\/2022\/03\/icr2930-618x412.jpg 618w, https:\/\/www.skimo.at\/rennen\/files\/2022\/03\/icr2930-554x370.jpg 554w, https:\/\/www.skimo.at\/rennen\/files\/2022\/03\/icr2930-299x199.jpg 299w, https:\/\/www.skimo.at\/rennen\/files\/2022\/03\/icr2930-1224x816.jpg 1224w, https:\/\/www.skimo.at\/rennen\/files\/2022\/03\/icr2930-970x647.jpg 970w, https:\/\/www.skimo.at\/rennen\/files\/2022\/03\/icr2930-139x93.jpg 139w, https:\/\/www.skimo.at\/rennen\/files\/2022\/03\/icr2930-540x360.jpg 540w, https:\/\/www.skimo.at\/rennen\/files\/2022\/03\/icr2930.jpg 1799w\" sizes=\"(max-width: 1024px) 100vw, 1024px\" \/><\/a><\/figure><\/li><li class=\"blocks-gallery-item\"><figure><a href=\"https:\/\/www.skimo.at\/rennen\/?attachment_id=293942\"><img loading=\"lazy\" width=\"1024\" height=\"683\" src=\"https:\/\/www.skimo.at\/rennen\/files\/2022\/03\/icr2934-1024x683.jpg\" alt=\"\" data-id=\"293942\" data-full-url=\"https:\/\/www.skimo.at\/rennen\/files\/2022\/03\/icr2934.jpg\" data-link=\"https:\/\/www.skimo.at\/rennen\/?attachment_id=293942\" class=\"wp-image-293942\" srcset=\"https:\/\/www.skimo.at\/rennen\/files\/2022\/03\/icr2934-1024x683.jpg 1024w, https:\/\/www.skimo.at\/rennen\/files\/2022\/03\/icr2934-300x200.jpg 300w, https:\/\/www.skimo.at\/rennen\/files\/2022\/03\/icr2934-768x512.jpg 768w, https:\/\/www.skimo.at\/rennen\/files\/2022\/03\/icr2934-746x497.jpg 746w, https:\/\/www.skimo.at\/rennen\/files\/2022\/03\/icr2934-618x412.jpg 618w, https:\/\/www.skimo.at\/rennen\/files\/2022\/03\/icr2934-554x370.jpg 554w, https:\/\/www.skimo.at\/rennen\/files\/2022\/03\/icr2934-299x199.jpg 299w, https:\/\/www.skimo.at\/rennen\/files\/2022\/03\/icr2934-1224x816.jpg 1224w, https:\/\/www.skimo.at\/rennen\/files\/2022\/03\/icr2934-970x647.jpg 970w, https:\/\/www.skimo.at\/rennen\/files\/2022\/03\/icr2934-139x93.jpg 139w, https:\/\/www.skimo.at\/rennen\/files\/2022\/03\/icr2934-540x360.jpg 540w, https:\/\/www.skimo.at\/rennen\/files\/2022\/03\/icr2934.jpg 1799w\" sizes=\"(max-width: 1024px) 100vw, 1024px\" \/><\/a><\/figure><\/li><li class=\"blocks-gallery-item\"><figure><a href=\"https:\/\/www.skimo.at\/rennen\/?attachment_id=293943\"><img loading=\"lazy\" width=\"1024\" height=\"683\" src=\"https:\/\/www.skimo.at\/rennen\/files\/2022\/03\/icr2940-1024x683.jpg\" alt=\"\" data-id=\"293943\" data-full-url=\"https:\/\/www.skimo.at\/rennen\/files\/2022\/03\/icr2940.jpg\" data-link=\"https:\/\/www.skimo.at\/rennen\/?attachment_id=293943\" class=\"wp-image-293943\" srcset=\"https:\/\/www.skimo.at\/rennen\/files\/2022\/03\/icr2940-1024x683.jpg 1024w, https:\/\/www.skimo.at\/rennen\/files\/2022\/03\/icr2940-300x200.jpg 300w, https:\/\/www.skimo.at\/rennen\/files\/2022\/03\/icr2940-768x512.jpg 768w, https:\/\/www.skimo.at\/rennen\/files\/2022\/03\/icr2940-746x497.jpg 746w, https:\/\/www.skimo.at\/rennen\/files\/2022\/03\/icr2940-618x412.jpg 618w, https:\/\/www.skimo.at\/rennen\/files\/2022\/03\/icr2940-554x370.jpg 554w, https:\/\/www.skimo.at\/rennen\/files\/2022\/03\/icr2940-299x199.jpg 299w, https:\/\/www.skimo.at\/rennen\/files\/2022\/03\/icr2940-1224x816.jpg 1224w, https:\/\/www.skimo.at\/rennen\/files\/2022\/03\/icr2940-970x647.jpg 970w, https:\/\/www.skimo.at\/rennen\/files\/2022\/03\/icr2940-139x93.jpg 139w, https:\/\/www.skimo.at\/rennen\/files\/2022\/03\/icr2940-540x360.jpg 540w, https:\/\/www.skimo.at\/rennen\/files\/2022\/03\/icr2940.jpg 1799w\" sizes=\"(max-width: 1024px) 100vw, 1024px\" \/><\/a><\/figure><\/li><li class=\"blocks-gallery-item\"><figure><a href=\"https:\/\/www.skimo.at\/rennen\/?attachment_id=293944\"><img loading=\"lazy\" width=\"1024\" height=\"683\" src=\"https:\/\/www.skimo.at\/rennen\/files\/2022\/03\/icr2941-1024x683.jpg\" alt=\"\" data-id=\"293944\" data-full-url=\"https:\/\/www.skimo.at\/rennen\/files\/2022\/03\/icr2941.jpg\" data-link=\"https:\/\/www.skimo.at\/rennen\/?attachment_id=293944\" class=\"wp-image-293944\" srcset=\"https:\/\/www.skimo.at\/rennen\/files\/2022\/03\/icr2941-1024x683.jpg 1024w, https:\/\/www.skimo.at\/rennen\/files\/2022\/03\/icr2941-300x200.jpg 300w, https:\/\/www.skimo.at\/rennen\/files\/2022\/03\/icr2941-768x512.jpg 768w, https:\/\/www.skimo.at\/rennen\/files\/2022\/03\/icr2941-746x497.jpg 746w, https:\/\/www.skimo.at\/rennen\/files\/2022\/03\/icr2941-618x412.jpg 618w, https:\/\/www.skimo.at\/rennen\/files\/2022\/03\/icr2941-554x370.jpg 554w, https:\/\/www.skimo.at\/rennen\/files\/2022\/03\/icr2941-299x199.jpg 299w, https:\/\/www.skimo.at\/rennen\/files\/2022\/03\/icr2941-1224x816.jpg 1224w, https:\/\/www.skimo.at\/rennen\/files\/2022\/03\/icr2941-970x647.jpg 970w, https:\/\/www.skimo.at\/rennen\/files\/2022\/03\/icr2941-139x93.jpg 139w, https:\/\/www.skimo.at\/rennen\/files\/2022\/03\/icr2941-540x360.jpg 540w, https:\/\/www.skimo.at\/rennen\/files\/2022\/03\/icr2941.jpg 1799w\" sizes=\"(max-width: 1024px) 100vw, 1024px\" \/><\/a><\/figure><\/li><li class=\"blocks-gallery-item\"><figure><a href=\"https:\/\/www.skimo.at\/rennen\/?attachment_id=293945\"><img loading=\"lazy\" width=\"1024\" height=\"683\" src=\"https:\/\/www.skimo.at\/rennen\/files\/2022\/03\/icr2946-1024x683.jpg\" alt=\"\" data-id=\"293945\" data-full-url=\"https:\/\/www.skimo.at\/rennen\/files\/2022\/03\/icr2946.jpg\" data-link=\"https:\/\/www.skimo.at\/rennen\/?attachment_id=293945\" class=\"wp-image-293945\" srcset=\"https:\/\/www.skimo.at\/rennen\/files\/2022\/03\/icr2946-1024x683.jpg 1024w, https:\/\/www.skimo.at\/rennen\/files\/2022\/03\/icr2946-300x200.jpg 300w, https:\/\/www.skimo.at\/rennen\/files\/2022\/03\/icr2946-768x512.jpg 768w, https:\/\/www.skimo.at\/rennen\/files\/2022\/03\/icr2946-746x497.jpg 746w, https:\/\/www.skimo.at\/rennen\/files\/2022\/03\/icr2946-618x412.jpg 618w, https:\/\/www.skimo.at\/rennen\/files\/2022\/03\/icr2946-554x370.jpg 554w, https:\/\/www.skimo.at\/rennen\/files\/2022\/03\/icr2946-299x199.jpg 299w, https:\/\/www.skimo.at\/rennen\/files\/2022\/03\/icr2946-1224x816.jpg 1224w, https:\/\/www.skimo.at\/rennen\/files\/2022\/03\/icr2946-970x647.jpg 970w, https:\/\/www.skimo.at\/rennen\/files\/2022\/03\/icr2946-139x93.jpg 139w, https:\/\/www.skimo.at\/rennen\/files\/2022\/03\/icr2946-540x360.jpg 540w, https:\/\/www.skimo.at\/rennen\/files\/2022\/03\/icr2946.jpg 1799w\" sizes=\"(max-width: 1024px) 100vw, 1024px\" \/><\/a><\/figure><\/li><li class=\"blocks-gallery-item\"><figure><a href=\"https:\/\/www.skimo.at\/rennen\/?attachment_id=293946\"><img loading=\"lazy\" width=\"1024\" height=\"683\" src=\"https:\/\/www.skimo.at\/rennen\/files\/2022\/03\/icr2948-1024x683.jpg\" alt=\"\" data-id=\"293946\" data-full-url=\"https:\/\/www.skimo.at\/rennen\/files\/2022\/03\/icr2948.jpg\" data-link=\"https:\/\/www.skimo.at\/rennen\/?attachment_id=293946\" class=\"wp-image-293946\" srcset=\"https:\/\/www.skimo.at\/rennen\/files\/2022\/03\/icr2948-1024x683.jpg 1024w, https:\/\/www.skimo.at\/rennen\/files\/2022\/03\/icr2948-300x200.jpg 300w, https:\/\/www.skimo.at\/rennen\/files\/2022\/03\/icr2948-768x512.jpg 768w, https:\/\/www.skimo.at\/rennen\/files\/2022\/03\/icr2948-746x497.jpg 746w, https:\/\/www.skimo.at\/rennen\/files\/2022\/03\/icr2948-618x412.jpg 618w, https:\/\/www.skimo.at\/rennen\/files\/2022\/03\/icr2948-554x370.jpg 554w, https:\/\/www.skimo.at\/rennen\/files\/2022\/03\/icr2948-299x199.jpg 299w, https:\/\/www.skimo.at\/rennen\/files\/2022\/03\/icr2948-1224x816.jpg 1224w, https:\/\/www.skimo.at\/rennen\/files\/2022\/03\/icr2948-970x647.jpg 970w, https:\/\/www.skimo.at\/rennen\/files\/2022\/03\/icr2948-139x93.jpg 139w, https:\/\/www.skimo.at\/rennen\/files\/2022\/03\/icr2948-540x360.jpg 540w, https:\/\/www.skimo.at\/rennen\/files\/2022\/03\/icr2948.jpg 1799w\" sizes=\"(max-width: 1024px) 100vw, 1024px\" \/><\/a><\/figure><\/li><li class=\"blocks-gallery-item\"><figure><a href=\"https:\/\/www.skimo.at\/rennen\/?attachment_id=293947\"><img loading=\"lazy\" width=\"1024\" height=\"683\" src=\"https:\/\/www.skimo.at\/rennen\/files\/2022\/03\/icr2955-1024x683.jpg\" alt=\"\" data-id=\"293947\" data-full-url=\"https:\/\/www.skimo.at\/rennen\/files\/2022\/03\/icr2955.jpg\" data-link=\"https:\/\/www.skimo.at\/rennen\/?attachment_id=293947\" class=\"wp-image-293947\" srcset=\"https:\/\/www.skimo.at\/rennen\/files\/2022\/03\/icr2955-1024x683.jpg 1024w, https:\/\/www.skimo.at\/rennen\/files\/2022\/03\/icr2955-300x200.jpg 300w, https:\/\/www.skimo.at\/rennen\/files\/2022\/03\/icr2955-768x512.jpg 768w, https:\/\/www.skimo.at\/rennen\/files\/2022\/03\/icr2955-746x497.jpg 746w, https:\/\/www.skimo.at\/rennen\/files\/2022\/03\/icr2955-618x412.jpg 618w, https:\/\/www.skimo.at\/rennen\/files\/2022\/03\/icr2955-554x370.jpg 554w, https:\/\/www.skimo.at\/rennen\/files\/2022\/03\/icr2955-299x199.jpg 299w, https:\/\/www.skimo.at\/rennen\/files\/2022\/03\/icr2955-1224x816.jpg 1224w, https:\/\/www.skimo.at\/rennen\/files\/2022\/03\/icr2955-970x647.jpg 970w, https:\/\/www.skimo.at\/rennen\/files\/2022\/03\/icr2955-139x93.jpg 139w, https:\/\/www.skimo.at\/rennen\/files\/2022\/03\/icr2955-540x360.jpg 540w, https:\/\/www.skimo.at\/rennen\/files\/2022\/03\/icr2955.jpg 1799w\" sizes=\"(max-width: 1024px) 100vw, 1024px\" \/><\/a><\/figure><\/li><li class=\"blocks-gallery-item\"><figure><a href=\"https:\/\/www.skimo.at\/rennen\/?attachment_id=293948\"><img loading=\"lazy\" width=\"1024\" height=\"683\" src=\"https:\/\/www.skimo.at\/rennen\/files\/2022\/03\/icr2959-1024x683.jpg\" alt=\"\" data-id=\"293948\" data-full-url=\"https:\/\/www.skimo.at\/rennen\/files\/2022\/03\/icr2959.jpg\" data-link=\"https:\/\/www.skimo.at\/rennen\/?attachment_id=293948\" class=\"wp-image-293948\" srcset=\"https:\/\/www.skimo.at\/rennen\/files\/2022\/03\/icr2959-1024x683.jpg 1024w, https:\/\/www.skimo.at\/rennen\/files\/2022\/03\/icr2959-300x200.jpg 300w, https:\/\/www.skimo.at\/rennen\/files\/2022\/03\/icr2959-768x512.jpg 768w, https:\/\/www.skimo.at\/rennen\/files\/2022\/03\/icr2959-746x497.jpg 746w, https:\/\/www.skimo.at\/rennen\/files\/2022\/03\/icr2959-618x412.jpg 618w, https:\/\/www.skimo.at\/rennen\/files\/2022\/03\/icr2959-554x370.jpg 554w, https:\/\/www.skimo.at\/rennen\/files\/2022\/03\/icr2959-299x199.jpg 299w, https:\/\/www.skimo.at\/rennen\/files\/2022\/03\/icr2959-1224x816.jpg 1224w, https:\/\/www.skimo.at\/rennen\/files\/2022\/03\/icr2959-970x647.jpg 970w, https:\/\/www.skimo.at\/rennen\/files\/2022\/03\/icr2959-139x93.jpg 139w, https:\/\/www.skimo.at\/rennen\/files\/2022\/03\/icr2959-540x360.jpg 540w, https:\/\/www.skimo.at\/rennen\/files\/2022\/03\/icr2959.jpg 1799w\" sizes=\"(max-width: 1024px) 100vw, 1024px\" \/><\/a><\/figure><\/li><li class=\"blocks-gallery-item\"><figure><a href=\"https:\/\/www.skimo.at\/rennen\/?attachment_id=293949\"><img loading=\"lazy\" width=\"1024\" height=\"683\" src=\"https:\/\/www.skimo.at\/rennen\/files\/2022\/03\/icr2960-1024x683.jpg\" alt=\"\" data-id=\"293949\" data-full-url=\"https:\/\/www.skimo.at\/rennen\/files\/2022\/03\/icr2960.jpg\" data-link=\"https:\/\/www.skimo.at\/rennen\/?attachment_id=293949\" class=\"wp-image-293949\" srcset=\"https:\/\/www.skimo.at\/rennen\/files\/2022\/03\/icr2960-1024x683.jpg 1024w, https:\/\/www.skimo.at\/rennen\/files\/2022\/03\/icr2960-300x200.jpg 300w, https:\/\/www.skimo.at\/rennen\/files\/2022\/03\/icr2960-768x512.jpg 768w, https:\/\/www.skimo.at\/rennen\/files\/2022\/03\/icr2960-746x497.jpg 746w, https:\/\/www.skimo.at\/rennen\/files\/2022\/03\/icr2960-618x412.jpg 618w, https:\/\/www.skimo.at\/rennen\/files\/2022\/03\/icr2960-554x370.jpg 554w, https:\/\/www.skimo.at\/rennen\/files\/2022\/03\/icr2960-299x199.jpg 299w, https:\/\/www.skimo.at\/rennen\/files\/2022\/03\/icr2960-1224x816.jpg 1224w, https:\/\/www.skimo.at\/rennen\/files\/2022\/03\/icr2960-970x647.jpg 970w, https:\/\/www.skimo.at\/rennen\/files\/2022\/03\/icr2960-139x93.jpg 139w, https:\/\/www.skimo.at\/rennen\/files\/2022\/03\/icr2960-540x360.jpg 540w, https:\/\/www.skimo.at\/rennen\/files\/2022\/03\/icr2960.jpg 1799w\" sizes=\"(max-width: 1024px) 100vw, 1024px\" \/><\/a><\/figure><\/li><li class=\"blocks-gallery-item\"><figure><a href=\"https:\/\/www.skimo.at\/rennen\/?attachment_id=293950\"><img loading=\"lazy\" width=\"1024\" height=\"683\" src=\"https:\/\/www.skimo.at\/rennen\/files\/2022\/03\/icr2962-1024x683.jpg\" alt=\"\" data-id=\"293950\" data-full-url=\"https:\/\/www.skimo.at\/rennen\/files\/2022\/03\/icr2962.jpg\" data-link=\"https:\/\/www.skimo.at\/rennen\/?attachment_id=293950\" class=\"wp-image-293950\" srcset=\"https:\/\/www.skimo.at\/rennen\/files\/2022\/03\/icr2962-1024x683.jpg 1024w, https:\/\/www.skimo.at\/rennen\/files\/2022\/03\/icr2962-300x200.jpg 300w, https:\/\/www.skimo.at\/rennen\/files\/2022\/03\/icr2962-768x512.jpg 768w, https:\/\/www.skimo.at\/rennen\/files\/2022\/03\/icr2962-746x497.jpg 746w, https:\/\/www.skimo.at\/rennen\/files\/2022\/03\/icr2962-618x412.jpg 618w, https:\/\/www.skimo.at\/rennen\/files\/2022\/03\/icr2962-554x370.jpg 554w, https:\/\/www.skimo.at\/rennen\/files\/2022\/03\/icr2962-299x199.jpg 299w, https:\/\/www.skimo.at\/rennen\/files\/2022\/03\/icr2962-1224x816.jpg 1224w, https:\/\/www.skimo.at\/rennen\/files\/2022\/03\/icr2962-970x647.jpg 970w, https:\/\/www.skimo.at\/rennen\/files\/2022\/03\/icr2962-139x93.jpg 139w, https:\/\/www.skimo.at\/rennen\/files\/2022\/03\/icr2962-540x360.jpg 540w, https:\/\/www.skimo.at\/rennen\/files\/2022\/03\/icr2962.jpg 1799w\" sizes=\"(max-width: 1024px) 100vw, 1024px\" \/><\/a><\/figure><\/li><li class=\"blocks-gallery-item\"><figure><a href=\"https:\/\/www.skimo.at\/rennen\/?attachment_id=293951\"><img loading=\"lazy\" width=\"1024\" height=\"683\" src=\"https:\/\/www.skimo.at\/rennen\/files\/2022\/03\/icr2963-1024x683.jpg\" alt=\"\" data-id=\"293951\" data-full-url=\"https:\/\/www.skimo.at\/rennen\/files\/2022\/03\/icr2963.jpg\" data-link=\"https:\/\/www.skimo.at\/rennen\/?attachment_id=293951\" class=\"wp-image-293951\" srcset=\"https:\/\/www.skimo.at\/rennen\/files\/2022\/03\/icr2963-1024x683.jpg 1024w, https:\/\/www.skimo.at\/rennen\/files\/2022\/03\/icr2963-300x200.jpg 300w, https:\/\/www.skimo.at\/rennen\/files\/2022\/03\/icr2963-768x512.jpg 768w, https:\/\/www.skimo.at\/rennen\/files\/2022\/03\/icr2963-746x497.jpg 746w, https:\/\/www.skimo.at\/rennen\/files\/2022\/03\/icr2963-618x412.jpg 618w, https:\/\/www.skimo.at\/rennen\/files\/2022\/03\/icr2963-554x370.jpg 554w, https:\/\/www.skimo.at\/rennen\/files\/2022\/03\/icr2963-299x199.jpg 299w, https:\/\/www.skimo.at\/rennen\/files\/2022\/03\/icr2963-1224x816.jpg 1224w, https:\/\/www.skimo.at\/rennen\/files\/2022\/03\/icr2963-970x647.jpg 970w, https:\/\/www.skimo.at\/rennen\/files\/2022\/03\/icr2963-139x93.jpg 139w, https:\/\/www.skimo.at\/rennen\/files\/2022\/03\/icr2963-540x360.jpg 540w, https:\/\/www.skimo.at\/rennen\/files\/2022\/03\/icr2963.jpg 1799w\" sizes=\"(max-width: 1024px) 100vw, 1024px\" \/><\/a><\/figure><\/li><li class=\"blocks-gallery-item\"><figure><a href=\"https:\/\/www.skimo.at\/rennen\/?attachment_id=293952\"><img loading=\"lazy\" width=\"1024\" height=\"683\" src=\"https:\/\/www.skimo.at\/rennen\/files\/2022\/03\/icr2964-1024x683.jpg\" alt=\"\" data-id=\"293952\" data-full-url=\"https:\/\/www.skimo.at\/rennen\/files\/2022\/03\/icr2964.jpg\" data-link=\"https:\/\/www.skimo.at\/rennen\/?attachment_id=293952\" class=\"wp-image-293952\" srcset=\"https:\/\/www.skimo.at\/rennen\/files\/2022\/03\/icr2964-1024x683.jpg 1024w, https:\/\/www.skimo.at\/rennen\/files\/2022\/03\/icr2964-300x200.jpg 300w, https:\/\/www.skimo.at\/rennen\/files\/2022\/03\/icr2964-768x512.jpg 768w, https:\/\/www.skimo.at\/rennen\/files\/2022\/03\/icr2964-746x497.jpg 746w, https:\/\/www.skimo.at\/rennen\/files\/2022\/03\/icr2964-618x412.jpg 618w, https:\/\/www.skimo.at\/rennen\/files\/2022\/03\/icr2964-554x370.jpg 554w, https:\/\/www.skimo.at\/rennen\/files\/2022\/03\/icr2964-299x199.jpg 299w, https:\/\/www.skimo.at\/rennen\/files\/2022\/03\/icr2964-1224x816.jpg 1224w, https:\/\/www.skimo.at\/rennen\/files\/2022\/03\/icr2964-970x647.jpg 970w, https:\/\/www.skimo.at\/rennen\/files\/2022\/03\/icr2964-139x93.jpg 139w, https:\/\/www.skimo.at\/rennen\/files\/2022\/03\/icr2964-540x360.jpg 540w, https:\/\/www.skimo.at\/rennen\/files\/2022\/03\/icr2964.jpg 1799w\" sizes=\"(max-width: 1024px) 100vw, 1024px\" \/><\/a><\/figure><\/li><li class=\"blocks-gallery-item\"><figure><a href=\"https:\/\/www.skimo.at\/rennen\/?attachment_id=293953\"><img loading=\"lazy\" width=\"1024\" height=\"683\" src=\"https:\/\/www.skimo.at\/rennen\/files\/2022\/03\/icr2979-1024x683.jpg\" alt=\"\" data-id=\"293953\" data-full-url=\"https:\/\/www.skimo.at\/rennen\/files\/2022\/03\/icr2979.jpg\" data-link=\"https:\/\/www.skimo.at\/rennen\/?attachment_id=293953\" class=\"wp-image-293953\" srcset=\"https:\/\/www.skimo.at\/rennen\/files\/2022\/03\/icr2979-1024x683.jpg 1024w, https:\/\/www.skimo.at\/rennen\/files\/2022\/03\/icr2979-300x200.jpg 300w, https:\/\/www.skimo.at\/rennen\/files\/2022\/03\/icr2979-768x512.jpg 768w, https:\/\/www.skimo.at\/rennen\/files\/2022\/03\/icr2979-746x497.jpg 746w, https:\/\/www.skimo.at\/rennen\/files\/2022\/03\/icr2979-618x412.jpg 618w, https:\/\/www.skimo.at\/rennen\/files\/2022\/03\/icr2979-554x370.jpg 554w, https:\/\/www.skimo.at\/rennen\/files\/2022\/03\/icr2979-299x199.jpg 299w, https:\/\/www.skimo.at\/rennen\/files\/2022\/03\/icr2979-1224x816.jpg 1224w, https:\/\/www.skimo.at\/rennen\/files\/2022\/03\/icr2979-970x647.jpg 970w, https:\/\/www.skimo.at\/rennen\/files\/2022\/03\/icr2979-139x93.jpg 139w, https:\/\/www.skimo.at\/rennen\/files\/2022\/03\/icr2979-540x360.jpg 540w, https:\/\/www.skimo.at\/rennen\/files\/2022\/03\/icr2979.jpg 1799w\" sizes=\"(max-width: 1024px) 100vw, 1024px\" \/><\/a><\/figure><\/li><li class=\"blocks-gallery-item\"><figure><a href=\"https:\/\/www.skimo.at\/rennen\/?attachment_id=293954\"><img loading=\"lazy\" width=\"1024\" height=\"683\" src=\"https:\/\/www.skimo.at\/rennen\/files\/2022\/03\/icr2988-1024x683.jpg\" alt=\"\" data-id=\"293954\" data-full-url=\"https:\/\/www.skimo.at\/rennen\/files\/2022\/03\/icr2988.jpg\" data-link=\"https:\/\/www.skimo.at\/rennen\/?attachment_id=293954\" class=\"wp-image-293954\" srcset=\"https:\/\/www.skimo.at\/rennen\/files\/2022\/03\/icr2988-1024x683.jpg 1024w, https:\/\/www.skimo.at\/rennen\/files\/2022\/03\/icr2988-300x200.jpg 300w, https:\/\/www.skimo.at\/rennen\/files\/2022\/03\/icr2988-768x512.jpg 768w, https:\/\/www.skimo.at\/rennen\/files\/2022\/03\/icr2988-746x497.jpg 746w, https:\/\/www.skimo.at\/rennen\/files\/2022\/03\/icr2988-618x412.jpg 618w, https:\/\/www.skimo.at\/rennen\/files\/2022\/03\/icr2988-554x370.jpg 554w, https:\/\/www.skimo.at\/rennen\/files\/2022\/03\/icr2988-299x199.jpg 299w, https:\/\/www.skimo.at\/rennen\/files\/2022\/03\/icr2988-1224x816.jpg 1224w, https:\/\/www.skimo.at\/rennen\/files\/2022\/03\/icr2988-970x647.jpg 970w, https:\/\/www.skimo.at\/rennen\/files\/2022\/03\/icr2988-139x93.jpg 139w, https:\/\/www.skimo.at\/rennen\/files\/2022\/03\/icr2988-540x360.jpg 540w, https:\/\/www.skimo.at\/rennen\/files\/2022\/03\/icr2988.jpg 1799w\" sizes=\"(max-width: 1024px) 100vw, 1024px\" \/><\/a><\/figure><\/li><li class=\"blocks-gallery-item\"><figure><a href=\"https:\/\/www.skimo.at\/rennen\/?attachment_id=293955\"><img loading=\"lazy\" width=\"1024\" height=\"683\" src=\"https:\/\/www.skimo.at\/rennen\/files\/2022\/03\/icr2995-1024x683.jpg\" alt=\"\" data-id=\"293955\" data-full-url=\"https:\/\/www.skimo.at\/rennen\/files\/2022\/03\/icr2995.jpg\" data-link=\"https:\/\/www.skimo.at\/rennen\/?attachment_id=293955\" class=\"wp-image-293955\" srcset=\"https:\/\/www.skimo.at\/rennen\/files\/2022\/03\/icr2995-1024x683.jpg 1024w, https:\/\/www.skimo.at\/rennen\/files\/2022\/03\/icr2995-300x200.jpg 300w, https:\/\/www.skimo.at\/rennen\/files\/2022\/03\/icr2995-768x512.jpg 768w, https:\/\/www.skimo.at\/rennen\/files\/2022\/03\/icr2995-746x497.jpg 746w, https:\/\/www.skimo.at\/rennen\/files\/2022\/03\/icr2995-618x412.jpg 618w, https:\/\/www.skimo.at\/rennen\/files\/2022\/03\/icr2995-554x370.jpg 554w, https:\/\/www.skimo.at\/rennen\/files\/2022\/03\/icr2995-299x199.jpg 299w, https:\/\/www.skimo.at\/rennen\/files\/2022\/03\/icr2995-1224x816.jpg 1224w, https:\/\/www.skimo.at\/rennen\/files\/2022\/03\/icr2995-970x647.jpg 970w, https:\/\/www.skimo.at\/rennen\/files\/2022\/03\/icr2995-139x93.jpg 139w, https:\/\/www.skimo.at\/rennen\/files\/2022\/03\/icr2995-540x360.jpg 540w, https:\/\/www.skimo.at\/rennen\/files\/2022\/03\/icr2995.jpg 1799w\" sizes=\"(max-width: 1024px) 100vw, 1024px\" \/><\/a><\/figure><\/li><li class=\"blocks-gallery-item\"><figure><a href=\"https:\/\/www.skimo.at\/rennen\/?attachment_id=293956\"><img loading=\"lazy\" width=\"1024\" height=\"683\" src=\"https:\/\/www.skimo.at\/rennen\/files\/2022\/03\/icr3000-1024x683.jpg\" alt=\"\" data-id=\"293956\" data-full-url=\"https:\/\/www.skimo.at\/rennen\/files\/2022\/03\/icr3000.jpg\" data-link=\"https:\/\/www.skimo.at\/rennen\/?attachment_id=293956\" class=\"wp-image-293956\" srcset=\"https:\/\/www.skimo.at\/rennen\/files\/2022\/03\/icr3000-1024x683.jpg 1024w, https:\/\/www.skimo.at\/rennen\/files\/2022\/03\/icr3000-300x200.jpg 300w, https:\/\/www.skimo.at\/rennen\/files\/2022\/03\/icr3000-768x512.jpg 768w, https:\/\/www.skimo.at\/rennen\/files\/2022\/03\/icr3000-746x497.jpg 746w, https:\/\/www.skimo.at\/rennen\/files\/2022\/03\/icr3000-618x412.jpg 618w, https:\/\/www.skimo.at\/rennen\/files\/2022\/03\/icr3000-554x370.jpg 554w, https:\/\/www.skimo.at\/rennen\/files\/2022\/03\/icr3000-299x199.jpg 299w, https:\/\/www.skimo.at\/rennen\/files\/2022\/03\/icr3000-1224x816.jpg 1224w, https:\/\/www.skimo.at\/rennen\/files\/2022\/03\/icr3000-970x647.jpg 970w, https:\/\/www.skimo.at\/rennen\/files\/2022\/03\/icr3000-139x93.jpg 139w, https:\/\/www.skimo.at\/rennen\/files\/2022\/03\/icr3000-540x360.jpg 540w, https:\/\/www.skimo.at\/rennen\/files\/2022\/03\/icr3000.jpg 1799w\" sizes=\"(max-width: 1024px) 100vw, 1024px\" \/><\/a><\/figure><\/li><li class=\"blocks-gallery-item\"><figure><a href=\"https:\/\/www.skimo.at\/rennen\/?attachment_id=293957\"><img loading=\"lazy\" width=\"1024\" height=\"683\" src=\"https:\/\/www.skimo.at\/rennen\/files\/2022\/03\/icr3001-1024x683.jpg\" alt=\"\" data-id=\"293957\" data-full-url=\"https:\/\/www.skimo.at\/rennen\/files\/2022\/03\/icr3001.jpg\" data-link=\"https:\/\/www.skimo.at\/rennen\/?attachment_id=293957\" class=\"wp-image-293957\" srcset=\"https:\/\/www.skimo.at\/rennen\/files\/2022\/03\/icr3001-1024x683.jpg 1024w, https:\/\/www.skimo.at\/rennen\/files\/2022\/03\/icr3001-300x200.jpg 300w, https:\/\/www.skimo.at\/rennen\/files\/2022\/03\/icr3001-768x512.jpg 768w, https:\/\/www.skimo.at\/rennen\/files\/2022\/03\/icr3001-746x497.jpg 746w, https:\/\/www.skimo.at\/rennen\/files\/2022\/03\/icr3001-618x412.jpg 618w, https:\/\/www.skimo.at\/rennen\/files\/2022\/03\/icr3001-554x370.jpg 554w, https:\/\/www.skimo.at\/rennen\/files\/2022\/03\/icr3001-299x199.jpg 299w, https:\/\/www.skimo.at\/rennen\/files\/2022\/03\/icr3001-1224x816.jpg 1224w, https:\/\/www.skimo.at\/rennen\/files\/2022\/03\/icr3001-970x647.jpg 970w, https:\/\/www.skimo.at\/rennen\/files\/2022\/03\/icr3001-139x93.jpg 139w, https:\/\/www.skimo.at\/rennen\/files\/2022\/03\/icr3001-540x360.jpg 540w, https:\/\/www.skimo.at\/rennen\/files\/2022\/03\/icr3001.jpg 1799w\" sizes=\"(max-width: 1024px) 100vw, 1024px\" \/><\/a><\/figure><\/li><li class=\"blocks-gallery-item\"><figure><a href=\"https:\/\/www.skimo.at\/rennen\/?attachment_id=293958\"><img loading=\"lazy\" width=\"1024\" height=\"683\" src=\"https:\/\/www.skimo.at\/rennen\/files\/2022\/03\/icr3004-1024x683.jpg\" alt=\"\" data-id=\"293958\" data-full-url=\"https:\/\/www.skimo.at\/rennen\/files\/2022\/03\/icr3004.jpg\" data-link=\"https:\/\/www.skimo.at\/rennen\/?attachment_id=293958\" class=\"wp-image-293958\" srcset=\"https:\/\/www.skimo.at\/rennen\/files\/2022\/03\/icr3004-1024x683.jpg 1024w, https:\/\/www.skimo.at\/rennen\/files\/2022\/03\/icr3004-300x200.jpg 300w, https:\/\/www.skimo.at\/rennen\/files\/2022\/03\/icr3004-768x512.jpg 768w, https:\/\/www.skimo.at\/rennen\/files\/2022\/03\/icr3004-746x497.jpg 746w, https:\/\/www.skimo.at\/rennen\/files\/2022\/03\/icr3004-618x412.jpg 618w, https:\/\/www.skimo.at\/rennen\/files\/2022\/03\/icr3004-554x370.jpg 554w, https:\/\/www.skimo.at\/rennen\/files\/2022\/03\/icr3004-299x199.jpg 299w, https:\/\/www.skimo.at\/rennen\/files\/2022\/03\/icr3004-1224x816.jpg 1224w, https:\/\/www.skimo.at\/rennen\/files\/2022\/03\/icr3004-970x647.jpg 970w, https:\/\/www.skimo.at\/rennen\/files\/2022\/03\/icr3004-139x93.jpg 139w, https:\/\/www.skimo.at\/rennen\/files\/2022\/03\/icr3004-540x360.jpg 540w, https:\/\/www.skimo.at\/rennen\/files\/2022\/03\/icr3004.jpg 1799w\" sizes=\"(max-width: 1024px) 100vw, 1024px\" \/><\/a><\/figure><\/li><li class=\"blocks-gallery-item\"><figure><a href=\"https:\/\/www.skimo.at\/rennen\/?attachment_id=293959\"><img loading=\"lazy\" width=\"1024\" height=\"683\" src=\"https:\/\/www.skimo.at\/rennen\/files\/2022\/03\/icr3011-1024x683.jpg\" alt=\"\" data-id=\"293959\" data-full-url=\"https:\/\/www.skimo.at\/rennen\/files\/2022\/03\/icr3011.jpg\" data-link=\"https:\/\/www.skimo.at\/rennen\/?attachment_id=293959\" class=\"wp-image-293959\" srcset=\"https:\/\/www.skimo.at\/rennen\/files\/2022\/03\/icr3011-1024x683.jpg 1024w, https:\/\/www.skimo.at\/rennen\/files\/2022\/03\/icr3011-300x200.jpg 300w, https:\/\/www.skimo.at\/rennen\/files\/2022\/03\/icr3011-768x512.jpg 768w, https:\/\/www.skimo.at\/rennen\/files\/2022\/03\/icr3011-746x497.jpg 746w, https:\/\/www.skimo.at\/rennen\/files\/2022\/03\/icr3011-618x412.jpg 618w, https:\/\/www.skimo.at\/rennen\/files\/2022\/03\/icr3011-554x370.jpg 554w, https:\/\/www.skimo.at\/rennen\/files\/2022\/03\/icr3011-299x199.jpg 299w, https:\/\/www.skimo.at\/rennen\/files\/2022\/03\/icr3011-1224x816.jpg 1224w, https:\/\/www.skimo.at\/rennen\/files\/2022\/03\/icr3011-970x647.jpg 970w, https:\/\/www.skimo.at\/rennen\/files\/2022\/03\/icr3011-139x93.jpg 139w, https:\/\/www.skimo.at\/rennen\/files\/2022\/03\/icr3011-540x360.jpg 540w, https:\/\/www.skimo.at\/rennen\/files\/2022\/03\/icr3011.jpg 1799w\" sizes=\"(max-width: 1024px) 100vw, 1024px\" \/><\/a><\/figure><\/li><li class=\"blocks-gallery-item\"><figure><a href=\"https:\/\/www.skimo.at\/rennen\/?attachment_id=293960\"><img loading=\"lazy\" width=\"1024\" height=\"683\" src=\"https:\/\/www.skimo.at\/rennen\/files\/2022\/03\/icr3024-1024x683.jpg\" alt=\"\" data-id=\"293960\" data-full-url=\"https:\/\/www.skimo.at\/rennen\/files\/2022\/03\/icr3024.jpg\" data-link=\"https:\/\/www.skimo.at\/rennen\/?attachment_id=293960\" class=\"wp-image-293960\" srcset=\"https:\/\/www.skimo.at\/rennen\/files\/2022\/03\/icr3024-1024x683.jpg 1024w, https:\/\/www.skimo.at\/rennen\/files\/2022\/03\/icr3024-300x200.jpg 300w, https:\/\/www.skimo.at\/rennen\/files\/2022\/03\/icr3024-768x512.jpg 768w, https:\/\/www.skimo.at\/rennen\/files\/2022\/03\/icr3024-746x497.jpg 746w, https:\/\/www.skimo.at\/rennen\/files\/2022\/03\/icr3024-618x412.jpg 618w, https:\/\/www.skimo.at\/rennen\/files\/2022\/03\/icr3024-554x370.jpg 554w, https:\/\/www.skimo.at\/rennen\/files\/2022\/03\/icr3024-299x199.jpg 299w, https:\/\/www.skimo.at\/rennen\/files\/2022\/03\/icr3024-1224x816.jpg 1224w, https:\/\/www.skimo.at\/rennen\/files\/2022\/03\/icr3024-970x647.jpg 970w, https:\/\/www.skimo.at\/rennen\/files\/2022\/03\/icr3024-139x93.jpg 139w, https:\/\/www.skimo.at\/rennen\/files\/2022\/03\/icr3024-540x360.jpg 540w, https:\/\/www.skimo.at\/rennen\/files\/2022\/03\/icr3024.jpg 1799w\" sizes=\"(max-width: 1024px) 100vw, 1024px\" \/><\/a><\/figure><\/li><li class=\"blocks-gallery-item\"><figure><a href=\"https:\/\/www.skimo.at\/rennen\/293924\/ergebnisse-und-bilder-von-der-sellaronda-25-3-2022\/icr3031\/\"><img loading=\"lazy\" width=\"1024\" height=\"683\" src=\"https:\/\/www.skimo.at\/rennen\/files\/2022\/03\/icr3031-1024x683.jpg\" alt=\"\" data-id=\"293962\" data-full-url=\"https:\/\/www.skimo.at\/rennen\/files\/2022\/03\/icr3031.jpg\" data-link=\"https:\/\/www.skimo.at\/rennen\/293924\/ergebnisse-und-bilder-von-der-sellaronda-25-3-2022\/icr3031\/\" class=\"wp-image-293962\" srcset=\"https:\/\/www.skimo.at\/rennen\/files\/2022\/03\/icr3031-1024x683.jpg 1024w, https:\/\/www.skimo.at\/rennen\/files\/2022\/03\/icr3031-300x200.jpg 300w, https:\/\/www.skimo.at\/rennen\/files\/2022\/03\/icr3031-768x512.jpg 768w, https:\/\/www.skimo.at\/rennen\/files\/2022\/03\/icr3031-746x497.jpg 746w, https:\/\/www.skimo.at\/rennen\/files\/2022\/03\/icr3031-618x412.jpg 618w, https:\/\/www.skimo.at\/rennen\/files\/2022\/03\/icr3031-554x370.jpg 554w, https:\/\/www.skimo.at\/rennen\/files\/2022\/03\/icr3031-299x199.jpg 299w, https:\/\/www.skimo.at\/rennen\/files\/2022\/03\/icr3031-1224x816.jpg 1224w, https:\/\/www.skimo.at\/rennen\/files\/2022\/03\/icr3031-970x647.jpg 970w, https:\/\/www.skimo.at\/rennen\/files\/2022\/03\/icr3031-139x93.jpg 139w, https:\/\/www.skimo.at\/rennen\/files\/2022\/03\/icr3031-540x360.jpg 540w, https:\/\/www.skimo.at\/rennen\/files\/2022\/03\/icr3031.jpg 1799w\" sizes=\"(max-width: 1024px) 100vw, 1024px\" \/><\/a><\/figure><\/li><li class=\"blocks-gallery-item\"><figure><a href=\"https:\/\/www.skimo.at\/rennen\/293924\/ergebnisse-und-bilder-von-der-sellaronda-25-3-2022\/icr3034\/\"><img loading=\"lazy\" width=\"1024\" height=\"683\" src=\"https:\/\/www.skimo.at\/rennen\/files\/2022\/03\/icr3034-1024x683.jpg\" alt=\"\" data-id=\"293963\" data-full-url=\"https:\/\/www.skimo.at\/rennen\/files\/2022\/03\/icr3034.jpg\" data-link=\"https:\/\/www.skimo.at\/rennen\/293924\/ergebnisse-und-bilder-von-der-sellaronda-25-3-2022\/icr3034\/\" class=\"wp-image-293963\" srcset=\"https:\/\/www.skimo.at\/rennen\/files\/2022\/03\/icr3034-1024x683.jpg 1024w, https:\/\/www.skimo.at\/rennen\/files\/2022\/03\/icr3034-300x200.jpg 300w, https:\/\/www.skimo.at\/rennen\/files\/2022\/03\/icr3034-768x512.jpg 768w, https:\/\/www.skimo.at\/rennen\/files\/2022\/03\/icr3034-746x497.jpg 746w, https:\/\/www.skimo.at\/rennen\/files\/2022\/03\/icr3034-618x412.jpg 618w, https:\/\/www.skimo.at\/rennen\/files\/2022\/03\/icr3034-554x370.jpg 554w, https:\/\/www.skimo.at\/rennen\/files\/2022\/03\/icr3034-299x199.jpg 299w, https:\/\/www.skimo.at\/rennen\/files\/2022\/03\/icr3034-1224x816.jpg 1224w, https:\/\/www.skimo.at\/rennen\/files\/2022\/03\/icr3034-970x647.jpg 970w, https:\/\/www.skimo.at\/rennen\/files\/2022\/03\/icr3034-139x93.jpg 139w, https:\/\/www.skimo.at\/rennen\/files\/2022\/03\/icr3034-540x360.jpg 540w, https:\/\/www.skimo.at\/rennen\/files\/2022\/03\/icr3034.jpg 1799w\" sizes=\"(max-width: 1024px) 100vw, 1024px\" \/><\/a><\/figure><\/li><li class=\"blocks-gallery-item\"><figure><a href=\"https:\/\/www.skimo.at\/rennen\/293924\/ergebnisse-und-bilder-von-der-sellaronda-25-3-2022\/icr3043\/\"><img loading=\"lazy\" width=\"1024\" height=\"683\" src=\"https:\/\/www.skimo.at\/rennen\/files\/2022\/03\/icr3043-1024x683.jpg\" alt=\"\" data-id=\"293964\" data-full-url=\"https:\/\/www.skimo.at\/rennen\/files\/2022\/03\/icr3043.jpg\" data-link=\"https:\/\/www.skimo.at\/rennen\/293924\/ergebnisse-und-bilder-von-der-sellaronda-25-3-2022\/icr3043\/\" class=\"wp-image-293964\" srcset=\"https:\/\/www.skimo.at\/rennen\/files\/2022\/03\/icr3043-1024x683.jpg 1024w, https:\/\/www.skimo.at\/rennen\/files\/2022\/03\/icr3043-300x200.jpg 300w, https:\/\/www.skimo.at\/rennen\/files\/2022\/03\/icr3043-768x512.jpg 768w, https:\/\/www.skimo.at\/rennen\/files\/2022\/03\/icr3043-746x497.jpg 746w, https:\/\/www.skimo.at\/rennen\/files\/2022\/03\/icr3043-618x412.jpg 618w, https:\/\/www.skimo.at\/rennen\/files\/2022\/03\/icr3043-554x370.jpg 554w, https:\/\/www.skimo.at\/rennen\/files\/2022\/03\/icr3043-299x199.jpg 299w, https:\/\/www.skimo.at\/rennen\/files\/2022\/03\/icr3043-1224x816.jpg 1224w, https:\/\/www.skimo.at\/rennen\/files\/2022\/03\/icr3043-970x647.jpg 970w, https:\/\/www.skimo.at\/rennen\/files\/2022\/03\/icr3043-139x93.jpg 139w, https:\/\/www.skimo.at\/rennen\/files\/2022\/03\/icr3043-540x360.jpg 540w, https:\/\/www.skimo.at\/rennen\/files\/2022\/03\/icr3043.jpg 1799w\" sizes=\"(max-width: 1024px) 100vw, 1024px\" \/><\/a><\/figure><\/li><li class=\"blocks-gallery-item\"><figure><a href=\"https:\/\/www.skimo.at\/rennen\/293924\/ergebnisse-und-bilder-von-der-sellaronda-25-3-2022\/icr3044\/\"><img loading=\"lazy\" width=\"1024\" height=\"683\" src=\"https:\/\/www.skimo.at\/rennen\/files\/2022\/03\/icr3044-1024x683.jpg\" alt=\"\" data-id=\"293965\" data-full-url=\"https:\/\/www.skimo.at\/rennen\/files\/2022\/03\/icr3044.jpg\" data-link=\"https:\/\/www.skimo.at\/rennen\/293924\/ergebnisse-und-bilder-von-der-sellaronda-25-3-2022\/icr3044\/\" class=\"wp-image-293965\" srcset=\"https:\/\/www.skimo.at\/rennen\/files\/2022\/03\/icr3044-1024x683.jpg 1024w, https:\/\/www.skimo.at\/rennen\/files\/2022\/03\/icr3044-300x200.jpg 300w, https:\/\/www.skimo.at\/rennen\/files\/2022\/03\/icr3044-768x512.jpg 768w, https:\/\/www.skimo.at\/rennen\/files\/2022\/03\/icr3044-746x497.jpg 746w, https:\/\/www.skimo.at\/rennen\/files\/2022\/03\/icr3044-618x412.jpg 618w, https:\/\/www.skimo.at\/rennen\/files\/2022\/03\/icr3044-554x370.jpg 554w, https:\/\/www.skimo.at\/rennen\/files\/2022\/03\/icr3044-299x199.jpg 299w, https:\/\/www.skimo.at\/rennen\/files\/2022\/03\/icr3044-1224x816.jpg 1224w, https:\/\/www.skimo.at\/rennen\/files\/2022\/03\/icr3044-970x647.jpg 970w, https:\/\/www.skimo.at\/rennen\/files\/2022\/03\/icr3044-139x93.jpg 139w, https:\/\/www.skimo.at\/rennen\/files\/2022\/03\/icr3044-540x360.jpg 540w, https:\/\/www.skimo.at\/rennen\/files\/2022\/03\/icr3044.jpg 1799w\" sizes=\"(max-width: 1024px) 100vw, 1024px\" \/><\/a><\/figure><\/li><li class=\"blocks-gallery-item\"><figure><a href=\"https:\/\/www.skimo.at\/rennen\/293924\/ergebnisse-und-bilder-von-der-sellaronda-25-3-2022\/icr3048\/\"><img loading=\"lazy\" width=\"1024\" height=\"683\" src=\"https:\/\/www.skimo.at\/rennen\/files\/2022\/03\/icr3048-1024x683.jpg\" alt=\"\" data-id=\"293966\" data-full-url=\"https:\/\/www.skimo.at\/rennen\/files\/2022\/03\/icr3048.jpg\" data-link=\"https:\/\/www.skimo.at\/rennen\/293924\/ergebnisse-und-bilder-von-der-sellaronda-25-3-2022\/icr3048\/\" class=\"wp-image-293966\" srcset=\"https:\/\/www.skimo.at\/rennen\/files\/2022\/03\/icr3048-1024x683.jpg 1024w, https:\/\/www.skimo.at\/rennen\/files\/2022\/03\/icr3048-300x200.jpg 300w, https:\/\/www.skimo.at\/rennen\/files\/2022\/03\/icr3048-768x512.jpg 768w, https:\/\/www.skimo.at\/rennen\/files\/2022\/03\/icr3048-746x497.jpg 746w, https:\/\/www.skimo.at\/rennen\/files\/2022\/03\/icr3048-618x412.jpg 618w, https:\/\/www.skimo.at\/rennen\/files\/2022\/03\/icr3048-554x370.jpg 554w, https:\/\/www.skimo.at\/rennen\/files\/2022\/03\/icr3048-299x199.jpg 299w, https:\/\/www.skimo.at\/rennen\/files\/2022\/03\/icr3048-1224x816.jpg 1224w, https:\/\/www.skimo.at\/rennen\/files\/2022\/03\/icr3048-970x647.jpg 970w, https:\/\/www.skimo.at\/rennen\/files\/2022\/03\/icr3048-139x93.jpg 139w, https:\/\/www.skimo.at\/rennen\/files\/2022\/03\/icr3048-540x360.jpg 540w, https:\/\/www.skimo.at\/rennen\/files\/2022\/03\/icr3048.jpg 1799w\" sizes=\"(max-width: 1024px) 100vw, 1024px\" \/><\/a><\/figure><\/li><li class=\"blocks-gallery-item\"><figure><a href=\"https:\/\/www.skimo.at\/rennen\/293924\/ergebnisse-und-bilder-von-der-sellaronda-25-3-2022\/icr3052\/\"><img loading=\"lazy\" width=\"1024\" height=\"683\" src=\"https:\/\/www.skimo.at\/rennen\/files\/2022\/03\/icr3052-1024x683.jpg\" alt=\"\" data-id=\"293967\" data-full-url=\"https:\/\/www.skimo.at\/rennen\/files\/2022\/03\/icr3052.jpg\" data-link=\"https:\/\/www.skimo.at\/rennen\/293924\/ergebnisse-und-bilder-von-der-sellaronda-25-3-2022\/icr3052\/\" class=\"wp-image-293967\" srcset=\"https:\/\/www.skimo.at\/rennen\/files\/2022\/03\/icr3052-1024x683.jpg 1024w, https:\/\/www.skimo.at\/rennen\/files\/2022\/03\/icr3052-300x200.jpg 300w, https:\/\/www.skimo.at\/rennen\/files\/2022\/03\/icr3052-768x512.jpg 768w, https:\/\/www.skimo.at\/rennen\/files\/2022\/03\/icr3052-746x497.jpg 746w, https:\/\/www.skimo.at\/rennen\/files\/2022\/03\/icr3052-618x412.jpg 618w, https:\/\/www.skimo.at\/rennen\/files\/2022\/03\/icr3052-554x370.jpg 554w, https:\/\/www.skimo.at\/rennen\/files\/2022\/03\/icr3052-299x199.jpg 299w, https:\/\/www.skimo.at\/rennen\/files\/2022\/03\/icr3052-1224x816.jpg 1224w, https:\/\/www.skimo.at\/rennen\/files\/2022\/03\/icr3052-970x647.jpg 970w, https:\/\/www.skimo.at\/rennen\/files\/2022\/03\/icr3052-139x93.jpg 139w, https:\/\/www.skimo.at\/rennen\/files\/2022\/03\/icr3052-540x360.jpg 540w, https:\/\/www.skimo.at\/rennen\/files\/2022\/03\/icr3052.jpg 1799w\" sizes=\"(max-width: 1024px) 100vw, 1024px\" \/><\/a><\/figure><\/li><li class=\"blocks-gallery-item\"><figure><a href=\"https:\/\/www.skimo.at\/rennen\/293924\/ergebnisse-und-bilder-von-der-sellaronda-25-3-2022\/icr3056\/\"><img loading=\"lazy\" width=\"1024\" height=\"683\" src=\"https:\/\/www.skimo.at\/rennen\/files\/2022\/03\/icr3056-1024x683.jpg\" alt=\"\" data-id=\"293968\" data-full-url=\"https:\/\/www.skimo.at\/rennen\/files\/2022\/03\/icr3056.jpg\" data-link=\"https:\/\/www.skimo.at\/rennen\/293924\/ergebnisse-und-bilder-von-der-sellaronda-25-3-2022\/icr3056\/\" class=\"wp-image-293968\" srcset=\"https:\/\/www.skimo.at\/rennen\/files\/2022\/03\/icr3056-1024x683.jpg 1024w, https:\/\/www.skimo.at\/rennen\/files\/2022\/03\/icr3056-300x200.jpg 300w, https:\/\/www.skimo.at\/rennen\/files\/2022\/03\/icr3056-768x512.jpg 768w, https:\/\/www.skimo.at\/rennen\/files\/2022\/03\/icr3056-746x497.jpg 746w, https:\/\/www.skimo.at\/rennen\/files\/2022\/03\/icr3056-618x412.jpg 618w, https:\/\/www.skimo.at\/rennen\/files\/2022\/03\/icr3056-554x370.jpg 554w, https:\/\/www.skimo.at\/rennen\/files\/2022\/03\/icr3056-299x199.jpg 299w, https:\/\/www.skimo.at\/rennen\/files\/2022\/03\/icr3056-1224x816.jpg 1224w, https:\/\/www.skimo.at\/rennen\/files\/2022\/03\/icr3056-970x647.jpg 970w, https:\/\/www.skimo.at\/rennen\/files\/2022\/03\/icr3056-139x93.jpg 139w, https:\/\/www.skimo.at\/rennen\/files\/2022\/03\/icr3056-540x360.jpg 540w, https:\/\/www.skimo.at\/rennen\/files\/2022\/03\/icr3056.jpg 1799w\" sizes=\"(max-width: 1024px) 100vw, 1024px\" \/><\/a><\/figure><\/li><li class=\"blocks-gallery-item\"><figure><a href=\"https:\/\/www.skimo.at\/rennen\/293924\/ergebnisse-und-bilder-von-der-sellaronda-25-3-2022\/icr3060\/\"><img loading=\"lazy\" width=\"1024\" height=\"683\" src=\"https:\/\/www.skimo.at\/rennen\/files\/2022\/03\/icr3060-1024x683.jpg\" alt=\"\" data-id=\"293969\" data-full-url=\"https:\/\/www.skimo.at\/rennen\/files\/2022\/03\/icr3060.jpg\" data-link=\"https:\/\/www.skimo.at\/rennen\/293924\/ergebnisse-und-bilder-von-der-sellaronda-25-3-2022\/icr3060\/\" class=\"wp-image-293969\" srcset=\"https:\/\/www.skimo.at\/rennen\/files\/2022\/03\/icr3060-1024x683.jpg 1024w, https:\/\/www.skimo.at\/rennen\/files\/2022\/03\/icr3060-300x200.jpg 300w, https:\/\/www.skimo.at\/rennen\/files\/2022\/03\/icr3060-768x512.jpg 768w, https:\/\/www.skimo.at\/rennen\/files\/2022\/03\/icr3060-746x497.jpg 746w, https:\/\/www.skimo.at\/rennen\/files\/2022\/03\/icr3060-618x412.jpg 618w, https:\/\/www.skimo.at\/rennen\/files\/2022\/03\/icr3060-554x370.jpg 554w, https:\/\/www.skimo.at\/rennen\/files\/2022\/03\/icr3060-299x199.jpg 299w, https:\/\/www.skimo.at\/rennen\/files\/2022\/03\/icr3060-1224x816.jpg 1224w, https:\/\/www.skimo.at\/rennen\/files\/2022\/03\/icr3060-970x647.jpg 970w, https:\/\/www.skimo.at\/rennen\/files\/2022\/03\/icr3060-139x93.jpg 139w, https:\/\/www.skimo.at\/rennen\/files\/2022\/03\/icr3060-540x360.jpg 540w, https:\/\/www.skimo.at\/rennen\/files\/2022\/03\/icr3060.jpg 1799w\" sizes=\"(max-width: 1024px) 100vw, 1024px\" \/><\/a><\/figure><\/li><li class=\"blocks-gallery-item\"><figure><a href=\"https:\/\/www.skimo.at\/rennen\/293924\/ergebnisse-und-bilder-von-der-sellaronda-25-3-2022\/icr3061\/\"><img loading=\"lazy\" width=\"1024\" height=\"683\" src=\"https:\/\/www.skimo.at\/rennen\/files\/2022\/03\/icr3061-1024x683.jpg\" alt=\"\" data-id=\"293970\" data-full-url=\"https:\/\/www.skimo.at\/rennen\/files\/2022\/03\/icr3061.jpg\" data-link=\"https:\/\/www.skimo.at\/rennen\/293924\/ergebnisse-und-bilder-von-der-sellaronda-25-3-2022\/icr3061\/\" class=\"wp-image-293970\" srcset=\"https:\/\/www.skimo.at\/rennen\/files\/2022\/03\/icr3061-1024x683.jpg 1024w, https:\/\/www.skimo.at\/rennen\/files\/2022\/03\/icr3061-300x200.jpg 300w, https:\/\/www.skimo.at\/rennen\/files\/2022\/03\/icr3061-768x512.jpg 768w, https:\/\/www.skimo.at\/rennen\/files\/2022\/03\/icr3061-746x497.jpg 746w, https:\/\/www.skimo.at\/rennen\/files\/2022\/03\/icr3061-618x412.jpg 618w, https:\/\/www.skimo.at\/rennen\/files\/2022\/03\/icr3061-554x370.jpg 554w, https:\/\/www.skimo.at\/rennen\/files\/2022\/03\/icr3061-299x199.jpg 299w, https:\/\/www.skimo.at\/rennen\/files\/2022\/03\/icr3061-1224x816.jpg 1224w, https:\/\/www.skimo.at\/rennen\/files\/2022\/03\/icr3061-970x647.jpg 970w, https:\/\/www.skimo.at\/rennen\/files\/2022\/03\/icr3061-139x93.jpg 139w, https:\/\/www.skimo.at\/rennen\/files\/2022\/03\/icr3061-540x360.jpg 540w, https:\/\/www.skimo.at\/rennen\/files\/2022\/03\/icr3061.jpg 1799w\" sizes=\"(max-width: 1024px) 100vw, 1024px\" \/><\/a><\/figure><\/li><li class=\"blocks-gallery-item\"><figure><a href=\"https:\/\/www.skimo.at\/rennen\/293924\/ergebnisse-und-bilder-von-der-sellaronda-25-3-2022\/icr3063\/\"><img loading=\"lazy\" width=\"1024\" height=\"683\" src=\"https:\/\/www.skimo.at\/rennen\/files\/2022\/03\/icr3063-1024x683.jpg\" alt=\"\" data-id=\"293971\" data-full-url=\"https:\/\/www.skimo.at\/rennen\/files\/2022\/03\/icr3063.jpg\" data-link=\"https:\/\/www.skimo.at\/rennen\/293924\/ergebnisse-und-bilder-von-der-sellaronda-25-3-2022\/icr3063\/\" class=\"wp-image-293971\" srcset=\"https:\/\/www.skimo.at\/rennen\/files\/2022\/03\/icr3063-1024x683.jpg 1024w, https:\/\/www.skimo.at\/rennen\/files\/2022\/03\/icr3063-300x200.jpg 300w, https:\/\/www.skimo.at\/rennen\/files\/2022\/03\/icr3063-768x512.jpg 768w, https:\/\/www.skimo.at\/rennen\/files\/2022\/03\/icr3063-746x497.jpg 746w, https:\/\/www.skimo.at\/rennen\/files\/2022\/03\/icr3063-618x412.jpg 618w, https:\/\/www.skimo.at\/rennen\/files\/2022\/03\/icr3063-554x370.jpg 554w, https:\/\/www.skimo.at\/rennen\/files\/2022\/03\/icr3063-299x199.jpg 299w, https:\/\/www.skimo.at\/rennen\/files\/2022\/03\/icr3063-1224x816.jpg 1224w, https:\/\/www.skimo.at\/rennen\/files\/2022\/03\/icr3063-970x647.jpg 970w, https:\/\/www.skimo.at\/rennen\/files\/2022\/03\/icr3063-139x93.jpg 139w, https:\/\/www.skimo.at\/rennen\/files\/2022\/03\/icr3063-540x360.jpg 540w, https:\/\/www.skimo.at\/rennen\/files\/2022\/03\/icr3063.jpg 1799w\" sizes=\"(max-width: 1024px) 100vw, 1024px\" \/><\/a><\/figure><\/li><li class=\"blocks-gallery-item\"><figure><a href=\"https:\/\/www.skimo.at\/rennen\/293924\/ergebnisse-und-bilder-von-der-sellaronda-25-3-2022\/icr3077\/\"><img loading=\"lazy\" width=\"1024\" height=\"683\" src=\"https:\/\/www.skimo.at\/rennen\/files\/2022\/03\/icr3077-1024x683.jpg\" alt=\"\" data-id=\"293972\" data-full-url=\"https:\/\/www.skimo.at\/rennen\/files\/2022\/03\/icr3077.jpg\" data-link=\"https:\/\/www.skimo.at\/rennen\/293924\/ergebnisse-und-bilder-von-der-sellaronda-25-3-2022\/icr3077\/\" class=\"wp-image-293972\" srcset=\"https:\/\/www.skimo.at\/rennen\/files\/2022\/03\/icr3077-1024x683.jpg 1024w, https:\/\/www.skimo.at\/rennen\/files\/2022\/03\/icr3077-300x200.jpg 300w, https:\/\/www.skimo.at\/rennen\/files\/2022\/03\/icr3077-768x512.jpg 768w, https:\/\/www.skimo.at\/rennen\/files\/2022\/03\/icr3077-746x497.jpg 746w, https:\/\/www.skimo.at\/rennen\/files\/2022\/03\/icr3077-618x412.jpg 618w, https:\/\/www.skimo.at\/rennen\/files\/2022\/03\/icr3077-554x370.jpg 554w, https:\/\/www.skimo.at\/rennen\/files\/2022\/03\/icr3077-299x199.jpg 299w, https:\/\/www.skimo.at\/rennen\/files\/2022\/03\/icr3077-1224x816.jpg 1224w, https:\/\/www.skimo.at\/rennen\/files\/2022\/03\/icr3077-970x647.jpg 970w, https:\/\/www.skimo.at\/rennen\/files\/2022\/03\/icr3077-139x93.jpg 139w, https:\/\/www.skimo.at\/rennen\/files\/2022\/03\/icr3077-540x360.jpg 540w, https:\/\/www.skimo.at\/rennen\/files\/2022\/03\/icr3077.jpg 1799w\" sizes=\"(max-width: 1024px) 100vw, 1024px\" \/><\/a><\/figure><\/li><li class=\"blocks-gallery-item\"><figure><a href=\"https:\/\/www.skimo.at\/rennen\/293924\/ergebnisse-und-bilder-von-der-sellaronda-25-3-2022\/icr3082\/\"><img loading=\"lazy\" width=\"1024\" height=\"683\" src=\"https:\/\/www.skimo.at\/rennen\/files\/2022\/03\/icr3082-1024x683.jpg\" alt=\"\" data-id=\"293973\" data-full-url=\"https:\/\/www.skimo.at\/rennen\/files\/2022\/03\/icr3082.jpg\" data-link=\"https:\/\/www.skimo.at\/rennen\/293924\/ergebnisse-und-bilder-von-der-sellaronda-25-3-2022\/icr3082\/\" class=\"wp-image-293973\" srcset=\"https:\/\/www.skimo.at\/rennen\/files\/2022\/03\/icr3082-1024x683.jpg 1024w, https:\/\/www.skimo.at\/rennen\/files\/2022\/03\/icr3082-300x200.jpg 300w, https:\/\/www.skimo.at\/rennen\/files\/2022\/03\/icr3082-768x512.jpg 768w, https:\/\/www.skimo.at\/rennen\/files\/2022\/03\/icr3082-746x497.jpg 746w, https:\/\/www.skimo.at\/rennen\/files\/2022\/03\/icr3082-618x412.jpg 618w, https:\/\/www.skimo.at\/rennen\/files\/2022\/03\/icr3082-554x370.jpg 554w, https:\/\/www.skimo.at\/rennen\/files\/2022\/03\/icr3082-299x199.jpg 299w, https:\/\/www.skimo.at\/rennen\/files\/2022\/03\/icr3082-1224x816.jpg 1224w, https:\/\/www.skimo.at\/rennen\/files\/2022\/03\/icr3082-970x647.jpg 970w, https:\/\/www.skimo.at\/rennen\/files\/2022\/03\/icr3082-139x93.jpg 139w, https:\/\/www.skimo.at\/rennen\/files\/2022\/03\/icr3082-540x360.jpg 540w, https:\/\/www.skimo.at\/rennen\/files\/2022\/03\/icr3082.jpg 1799w\" sizes=\"(max-width: 1024px) 100vw, 1024px\" \/><\/a><\/figure><\/li><li class=\"blocks-gallery-item\"><figure><a href=\"https:\/\/www.skimo.at\/rennen\/293924\/ergebnisse-und-bilder-von-der-sellaronda-25-3-2022\/icr3090\/\"><img loading=\"lazy\" width=\"1024\" height=\"683\" src=\"https:\/\/www.skimo.at\/rennen\/files\/2022\/03\/icr3090-1024x683.jpg\" alt=\"\" data-id=\"293974\" data-full-url=\"https:\/\/www.skimo.at\/rennen\/files\/2022\/03\/icr3090.jpg\" data-link=\"https:\/\/www.skimo.at\/rennen\/293924\/ergebnisse-und-bilder-von-der-sellaronda-25-3-2022\/icr3090\/\" class=\"wp-image-293974\" srcset=\"https:\/\/www.skimo.at\/rennen\/files\/2022\/03\/icr3090-1024x683.jpg 1024w, https:\/\/www.skimo.at\/rennen\/files\/2022\/03\/icr3090-300x200.jpg 300w, https:\/\/www.skimo.at\/rennen\/files\/2022\/03\/icr3090-768x512.jpg 768w, https:\/\/www.skimo.at\/rennen\/files\/2022\/03\/icr3090-746x497.jpg 746w, https:\/\/www.skimo.at\/rennen\/files\/2022\/03\/icr3090-618x412.jpg 618w, https:\/\/www.skimo.at\/rennen\/files\/2022\/03\/icr3090-554x370.jpg 554w, https:\/\/www.skimo.at\/rennen\/files\/2022\/03\/icr3090-299x199.jpg 299w, https:\/\/www.skimo.at\/rennen\/files\/2022\/03\/icr3090-1224x816.jpg 1224w, https:\/\/www.skimo.at\/rennen\/files\/2022\/03\/icr3090-970x647.jpg 970w, https:\/\/www.skimo.at\/rennen\/files\/2022\/03\/icr3090-139x93.jpg 139w, https:\/\/www.skimo.at\/rennen\/files\/2022\/03\/icr3090-540x360.jpg 540w, https:\/\/www.skimo.at\/rennen\/files\/2022\/03\/icr3090.jpg 1799w\" sizes=\"(max-width: 1024px) 100vw, 1024px\" \/><\/a><\/figure><\/li><li class=\"blocks-gallery-item\"><figure><a href=\"https:\/\/www.skimo.at\/rennen\/293924\/ergebnisse-und-bilder-von-der-sellaronda-25-3-2022\/icr3103\/\"><img loading=\"lazy\" width=\"1024\" height=\"683\" src=\"https:\/\/www.skimo.at\/rennen\/files\/2022\/03\/icr3103-1024x683.jpg\" alt=\"\" data-id=\"293976\" data-full-url=\"https:\/\/www.skimo.at\/rennen\/files\/2022\/03\/icr3103.jpg\" data-link=\"https:\/\/www.skimo.at\/rennen\/293924\/ergebnisse-und-bilder-von-der-sellaronda-25-3-2022\/icr3103\/\" class=\"wp-image-293976\" srcset=\"https:\/\/www.skimo.at\/rennen\/files\/2022\/03\/icr3103-1024x683.jpg 1024w, https:\/\/www.skimo.at\/rennen\/files\/2022\/03\/icr3103-300x200.jpg 300w, https:\/\/www.skimo.at\/rennen\/files\/2022\/03\/icr3103-768x512.jpg 768w, https:\/\/www.skimo.at\/rennen\/files\/2022\/03\/icr3103-746x497.jpg 746w, https:\/\/www.skimo.at\/rennen\/files\/2022\/03\/icr3103-618x412.jpg 618w, https:\/\/www.skimo.at\/rennen\/files\/2022\/03\/icr3103-554x370.jpg 554w, https:\/\/www.skimo.at\/rennen\/files\/2022\/03\/icr3103-299x199.jpg 299w, https:\/\/www.skimo.at\/rennen\/files\/2022\/03\/icr3103-1224x816.jpg 1224w, https:\/\/www.skimo.at\/rennen\/files\/2022\/03\/icr3103-970x647.jpg 970w, https:\/\/www.skimo.at\/rennen\/files\/2022\/03\/icr3103-139x93.jpg 139w, https:\/\/www.skimo.at\/rennen\/files\/2022\/03\/icr3103-540x360.jpg 540w, https:\/\/www.skimo.at\/rennen\/files\/2022\/03\/icr3103.jpg 1799w\" sizes=\"(max-width: 1024px) 100vw, 1024px\" \/><\/a><\/figure><\/li><li class=\"blocks-gallery-item\"><figure><a href=\"https:\/\/www.skimo.at\/rennen\/293924\/ergebnisse-und-bilder-von-der-sellaronda-25-3-2022\/icr3106\/\"><img loading=\"lazy\" width=\"1024\" height=\"683\" src=\"https:\/\/www.skimo.at\/rennen\/files\/2022\/03\/icr3106-1024x683.jpg\" alt=\"\" data-id=\"293977\" data-full-url=\"https:\/\/www.skimo.at\/rennen\/files\/2022\/03\/icr3106.jpg\" data-link=\"https:\/\/www.skimo.at\/rennen\/293924\/ergebnisse-und-bilder-von-der-sellaronda-25-3-2022\/icr3106\/\" class=\"wp-image-293977\" srcset=\"https:\/\/www.skimo.at\/rennen\/files\/2022\/03\/icr3106-1024x683.jpg 1024w, https:\/\/www.skimo.at\/rennen\/files\/2022\/03\/icr3106-300x200.jpg 300w, https:\/\/www.skimo.at\/rennen\/files\/2022\/03\/icr3106-768x512.jpg 768w, https:\/\/www.skimo.at\/rennen\/files\/2022\/03\/icr3106-746x497.jpg 746w, https:\/\/www.skimo.at\/rennen\/files\/2022\/03\/icr3106-618x412.jpg 618w, https:\/\/www.skimo.at\/rennen\/files\/2022\/03\/icr3106-554x370.jpg 554w, https:\/\/www.skimo.at\/rennen\/files\/2022\/03\/icr3106-299x199.jpg 299w, https:\/\/www.skimo.at\/rennen\/files\/2022\/03\/icr3106-1224x816.jpg 1224w, https:\/\/www.skimo.at\/rennen\/files\/2022\/03\/icr3106-970x647.jpg 970w, https:\/\/www.skimo.at\/rennen\/files\/2022\/03\/icr3106-139x93.jpg 139w, https:\/\/www.skimo.at\/rennen\/files\/2022\/03\/icr3106-540x360.jpg 540w, https:\/\/www.skimo.at\/rennen\/files\/2022\/03\/icr3106.jpg 1799w\" sizes=\"(max-width: 1024px) 100vw, 1024px\" \/><\/a><\/figure><\/li><li class=\"blocks-gallery-item\"><figure><a href=\"https:\/\/www.skimo.at\/rennen\/293924\/ergebnisse-und-bilder-von-der-sellaronda-25-3-2022\/icr3113\/\"><img loading=\"lazy\" width=\"1024\" height=\"683\" src=\"https:\/\/www.skimo.at\/rennen\/files\/2022\/03\/icr3113-1024x683.jpg\" alt=\"\" data-id=\"293978\" data-full-url=\"https:\/\/www.skimo.at\/rennen\/files\/2022\/03\/icr3113.jpg\" data-link=\"https:\/\/www.skimo.at\/rennen\/293924\/ergebnisse-und-bilder-von-der-sellaronda-25-3-2022\/icr3113\/\" class=\"wp-image-293978\" srcset=\"https:\/\/www.skimo.at\/rennen\/files\/2022\/03\/icr3113-1024x683.jpg 1024w, https:\/\/www.skimo.at\/rennen\/files\/2022\/03\/icr3113-300x200.jpg 300w, https:\/\/www.skimo.at\/rennen\/files\/2022\/03\/icr3113-768x512.jpg 768w, https:\/\/www.skimo.at\/rennen\/files\/2022\/03\/icr3113-746x497.jpg 746w, https:\/\/www.skimo.at\/rennen\/files\/2022\/03\/icr3113-618x412.jpg 618w, https:\/\/www.skimo.at\/rennen\/files\/2022\/03\/icr3113-554x370.jpg 554w, https:\/\/www.skimo.at\/rennen\/files\/2022\/03\/icr3113-299x199.jpg 299w, https:\/\/www.skimo.at\/rennen\/files\/2022\/03\/icr3113-1224x816.jpg 1224w, https:\/\/www.skimo.at\/rennen\/files\/2022\/03\/icr3113-970x647.jpg 970w, https:\/\/www.skimo.at\/rennen\/files\/2022\/03\/icr3113-139x93.jpg 139w, https:\/\/www.skimo.at\/rennen\/files\/2022\/03\/icr3113-540x360.jpg 540w, https:\/\/www.skimo.at\/rennen\/files\/2022\/03\/icr3113.jpg 1799w\" sizes=\"(max-width: 1024px) 100vw, 1024px\" \/><\/a><\/figure><\/li><li class=\"blocks-gallery-item\"><figure><a href=\"https:\/\/www.skimo.at\/rennen\/293924\/ergebnisse-und-bilder-von-der-sellaronda-25-3-2022\/icr3116\/\"><img loading=\"lazy\" width=\"1024\" height=\"683\" src=\"https:\/\/www.skimo.at\/rennen\/files\/2022\/03\/icr3116-1024x683.jpg\" alt=\"\" data-id=\"293979\" data-full-url=\"https:\/\/www.skimo.at\/rennen\/files\/2022\/03\/icr3116.jpg\" data-link=\"https:\/\/www.skimo.at\/rennen\/293924\/ergebnisse-und-bilder-von-der-sellaronda-25-3-2022\/icr3116\/\" class=\"wp-image-293979\" srcset=\"https:\/\/www.skimo.at\/rennen\/files\/2022\/03\/icr3116-1024x683.jpg 1024w, https:\/\/www.skimo.at\/rennen\/files\/2022\/03\/icr3116-300x200.jpg 300w, https:\/\/www.skimo.at\/rennen\/files\/2022\/03\/icr3116-768x512.jpg 768w, https:\/\/www.skimo.at\/rennen\/files\/2022\/03\/icr3116-746x497.jpg 746w, https:\/\/www.skimo.at\/rennen\/files\/2022\/03\/icr3116-618x412.jpg 618w, https:\/\/www.skimo.at\/rennen\/files\/2022\/03\/icr3116-554x370.jpg 554w, https:\/\/www.skimo.at\/rennen\/files\/2022\/03\/icr3116-299x199.jpg 299w, https:\/\/www.skimo.at\/rennen\/files\/2022\/03\/icr3116-1224x816.jpg 1224w, https:\/\/www.skimo.at\/rennen\/files\/2022\/03\/icr3116-970x647.jpg 970w, https:\/\/www.skimo.at\/rennen\/files\/2022\/03\/icr3116-139x93.jpg 139w, https:\/\/www.skimo.at\/rennen\/files\/2022\/03\/icr3116-540x360.jpg 540w, https:\/\/www.skimo.at\/rennen\/files\/2022\/03\/icr3116.jpg 1799w\" sizes=\"(max-width: 1024px) 100vw, 1024px\" \/><\/a><\/figure><\/li><li class=\"blocks-gallery-item\"><figure><a href=\"https:\/\/www.skimo.at\/rennen\/293924\/ergebnisse-und-bilder-von-der-sellaronda-25-3-2022\/icr3121\/\"><img loading=\"lazy\" width=\"1024\" height=\"683\" src=\"https:\/\/www.skimo.at\/rennen\/files\/2022\/03\/icr3121-1024x683.jpg\" alt=\"\" data-id=\"293980\" data-full-url=\"https:\/\/www.skimo.at\/rennen\/files\/2022\/03\/icr3121.jpg\" data-link=\"https:\/\/www.skimo.at\/rennen\/293924\/ergebnisse-und-bilder-von-der-sellaronda-25-3-2022\/icr3121\/\" class=\"wp-image-293980\" srcset=\"https:\/\/www.skimo.at\/rennen\/files\/2022\/03\/icr3121-1024x683.jpg 1024w, https:\/\/www.skimo.at\/rennen\/files\/2022\/03\/icr3121-300x200.jpg 300w, https:\/\/www.skimo.at\/rennen\/files\/2022\/03\/icr3121-768x512.jpg 768w, https:\/\/www.skimo.at\/rennen\/files\/2022\/03\/icr3121-746x497.jpg 746w, https:\/\/www.skimo.at\/rennen\/files\/2022\/03\/icr3121-618x412.jpg 618w, https:\/\/www.skimo.at\/rennen\/files\/2022\/03\/icr3121-554x370.jpg 554w, https:\/\/www.skimo.at\/rennen\/files\/2022\/03\/icr3121-299x199.jpg 299w, https:\/\/www.skimo.at\/rennen\/files\/2022\/03\/icr3121-1224x816.jpg 1224w, https:\/\/www.skimo.at\/rennen\/files\/2022\/03\/icr3121-970x647.jpg 970w, https:\/\/www.skimo.at\/rennen\/files\/2022\/03\/icr3121-139x93.jpg 139w, https:\/\/www.skimo.at\/rennen\/files\/2022\/03\/icr3121-540x360.jpg 540w, https:\/\/www.skimo.at\/rennen\/files\/2022\/03\/icr3121.jpg 1799w\" sizes=\"(max-width: 1024px) 100vw, 1024px\" \/><\/a><\/figure><\/li><li class=\"blocks-gallery-item\"><figure><a href=\"https:\/\/www.skimo.at\/rennen\/293924\/ergebnisse-und-bilder-von-der-sellaronda-25-3-2022\/icr3125\/\"><img loading=\"lazy\" width=\"1024\" height=\"683\" src=\"https:\/\/www.skimo.at\/rennen\/files\/2022\/03\/icr3125-1024x683.jpg\" alt=\"\" data-id=\"293981\" data-full-url=\"https:\/\/www.skimo.at\/rennen\/files\/2022\/03\/icr3125.jpg\" data-link=\"https:\/\/www.skimo.at\/rennen\/293924\/ergebnisse-und-bilder-von-der-sellaronda-25-3-2022\/icr3125\/\" class=\"wp-image-293981\" srcset=\"https:\/\/www.skimo.at\/rennen\/files\/2022\/03\/icr3125-1024x683.jpg 1024w, https:\/\/www.skimo.at\/rennen\/files\/2022\/03\/icr3125-300x200.jpg 300w, https:\/\/www.skimo.at\/rennen\/files\/2022\/03\/icr3125-768x512.jpg 768w, https:\/\/www.skimo.at\/rennen\/files\/2022\/03\/icr3125-746x497.jpg 746w, https:\/\/www.skimo.at\/rennen\/files\/2022\/03\/icr3125-618x412.jpg 618w, https:\/\/www.skimo.at\/rennen\/files\/2022\/03\/icr3125-554x370.jpg 554w, https:\/\/www.skimo.at\/rennen\/files\/2022\/03\/icr3125-299x199.jpg 299w, https:\/\/www.skimo.at\/rennen\/files\/2022\/03\/icr3125-1224x816.jpg 1224w, https:\/\/www.skimo.at\/rennen\/files\/2022\/03\/icr3125-970x647.jpg 970w, https:\/\/www.skimo.at\/rennen\/files\/2022\/03\/icr3125-139x93.jpg 139w, https:\/\/www.skimo.at\/rennen\/files\/2022\/03\/icr3125-540x360.jpg 540w, https:\/\/www.skimo.at\/rennen\/files\/2022\/03\/icr3125.jpg 1799w\" sizes=\"(max-width: 1024px) 100vw, 1024px\" \/><\/a><\/figure><\/li><li class=\"blocks-gallery-item\"><figure><a href=\"https:\/\/www.skimo.at\/rennen\/293924\/ergebnisse-und-bilder-von-der-sellaronda-25-3-2022\/icr3129\/\"><img loading=\"lazy\" width=\"1024\" height=\"683\" src=\"https:\/\/www.skimo.at\/rennen\/files\/2022\/03\/icr3129-1024x683.jpg\" alt=\"\" data-id=\"293982\" data-full-url=\"https:\/\/www.skimo.at\/rennen\/files\/2022\/03\/icr3129.jpg\" data-link=\"https:\/\/www.skimo.at\/rennen\/293924\/ergebnisse-und-bilder-von-der-sellaronda-25-3-2022\/icr3129\/\" class=\"wp-image-293982\" srcset=\"https:\/\/www.skimo.at\/rennen\/files\/2022\/03\/icr3129-1024x683.jpg 1024w, https:\/\/www.skimo.at\/rennen\/files\/2022\/03\/icr3129-300x200.jpg 300w, https:\/\/www.skimo.at\/rennen\/files\/2022\/03\/icr3129-768x512.jpg 768w, https:\/\/www.skimo.at\/rennen\/files\/2022\/03\/icr3129-746x497.jpg 746w, https:\/\/www.skimo.at\/rennen\/files\/2022\/03\/icr3129-618x412.jpg 618w, https:\/\/www.skimo.at\/rennen\/files\/2022\/03\/icr3129-554x370.jpg 554w, https:\/\/www.skimo.at\/rennen\/files\/2022\/03\/icr3129-299x199.jpg 299w, https:\/\/www.skimo.at\/rennen\/files\/2022\/03\/icr3129-1224x816.jpg 1224w, https:\/\/www.skimo.at\/rennen\/files\/2022\/03\/icr3129-970x647.jpg 970w, https:\/\/www.skimo.at\/rennen\/files\/2022\/03\/icr3129-139x93.jpg 139w, https:\/\/www.skimo.at\/rennen\/files\/2022\/03\/icr3129-540x360.jpg 540w, https:\/\/www.skimo.at\/rennen\/files\/2022\/03\/icr3129.jpg 1799w\" sizes=\"(max-width: 1024px) 100vw, 1024px\" \/><\/a><\/figure><\/li><li class=\"blocks-gallery-item\"><figure><a href=\"https:\/\/www.skimo.at\/rennen\/293924\/ergebnisse-und-bilder-von-der-sellaronda-25-3-2022\/icr3131\/\"><img loading=\"lazy\" width=\"1024\" height=\"683\" src=\"https:\/\/www.skimo.at\/rennen\/files\/2022\/03\/icr3131-1024x683.jpg\" alt=\"\" data-id=\"293983\" data-full-url=\"https:\/\/www.skimo.at\/rennen\/files\/2022\/03\/icr3131.jpg\" data-link=\"https:\/\/www.skimo.at\/rennen\/293924\/ergebnisse-und-bilder-von-der-sellaronda-25-3-2022\/icr3131\/\" class=\"wp-image-293983\" srcset=\"https:\/\/www.skimo.at\/rennen\/files\/2022\/03\/icr3131-1024x683.jpg 1024w, https:\/\/www.skimo.at\/rennen\/files\/2022\/03\/icr3131-300x200.jpg 300w, https:\/\/www.skimo.at\/rennen\/files\/2022\/03\/icr3131-768x512.jpg 768w, https:\/\/www.skimo.at\/rennen\/files\/2022\/03\/icr3131-746x497.jpg 746w, https:\/\/www.skimo.at\/rennen\/files\/2022\/03\/icr3131-618x412.jpg 618w, https:\/\/www.skimo.at\/rennen\/files\/2022\/03\/icr3131-554x370.jpg 554w, https:\/\/www.skimo.at\/rennen\/files\/2022\/03\/icr3131-299x199.jpg 299w, https:\/\/www.skimo.at\/rennen\/files\/2022\/03\/icr3131-1224x816.jpg 1224w, https:\/\/www.skimo.at\/rennen\/files\/2022\/03\/icr3131-970x647.jpg 970w, https:\/\/www.skimo.at\/rennen\/files\/2022\/03\/icr3131-139x93.jpg 139w, https:\/\/www.skimo.at\/rennen\/files\/2022\/03\/icr3131-540x360.jpg 540w, https:\/\/www.skimo.at\/rennen\/files\/2022\/03\/icr3131.jpg 1799w\" sizes=\"(max-width: 1024px) 100vw, 1024px\" \/><\/a><\/figure><\/li><li class=\"blocks-gallery-item\"><figure><a href=\"https:\/\/www.skimo.at\/rennen\/293924\/ergebnisse-und-bilder-von-der-sellaronda-25-3-2022\/icr3133\/\"><img loading=\"lazy\" width=\"1024\" height=\"683\" src=\"https:\/\/www.skimo.at\/rennen\/files\/2022\/03\/icr3133-1024x683.jpg\" alt=\"\" data-id=\"293984\" data-full-url=\"https:\/\/www.skimo.at\/rennen\/files\/2022\/03\/icr3133.jpg\" data-link=\"https:\/\/www.skimo.at\/rennen\/293924\/ergebnisse-und-bilder-von-der-sellaronda-25-3-2022\/icr3133\/\" class=\"wp-image-293984\" srcset=\"https:\/\/www.skimo.at\/rennen\/files\/2022\/03\/icr3133-1024x683.jpg 1024w, https:\/\/www.skimo.at\/rennen\/files\/2022\/03\/icr3133-300x200.jpg 300w, https:\/\/www.skimo.at\/rennen\/files\/2022\/03\/icr3133-768x512.jpg 768w, https:\/\/www.skimo.at\/rennen\/files\/2022\/03\/icr3133-746x497.jpg 746w, https:\/\/www.skimo.at\/rennen\/files\/2022\/03\/icr3133-618x412.jpg 618w, https:\/\/www.skimo.at\/rennen\/files\/2022\/03\/icr3133-554x370.jpg 554w, https:\/\/www.skimo.at\/rennen\/files\/2022\/03\/icr3133-299x199.jpg 299w, https:\/\/www.skimo.at\/rennen\/files\/2022\/03\/icr3133-1224x816.jpg 1224w, https:\/\/www.skimo.at\/rennen\/files\/2022\/03\/icr3133-970x647.jpg 970w, https:\/\/www.skimo.at\/rennen\/files\/2022\/03\/icr3133-139x93.jpg 139w, https:\/\/www.skimo.at\/rennen\/files\/2022\/03\/icr3133-540x360.jpg 540w, https:\/\/www.skimo.at\/rennen\/files\/2022\/03\/icr3133.jpg 1799w\" sizes=\"(max-width: 1024px) 100vw, 1024px\" \/><\/a><\/figure><\/li><li class=\"blocks-gallery-item\"><figure><a href=\"https:\/\/www.skimo.at\/rennen\/293924\/ergebnisse-und-bilder-von-der-sellaronda-25-3-2022\/icr3141\/\"><img loading=\"lazy\" width=\"1024\" height=\"683\" src=\"https:\/\/www.skimo.at\/rennen\/files\/2022\/03\/icr3141-1024x683.jpg\" alt=\"\" data-id=\"293985\" data-full-url=\"https:\/\/www.skimo.at\/rennen\/files\/2022\/03\/icr3141.jpg\" data-link=\"https:\/\/www.skimo.at\/rennen\/293924\/ergebnisse-und-bilder-von-der-sellaronda-25-3-2022\/icr3141\/\" class=\"wp-image-293985\" srcset=\"https:\/\/www.skimo.at\/rennen\/files\/2022\/03\/icr3141-1024x683.jpg 1024w, https:\/\/www.skimo.at\/rennen\/files\/2022\/03\/icr3141-300x200.jpg 300w, https:\/\/www.skimo.at\/rennen\/files\/2022\/03\/icr3141-768x512.jpg 768w, https:\/\/www.skimo.at\/rennen\/files\/2022\/03\/icr3141-746x497.jpg 746w, https:\/\/www.skimo.at\/rennen\/files\/2022\/03\/icr3141-618x412.jpg 618w, https:\/\/www.skimo.at\/rennen\/files\/2022\/03\/icr3141-554x370.jpg 554w, https:\/\/www.skimo.at\/rennen\/files\/2022\/03\/icr3141-299x199.jpg 299w, https:\/\/www.skimo.at\/rennen\/files\/2022\/03\/icr3141-1224x816.jpg 1224w, https:\/\/www.skimo.at\/rennen\/files\/2022\/03\/icr3141-970x647.jpg 970w, https:\/\/www.skimo.at\/rennen\/files\/2022\/03\/icr3141-139x93.jpg 139w, https:\/\/www.skimo.at\/rennen\/files\/2022\/03\/icr3141-540x360.jpg 540w, https:\/\/www.skimo.at\/rennen\/files\/2022\/03\/icr3141.jpg 1799w\" sizes=\"(max-width: 1024px) 100vw, 1024px\" \/><\/a><\/figure><\/li><li class=\"blocks-gallery-item\"><figure><a href=\"https:\/\/www.skimo.at\/rennen\/293924\/ergebnisse-und-bilder-von-der-sellaronda-25-3-2022\/icr3153\/\"><img loading=\"lazy\" width=\"1024\" height=\"683\" src=\"https:\/\/www.skimo.at\/rennen\/files\/2022\/03\/icr3153-1024x683.jpg\" alt=\"\" data-id=\"293986\" data-full-url=\"https:\/\/www.skimo.at\/rennen\/files\/2022\/03\/icr3153.jpg\" data-link=\"https:\/\/www.skimo.at\/rennen\/293924\/ergebnisse-und-bilder-von-der-sellaronda-25-3-2022\/icr3153\/\" class=\"wp-image-293986\" srcset=\"https:\/\/www.skimo.at\/rennen\/files\/2022\/03\/icr3153-1024x683.jpg 1024w, https:\/\/www.skimo.at\/rennen\/files\/2022\/03\/icr3153-300x200.jpg 300w, https:\/\/www.skimo.at\/rennen\/files\/2022\/03\/icr3153-768x512.jpg 768w, https:\/\/www.skimo.at\/rennen\/files\/2022\/03\/icr3153-746x497.jpg 746w, https:\/\/www.skimo.at\/rennen\/files\/2022\/03\/icr3153-618x412.jpg 618w, https:\/\/www.skimo.at\/rennen\/files\/2022\/03\/icr3153-554x370.jpg 554w, https:\/\/www.skimo.at\/rennen\/files\/2022\/03\/icr3153-299x199.jpg 299w, https:\/\/www.skimo.at\/rennen\/files\/2022\/03\/icr3153-1224x816.jpg 1224w, https:\/\/www.skimo.at\/rennen\/files\/2022\/03\/icr3153-970x647.jpg 970w, https:\/\/www.skimo.at\/rennen\/files\/2022\/03\/icr3153-139x93.jpg 139w, https:\/\/www.skimo.at\/rennen\/files\/2022\/03\/icr3153-540x360.jpg 540w, https:\/\/www.skimo.at\/rennen\/files\/2022\/03\/icr3153.jpg 1799w\" sizes=\"(max-width: 1024px) 100vw, 1024px\" \/><\/a><\/figure><\/li><li class=\"blocks-gallery-item\"><figure><a href=\"https:\/\/www.skimo.at\/rennen\/293924\/ergebnisse-und-bilder-von-der-sellaronda-25-3-2022\/icr3154\/\"><img loading=\"lazy\" width=\"1024\" height=\"683\" src=\"https:\/\/www.skimo.at\/rennen\/files\/2022\/03\/icr3154-1024x683.jpg\" alt=\"\" data-id=\"293987\" data-full-url=\"https:\/\/www.skimo.at\/rennen\/files\/2022\/03\/icr3154.jpg\" data-link=\"https:\/\/www.skimo.at\/rennen\/293924\/ergebnisse-und-bilder-von-der-sellaronda-25-3-2022\/icr3154\/\" class=\"wp-image-293987\" srcset=\"https:\/\/www.skimo.at\/rennen\/files\/2022\/03\/icr3154-1024x683.jpg 1024w, https:\/\/www.skimo.at\/rennen\/files\/2022\/03\/icr3154-300x200.jpg 300w, https:\/\/www.skimo.at\/rennen\/files\/2022\/03\/icr3154-768x512.jpg 768w, https:\/\/www.skimo.at\/rennen\/files\/2022\/03\/icr3154-746x497.jpg 746w, https:\/\/www.skimo.at\/rennen\/files\/2022\/03\/icr3154-618x412.jpg 618w, https:\/\/www.skimo.at\/rennen\/files\/2022\/03\/icr3154-554x370.jpg 554w, https:\/\/www.skimo.at\/rennen\/files\/2022\/03\/icr3154-299x199.jpg 299w, https:\/\/www.skimo.at\/rennen\/files\/2022\/03\/icr3154-1224x816.jpg 1224w, https:\/\/www.skimo.at\/rennen\/files\/2022\/03\/icr3154-970x647.jpg 970w, https:\/\/www.skimo.at\/rennen\/files\/2022\/03\/icr3154-139x93.jpg 139w, https:\/\/www.skimo.at\/rennen\/files\/2022\/03\/icr3154-540x360.jpg 540w, https:\/\/www.skimo.at\/rennen\/files\/2022\/03\/icr3154.jpg 1799w\" sizes=\"(max-width: 1024px) 100vw, 1024px\" \/><\/a><\/figure><\/li><li class=\"blocks-gallery-item\"><figure><a href=\"https:\/\/www.skimo.at\/rennen\/293924\/ergebnisse-und-bilder-von-der-sellaronda-25-3-2022\/icr3156\/\"><img loading=\"lazy\" width=\"1024\" height=\"683\" src=\"https:\/\/www.skimo.at\/rennen\/files\/2022\/03\/icr3156-1024x683.jpg\" alt=\"\" data-id=\"293988\" data-full-url=\"https:\/\/www.skimo.at\/rennen\/files\/2022\/03\/icr3156.jpg\" data-link=\"https:\/\/www.skimo.at\/rennen\/293924\/ergebnisse-und-bilder-von-der-sellaronda-25-3-2022\/icr3156\/\" class=\"wp-image-293988\" srcset=\"https:\/\/www.skimo.at\/rennen\/files\/2022\/03\/icr3156-1024x683.jpg 1024w, https:\/\/www.skimo.at\/rennen\/files\/2022\/03\/icr3156-300x200.jpg 300w, https:\/\/www.skimo.at\/rennen\/files\/2022\/03\/icr3156-768x512.jpg 768w, https:\/\/www.skimo.at\/rennen\/files\/2022\/03\/icr3156-746x497.jpg 746w, https:\/\/www.skimo.at\/rennen\/files\/2022\/03\/icr3156-618x412.jpg 618w, https:\/\/www.skimo.at\/rennen\/files\/2022\/03\/icr3156-554x370.jpg 554w, https:\/\/www.skimo.at\/rennen\/files\/2022\/03\/icr3156-299x199.jpg 299w, https:\/\/www.skimo.at\/rennen\/files\/2022\/03\/icr3156-1224x816.jpg 1224w, https:\/\/www.skimo.at\/rennen\/files\/2022\/03\/icr3156-970x647.jpg 970w, https:\/\/www.skimo.at\/rennen\/files\/2022\/03\/icr3156-139x93.jpg 139w, https:\/\/www.skimo.at\/rennen\/files\/2022\/03\/icr3156-540x360.jpg 540w, https:\/\/www.skimo.at\/rennen\/files\/2022\/03\/icr3156.jpg 1799w\" sizes=\"(max-width: 1024px) 100vw, 1024px\" \/><\/a><\/figure><\/li><li class=\"blocks-gallery-item\"><figure><a href=\"https:\/\/www.skimo.at\/rennen\/293924\/ergebnisse-und-bilder-von-der-sellaronda-25-3-2022\/icr3157\/\"><img loading=\"lazy\" width=\"1024\" height=\"683\" src=\"https:\/\/www.skimo.at\/rennen\/files\/2022\/03\/icr3157-1024x683.jpg\" alt=\"\" data-id=\"293989\" data-full-url=\"https:\/\/www.skimo.at\/rennen\/files\/2022\/03\/icr3157.jpg\" data-link=\"https:\/\/www.skimo.at\/rennen\/293924\/ergebnisse-und-bilder-von-der-sellaronda-25-3-2022\/icr3157\/\" class=\"wp-image-293989\" srcset=\"https:\/\/www.skimo.at\/rennen\/files\/2022\/03\/icr3157-1024x683.jpg 1024w, https:\/\/www.skimo.at\/rennen\/files\/2022\/03\/icr3157-300x200.jpg 300w, https:\/\/www.skimo.at\/rennen\/files\/2022\/03\/icr3157-768x512.jpg 768w, https:\/\/www.skimo.at\/rennen\/files\/2022\/03\/icr3157-746x497.jpg 746w, https:\/\/www.skimo.at\/rennen\/files\/2022\/03\/icr3157-618x412.jpg 618w, https:\/\/www.skimo.at\/rennen\/files\/2022\/03\/icr3157-554x370.jpg 554w, https:\/\/www.skimo.at\/rennen\/files\/2022\/03\/icr3157-299x199.jpg 299w, https:\/\/www.skimo.at\/rennen\/files\/2022\/03\/icr3157-1224x816.jpg 1224w, https:\/\/www.skimo.at\/rennen\/files\/2022\/03\/icr3157-970x647.jpg 970w, https:\/\/www.skimo.at\/rennen\/files\/2022\/03\/icr3157-139x93.jpg 139w, https:\/\/www.skimo.at\/rennen\/files\/2022\/03\/icr3157-540x360.jpg 540w, https:\/\/www.skimo.at\/rennen\/files\/2022\/03\/icr3157.jpg 1799w\" sizes=\"(max-width: 1024px) 100vw, 1024px\" \/><\/a><\/figure><\/li><li class=\"blocks-gallery-item\"><figure><a href=\"https:\/\/www.skimo.at\/rennen\/293924\/ergebnisse-und-bilder-von-der-sellaronda-25-3-2022\/icr3159\/\"><img loading=\"lazy\" width=\"1024\" height=\"683\" src=\"https:\/\/www.skimo.at\/rennen\/files\/2022\/03\/icr3159-1024x683.jpg\" alt=\"\" data-id=\"293990\" data-full-url=\"https:\/\/www.skimo.at\/rennen\/files\/2022\/03\/icr3159.jpg\" data-link=\"https:\/\/www.skimo.at\/rennen\/293924\/ergebnisse-und-bilder-von-der-sellaronda-25-3-2022\/icr3159\/\" class=\"wp-image-293990\" srcset=\"https:\/\/www.skimo.at\/rennen\/files\/2022\/03\/icr3159-1024x683.jpg 1024w, https:\/\/www.skimo.at\/rennen\/files\/2022\/03\/icr3159-300x200.jpg 300w, https:\/\/www.skimo.at\/rennen\/files\/2022\/03\/icr3159-768x512.jpg 768w, https:\/\/www.skimo.at\/rennen\/files\/2022\/03\/icr3159-746x497.jpg 746w, https:\/\/www.skimo.at\/rennen\/files\/2022\/03\/icr3159-618x412.jpg 618w, https:\/\/www.skimo.at\/rennen\/files\/2022\/03\/icr3159-554x370.jpg 554w, https:\/\/www.skimo.at\/rennen\/files\/2022\/03\/icr3159-299x199.jpg 299w, https:\/\/www.skimo.at\/rennen\/files\/2022\/03\/icr3159-1224x816.jpg 1224w, https:\/\/www.skimo.at\/rennen\/files\/2022\/03\/icr3159-970x647.jpg 970w, https:\/\/www.skimo.at\/rennen\/files\/2022\/03\/icr3159-139x93.jpg 139w, https:\/\/www.skimo.at\/rennen\/files\/2022\/03\/icr3159-540x360.jpg 540w, https:\/\/www.skimo.at\/rennen\/files\/2022\/03\/icr3159.jpg 1799w\" sizes=\"(max-width: 1024px) 100vw, 1024px\" \/><\/a><\/figure><\/li><li class=\"blocks-gallery-item\"><figure><a href=\"https:\/\/www.skimo.at\/rennen\/293924\/ergebnisse-und-bilder-von-der-sellaronda-25-3-2022\/icr3162\/\"><img loading=\"lazy\" width=\"1024\" height=\"683\" src=\"https:\/\/www.skimo.at\/rennen\/files\/2022\/03\/icr3162-1024x683.jpg\" alt=\"\" data-id=\"293991\" data-full-url=\"https:\/\/www.skimo.at\/rennen\/files\/2022\/03\/icr3162.jpg\" data-link=\"https:\/\/www.skimo.at\/rennen\/293924\/ergebnisse-und-bilder-von-der-sellaronda-25-3-2022\/icr3162\/\" class=\"wp-image-293991\" srcset=\"https:\/\/www.skimo.at\/rennen\/files\/2022\/03\/icr3162-1024x683.jpg 1024w, https:\/\/www.skimo.at\/rennen\/files\/2022\/03\/icr3162-300x200.jpg 300w, https:\/\/www.skimo.at\/rennen\/files\/2022\/03\/icr3162-768x512.jpg 768w, https:\/\/www.skimo.at\/rennen\/files\/2022\/03\/icr3162-746x497.jpg 746w, https:\/\/www.skimo.at\/rennen\/files\/2022\/03\/icr3162-618x412.jpg 618w, https:\/\/www.skimo.at\/rennen\/files\/2022\/03\/icr3162-554x370.jpg 554w, https:\/\/www.skimo.at\/rennen\/files\/2022\/03\/icr3162-299x199.jpg 299w, https:\/\/www.skimo.at\/rennen\/files\/2022\/03\/icr3162-1224x816.jpg 1224w, https:\/\/www.skimo.at\/rennen\/files\/2022\/03\/icr3162-970x647.jpg 970w, https:\/\/www.skimo.at\/rennen\/files\/2022\/03\/icr3162-139x93.jpg 139w, https:\/\/www.skimo.at\/rennen\/files\/2022\/03\/icr3162-540x360.jpg 540w, https:\/\/www.skimo.at\/rennen\/files\/2022\/03\/icr3162.jpg 1799w\" sizes=\"(max-width: 1024px) 100vw, 1024px\" \/><\/a><\/figure><\/li><li class=\"blocks-gallery-item\"><figure><a href=\"https:\/\/www.skimo.at\/rennen\/293924\/ergebnisse-und-bilder-von-der-sellaronda-25-3-2022\/icr3164\/\"><img loading=\"lazy\" width=\"1024\" height=\"683\" src=\"https:\/\/www.skimo.at\/rennen\/files\/2022\/03\/icr3164-1024x683.jpg\" alt=\"\" data-id=\"293992\" data-full-url=\"https:\/\/www.skimo.at\/rennen\/files\/2022\/03\/icr3164.jpg\" data-link=\"https:\/\/www.skimo.at\/rennen\/293924\/ergebnisse-und-bilder-von-der-sellaronda-25-3-2022\/icr3164\/\" class=\"wp-image-293992\" srcset=\"https:\/\/www.skimo.at\/rennen\/files\/2022\/03\/icr3164-1024x683.jpg 1024w, https:\/\/www.skimo.at\/rennen\/files\/2022\/03\/icr3164-300x200.jpg 300w, https:\/\/www.skimo.at\/rennen\/files\/2022\/03\/icr3164-768x512.jpg 768w, https:\/\/www.skimo.at\/rennen\/files\/2022\/03\/icr3164-746x497.jpg 746w, https:\/\/www.skimo.at\/rennen\/files\/2022\/03\/icr3164-618x412.jpg 618w, https:\/\/www.skimo.at\/rennen\/files\/2022\/03\/icr3164-554x370.jpg 554w, https:\/\/www.skimo.at\/rennen\/files\/2022\/03\/icr3164-299x199.jpg 299w, https:\/\/www.skimo.at\/rennen\/files\/2022\/03\/icr3164-1224x816.jpg 1224w, https:\/\/www.skimo.at\/rennen\/files\/2022\/03\/icr3164-970x647.jpg 970w, https:\/\/www.skimo.at\/rennen\/files\/2022\/03\/icr3164-139x93.jpg 139w, https:\/\/www.skimo.at\/rennen\/files\/2022\/03\/icr3164-540x360.jpg 540w, https:\/\/www.skimo.at\/rennen\/files\/2022\/03\/icr3164.jpg 1799w\" sizes=\"(max-width: 1024px) 100vw, 1024px\" \/><\/a><\/figure><\/li><li class=\"blocks-gallery-item\"><figure><a href=\"https:\/\/www.skimo.at\/rennen\/293924\/ergebnisse-und-bilder-von-der-sellaronda-25-3-2022\/ps0-7264\/\"><img loading=\"lazy\" width=\"1024\" height=\"681\" src=\"https:\/\/www.skimo.at\/rennen\/files\/2022\/03\/ps0-7264-1024x681.jpg\" alt=\"\" data-id=\"293993\" data-full-url=\"https:\/\/www.skimo.at\/rennen\/files\/2022\/03\/ps0-7264.jpg\" data-link=\"https:\/\/www.skimo.at\/rennen\/293924\/ergebnisse-und-bilder-von-der-sellaronda-25-3-2022\/ps0-7264\/\" class=\"wp-image-293993\" srcset=\"https:\/\/www.skimo.at\/rennen\/files\/2022\/03\/ps0-7264-1024x681.jpg 1024w, https:\/\/www.skimo.at\/rennen\/files\/2022\/03\/ps0-7264-300x200.jpg 300w, https:\/\/www.skimo.at\/rennen\/files\/2022\/03\/ps0-7264-768x511.jpg 768w, https:\/\/www.skimo.at\/rennen\/files\/2022\/03\/ps0-7264-746x497.jpg 746w, https:\/\/www.skimo.at\/rennen\/files\/2022\/03\/ps0-7264-618x412.jpg 618w, https:\/\/www.skimo.at\/rennen\/files\/2022\/03\/ps0-7264-554x369.jpg 554w, https:\/\/www.skimo.at\/rennen\/files\/2022\/03\/ps0-7264-299x199.jpg 299w, https:\/\/www.skimo.at\/rennen\/files\/2022\/03\/ps0-7264-1224x814.jpg 1224w, https:\/\/www.skimo.at\/rennen\/files\/2022\/03\/ps0-7264-970x645.jpg 970w, https:\/\/www.skimo.at\/rennen\/files\/2022\/03\/ps0-7264-140x93.jpg 140w, https:\/\/www.skimo.at\/rennen\/files\/2022\/03\/ps0-7264-540x360.jpg 540w, https:\/\/www.skimo.at\/rennen\/files\/2022\/03\/ps0-7264.jpg 1799w\" sizes=\"(max-width: 1024px) 100vw, 1024px\" \/><\/a><\/figure><\/li><li class=\"blocks-gallery-item\"><figure><a href=\"https:\/\/www.skimo.at\/rennen\/293924\/ergebnisse-und-bilder-von-der-sellaronda-25-3-2022\/ps0-7368\/\"><img loading=\"lazy\" width=\"1024\" height=\"681\" src=\"https:\/\/www.skimo.at\/rennen\/files\/2022\/03\/ps0-7368-1024x681.jpg\" alt=\"\" data-id=\"293994\" data-full-url=\"https:\/\/www.skimo.at\/rennen\/files\/2022\/03\/ps0-7368.jpg\" data-link=\"https:\/\/www.skimo.at\/rennen\/293924\/ergebnisse-und-bilder-von-der-sellaronda-25-3-2022\/ps0-7368\/\" class=\"wp-image-293994\" srcset=\"https:\/\/www.skimo.at\/rennen\/files\/2022\/03\/ps0-7368-1024x681.jpg 1024w, https:\/\/www.skimo.at\/rennen\/files\/2022\/03\/ps0-7368-300x200.jpg 300w, https:\/\/www.skimo.at\/rennen\/files\/2022\/03\/ps0-7368-768x511.jpg 768w, https:\/\/www.skimo.at\/rennen\/files\/2022\/03\/ps0-7368-746x497.jpg 746w, https:\/\/www.skimo.at\/rennen\/files\/2022\/03\/ps0-7368-618x412.jpg 618w, https:\/\/www.skimo.at\/rennen\/files\/2022\/03\/ps0-7368-554x369.jpg 554w, https:\/\/www.skimo.at\/rennen\/files\/2022\/03\/ps0-7368-299x199.jpg 299w, https:\/\/www.skimo.at\/rennen\/files\/2022\/03\/ps0-7368-1224x814.jpg 1224w, https:\/\/www.skimo.at\/rennen\/files\/2022\/03\/ps0-7368-970x645.jpg 970w, https:\/\/www.skimo.at\/rennen\/files\/2022\/03\/ps0-7368-140x93.jpg 140w, https:\/\/www.skimo.at\/rennen\/files\/2022\/03\/ps0-7368-540x360.jpg 540w, https:\/\/www.skimo.at\/rennen\/files\/2022\/03\/ps0-7368.jpg 1799w\" sizes=\"(max-width: 1024px) 100vw, 1024px\" \/><\/a><\/figure><\/li><li class=\"blocks-gallery-item\"><figure><a href=\"https:\/\/www.skimo.at\/rennen\/293924\/ergebnisse-und-bilder-von-der-sellaronda-25-3-2022\/ps0-7381\/\"><img loading=\"lazy\" width=\"681\" height=\"1024\" src=\"https:\/\/www.skimo.at\/rennen\/files\/2022\/03\/ps0-7381-681x1024.jpg\" alt=\"\" data-id=\"293995\" data-full-url=\"https:\/\/www.skimo.at\/rennen\/files\/2022\/03\/ps0-7381.jpg\" data-link=\"https:\/\/www.skimo.at\/rennen\/293924\/ergebnisse-und-bilder-von-der-sellaronda-25-3-2022\/ps0-7381\/\" class=\"wp-image-293995\" srcset=\"https:\/\/www.skimo.at\/rennen\/files\/2022\/03\/ps0-7381-681x1024.jpg 681w, https:\/\/www.skimo.at\/rennen\/files\/2022\/03\/ps0-7381-200x300.jpg 200w, https:\/\/www.skimo.at\/rennen\/files\/2022\/03\/ps0-7381-768x1154.jpg 768w, https:\/\/www.skimo.at\/rennen\/files\/2022\/03\/ps0-7381-970x1458.jpg 970w, https:\/\/www.skimo.at\/rennen\/files\/2022\/03\/ps0-7381-554x833.jpg 554w, https:\/\/www.skimo.at\/rennen\/files\/2022\/03\/ps0-7381-62x93.jpg 62w, https:\/\/www.skimo.at\/rennen\/files\/2022\/03\/ps0-7381.jpg 1197w\" sizes=\"(max-width: 681px) 100vw, 681px\" \/><\/a><\/figure><\/li><li class=\"blocks-gallery-item\"><figure><a href=\"https:\/\/www.skimo.at\/rennen\/293924\/ergebnisse-und-bilder-von-der-sellaronda-25-3-2022\/ps0-7448\/\"><img loading=\"lazy\" width=\"681\" height=\"1024\" src=\"https:\/\/www.skimo.at\/rennen\/files\/2022\/03\/ps0-7448-681x1024.jpg\" alt=\"\" data-id=\"293996\" data-full-url=\"https:\/\/www.skimo.at\/rennen\/files\/2022\/03\/ps0-7448.jpg\" data-link=\"https:\/\/www.skimo.at\/rennen\/293924\/ergebnisse-und-bilder-von-der-sellaronda-25-3-2022\/ps0-7448\/\" class=\"wp-image-293996\" srcset=\"https:\/\/www.skimo.at\/rennen\/files\/2022\/03\/ps0-7448-681x1024.jpg 681w, https:\/\/www.skimo.at\/rennen\/files\/2022\/03\/ps0-7448-200x300.jpg 200w, https:\/\/www.skimo.at\/rennen\/files\/2022\/03\/ps0-7448-768x1154.jpg 768w, https:\/\/www.skimo.at\/rennen\/files\/2022\/03\/ps0-7448-970x1458.jpg 970w, https:\/\/www.skimo.at\/rennen\/files\/2022\/03\/ps0-7448-554x833.jpg 554w, https:\/\/www.skimo.at\/rennen\/files\/2022\/03\/ps0-7448-62x93.jpg 62w, https:\/\/www.skimo.at\/rennen\/files\/2022\/03\/ps0-7448.jpg 1197w\" sizes=\"(max-width: 681px) 100vw, 681px\" \/><\/a><\/figure><\/li><li class=\"blocks-gallery-item\"><figure><a href=\"https:\/\/www.skimo.at\/rennen\/293924\/ergebnisse-und-bilder-von-der-sellaronda-25-3-2022\/ps0-7476\/\"><img loading=\"lazy\" width=\"681\" height=\"1024\" src=\"https:\/\/www.skimo.at\/rennen\/files\/2022\/03\/ps0-7476-681x1024.jpg\" alt=\"\" data-id=\"293997\" data-full-url=\"https:\/\/www.skimo.at\/rennen\/files\/2022\/03\/ps0-7476.jpg\" data-link=\"https:\/\/www.skimo.at\/rennen\/293924\/ergebnisse-und-bilder-von-der-sellaronda-25-3-2022\/ps0-7476\/\" class=\"wp-image-293997\" srcset=\"https:\/\/www.skimo.at\/rennen\/files\/2022\/03\/ps0-7476-681x1024.jpg 681w, https:\/\/www.skimo.at\/rennen\/files\/2022\/03\/ps0-7476-200x300.jpg 200w, https:\/\/www.skimo.at\/rennen\/files\/2022\/03\/ps0-7476-768x1154.jpg 768w, https:\/\/www.skimo.at\/rennen\/files\/2022\/03\/ps0-7476-970x1458.jpg 970w, https:\/\/www.skimo.at\/rennen\/files\/2022\/03\/ps0-7476-554x833.jpg 554w, https:\/\/www.skimo.at\/rennen\/files\/2022\/03\/ps0-7476-62x93.jpg 62w, https:\/\/www.skimo.at\/rennen\/files\/2022\/03\/ps0-7476.jpg 1197w\" sizes=\"(max-width: 681px) 100vw, 681px\" \/><\/a><\/figure><\/li><li class=\"blocks-gallery-item\"><figure><a href=\"https:\/\/www.skimo.at\/rennen\/293924\/ergebnisse-und-bilder-von-der-sellaronda-25-3-2022\/ps0-7540\/\"><img loading=\"lazy\" width=\"1024\" height=\"681\" src=\"https:\/\/www.skimo.at\/rennen\/files\/2022\/03\/ps0-7540-1024x681.jpg\" alt=\"\" data-id=\"293998\" data-full-url=\"https:\/\/www.skimo.at\/rennen\/files\/2022\/03\/ps0-7540.jpg\" data-link=\"https:\/\/www.skimo.at\/rennen\/293924\/ergebnisse-und-bilder-von-der-sellaronda-25-3-2022\/ps0-7540\/\" class=\"wp-image-293998\" srcset=\"https:\/\/www.skimo.at\/rennen\/files\/2022\/03\/ps0-7540-1024x681.jpg 1024w, https:\/\/www.skimo.at\/rennen\/files\/2022\/03\/ps0-7540-300x200.jpg 300w, https:\/\/www.skimo.at\/rennen\/files\/2022\/03\/ps0-7540-768x511.jpg 768w, https:\/\/www.skimo.at\/rennen\/files\/2022\/03\/ps0-7540-746x497.jpg 746w, https:\/\/www.skimo.at\/rennen\/files\/2022\/03\/ps0-7540-618x412.jpg 618w, https:\/\/www.skimo.at\/rennen\/files\/2022\/03\/ps0-7540-554x369.jpg 554w, https:\/\/www.skimo.at\/rennen\/files\/2022\/03\/ps0-7540-299x199.jpg 299w, https:\/\/www.skimo.at\/rennen\/files\/2022\/03\/ps0-7540-1224x814.jpg 1224w, https:\/\/www.skimo.at\/rennen\/files\/2022\/03\/ps0-7540-970x645.jpg 970w, https:\/\/www.skimo.at\/rennen\/files\/2022\/03\/ps0-7540-140x93.jpg 140w, https:\/\/www.skimo.at\/rennen\/files\/2022\/03\/ps0-7540-540x360.jpg 540w, https:\/\/www.skimo.at\/rennen\/files\/2022\/03\/ps0-7540.jpg 1799w\" sizes=\"(max-width: 1024px) 100vw, 1024px\" \/><\/a><\/figure><\/li><li class=\"blocks-gallery-item\"><figure><a href=\"https:\/\/www.skimo.at\/rennen\/293924\/ergebnisse-und-bilder-von-der-sellaronda-25-3-2022\/ps0-7639\/\"><img loading=\"lazy\" width=\"1024\" height=\"681\" src=\"https:\/\/www.skimo.at\/rennen\/files\/2022\/03\/ps0-7639-1024x681.jpg\" alt=\"\" data-id=\"293999\" data-full-url=\"https:\/\/www.skimo.at\/rennen\/files\/2022\/03\/ps0-7639.jpg\" data-link=\"https:\/\/www.skimo.at\/rennen\/293924\/ergebnisse-und-bilder-von-der-sellaronda-25-3-2022\/ps0-7639\/\" class=\"wp-image-293999\" srcset=\"https:\/\/www.skimo.at\/rennen\/files\/2022\/03\/ps0-7639-1024x681.jpg 1024w, https:\/\/www.skimo.at\/rennen\/files\/2022\/03\/ps0-7639-300x200.jpg 300w, https:\/\/www.skimo.at\/rennen\/files\/2022\/03\/ps0-7639-768x511.jpg 768w, https:\/\/www.skimo.at\/rennen\/files\/2022\/03\/ps0-7639-746x497.jpg 746w, https:\/\/www.skimo.at\/rennen\/files\/2022\/03\/ps0-7639-618x412.jpg 618w, https:\/\/www.skimo.at\/rennen\/files\/2022\/03\/ps0-7639-554x369.jpg 554w, https:\/\/www.skimo.at\/rennen\/files\/2022\/03\/ps0-7639-299x199.jpg 299w, https:\/\/www.skimo.at\/rennen\/files\/2022\/03\/ps0-7639-1224x814.jpg 1224w, https:\/\/www.skimo.at\/rennen\/files\/2022\/03\/ps0-7639-970x645.jpg 970w, https:\/\/www.skimo.at\/rennen\/files\/2022\/03\/ps0-7639-140x93.jpg 140w, https:\/\/www.skimo.at\/rennen\/files\/2022\/03\/ps0-7639-540x360.jpg 540w, https:\/\/www.skimo.at\/rennen\/files\/2022\/03\/ps0-7639.jpg 1799w\" sizes=\"(max-width: 1024px) 100vw, 1024px\" \/><\/a><\/figure><\/li><li class=\"blocks-gallery-item\"><figure><a href=\"https:\/\/www.skimo.at\/rennen\/293924\/ergebnisse-und-bilder-von-der-sellaronda-25-3-2022\/ps0-7646\/\"><img loading=\"lazy\" width=\"681\" height=\"1024\" src=\"https:\/\/www.skimo.at\/rennen\/files\/2022\/03\/ps0-7646-681x1024.jpg\" alt=\"\" data-id=\"294000\" data-full-url=\"https:\/\/www.skimo.at\/rennen\/files\/2022\/03\/ps0-7646.jpg\" data-link=\"https:\/\/www.skimo.at\/rennen\/293924\/ergebnisse-und-bilder-von-der-sellaronda-25-3-2022\/ps0-7646\/\" class=\"wp-image-294000\" srcset=\"https:\/\/www.skimo.at\/rennen\/files\/2022\/03\/ps0-7646-681x1024.jpg 681w, https:\/\/www.skimo.at\/rennen\/files\/2022\/03\/ps0-7646-200x300.jpg 200w, https:\/\/www.skimo.at\/rennen\/files\/2022\/03\/ps0-7646-768x1154.jpg 768w, https:\/\/www.skimo.at\/rennen\/files\/2022\/03\/ps0-7646-970x1458.jpg 970w, https:\/\/www.skimo.at\/rennen\/files\/2022\/03\/ps0-7646-554x833.jpg 554w, https:\/\/www.skimo.at\/rennen\/files\/2022\/03\/ps0-7646-62x93.jpg 62w, https:\/\/www.skimo.at\/rennen\/files\/2022\/03\/ps0-7646.jpg 1197w\" sizes=\"(max-width: 681px) 100vw, 681px\" \/><\/a><\/figure><\/li><li class=\"blocks-gallery-item\"><figure><a href=\"https:\/\/www.skimo.at\/rennen\/293924\/ergebnisse-und-bilder-von-der-sellaronda-25-3-2022\/ps0-7704\/\"><img loading=\"lazy\" width=\"663\" height=\"1024\" src=\"https:\/\/www.skimo.at\/rennen\/files\/2022\/03\/ps0-7704-663x1024.jpg\" alt=\"\" data-id=\"294001\" data-full-url=\"https:\/\/www.skimo.at\/rennen\/files\/2022\/03\/ps0-7704.jpg\" data-link=\"https:\/\/www.skimo.at\/rennen\/293924\/ergebnisse-und-bilder-von-der-sellaronda-25-3-2022\/ps0-7704\/\" class=\"wp-image-294001\" srcset=\"https:\/\/www.skimo.at\/rennen\/files\/2022\/03\/ps0-7704-663x1024.jpg 663w, https:\/\/www.skimo.at\/rennen\/files\/2022\/03\/ps0-7704-194x300.jpg 194w, https:\/\/www.skimo.at\/rennen\/files\/2022\/03\/ps0-7704-768x1187.jpg 768w, https:\/\/www.skimo.at\/rennen\/files\/2022\/03\/ps0-7704-970x1499.jpg 970w, https:\/\/www.skimo.at\/rennen\/files\/2022\/03\/ps0-7704-554x856.jpg 554w, https:\/\/www.skimo.at\/rennen\/files\/2022\/03\/ps0-7704-60x93.jpg 60w, https:\/\/www.skimo.at\/rennen\/files\/2022\/03\/ps0-7704.jpg 1164w\" sizes=\"(max-width: 663px) 100vw, 663px\" \/><\/a><\/figure><\/li><li class=\"blocks-gallery-item\"><figure><a href=\"https:\/\/www.skimo.at\/rennen\/293924\/ergebnisse-und-bilder-von-der-sellaronda-25-3-2022\/ps0-7793\/\"><img loading=\"lazy\" width=\"1024\" height=\"681\" src=\"https:\/\/www.skimo.at\/rennen\/files\/2022\/03\/ps0-7793-1024x681.jpg\" alt=\"\" data-id=\"294002\" data-full-url=\"https:\/\/www.skimo.at\/rennen\/files\/2022\/03\/ps0-7793.jpg\" data-link=\"https:\/\/www.skimo.at\/rennen\/293924\/ergebnisse-und-bilder-von-der-sellaronda-25-3-2022\/ps0-7793\/\" class=\"wp-image-294002\" srcset=\"https:\/\/www.skimo.at\/rennen\/files\/2022\/03\/ps0-7793-1024x681.jpg 1024w, https:\/\/www.skimo.at\/rennen\/files\/2022\/03\/ps0-7793-300x200.jpg 300w, https:\/\/www.skimo.at\/rennen\/files\/2022\/03\/ps0-7793-768x511.jpg 768w, https:\/\/www.skimo.at\/rennen\/files\/2022\/03\/ps0-7793-746x497.jpg 746w, https:\/\/www.skimo.at\/rennen\/files\/2022\/03\/ps0-7793-618x412.jpg 618w, https:\/\/www.skimo.at\/rennen\/files\/2022\/03\/ps0-7793-554x369.jpg 554w, https:\/\/www.skimo.at\/rennen\/files\/2022\/03\/ps0-7793-299x199.jpg 299w, https:\/\/www.skimo.at\/rennen\/files\/2022\/03\/ps0-7793-1224x814.jpg 1224w, https:\/\/www.skimo.at\/rennen\/files\/2022\/03\/ps0-7793-970x645.jpg 970w, https:\/\/www.skimo.at\/rennen\/files\/2022\/03\/ps0-7793-140x93.jpg 140w, https:\/\/www.skimo.at\/rennen\/files\/2022\/03\/ps0-7793-540x360.jpg 540w, https:\/\/www.skimo.at\/rennen\/files\/2022\/03\/ps0-7793.jpg 1799w\" sizes=\"(max-width: 1024px) 100vw, 1024px\" \/><\/a><\/figure><\/li><li class=\"blocks-gallery-item\"><figure><a href=\"https:\/\/www.skimo.at\/rennen\/293924\/ergebnisse-und-bilder-von-der-sellaronda-25-3-2022\/ps0-7852\/\"><img loading=\"lazy\" width=\"681\" height=\"1024\" src=\"https:\/\/www.skimo.at\/rennen\/files\/2022\/03\/ps0-7852-681x1024.jpg\" alt=\"\" data-id=\"294003\" data-full-url=\"https:\/\/www.skimo.at\/rennen\/files\/2022\/03\/ps0-7852.jpg\" data-link=\"https:\/\/www.skimo.at\/rennen\/293924\/ergebnisse-und-bilder-von-der-sellaronda-25-3-2022\/ps0-7852\/\" class=\"wp-image-294003\" srcset=\"https:\/\/www.skimo.at\/rennen\/files\/2022\/03\/ps0-7852-681x1024.jpg 681w, https:\/\/www.skimo.at\/rennen\/files\/2022\/03\/ps0-7852-200x300.jpg 200w, https:\/\/www.skimo.at\/rennen\/files\/2022\/03\/ps0-7852-768x1154.jpg 768w, https:\/\/www.skimo.at\/rennen\/files\/2022\/03\/ps0-7852-970x1458.jpg 970w, https:\/\/www.skimo.at\/rennen\/files\/2022\/03\/ps0-7852-554x833.jpg 554w, https:\/\/www.skimo.at\/rennen\/files\/2022\/03\/ps0-7852-62x93.jpg 62w, https:\/\/www.skimo.at\/rennen\/files\/2022\/03\/ps0-7852.jpg 1197w\" sizes=\"(max-width: 681px) 100vw, 681px\" \/><\/a><\/figure><\/li><li class=\"blocks-gallery-item\"><figure><a href=\"https:\/\/www.skimo.at\/rennen\/293924\/ergebnisse-und-bilder-von-der-sellaronda-25-3-2022\/ps0-7854\/\"><img loading=\"lazy\" width=\"1024\" height=\"681\" src=\"https:\/\/www.skimo.at\/rennen\/files\/2022\/03\/ps0-7854-1024x681.jpg\" alt=\"\" data-id=\"294004\" data-full-url=\"https:\/\/www.skimo.at\/rennen\/files\/2022\/03\/ps0-7854.jpg\" data-link=\"https:\/\/www.skimo.at\/rennen\/293924\/ergebnisse-und-bilder-von-der-sellaronda-25-3-2022\/ps0-7854\/\" class=\"wp-image-294004\" srcset=\"https:\/\/www.skimo.at\/rennen\/files\/2022\/03\/ps0-7854-1024x681.jpg 1024w, https:\/\/www.skimo.at\/rennen\/files\/2022\/03\/ps0-7854-300x200.jpg 300w, https:\/\/www.skimo.at\/rennen\/files\/2022\/03\/ps0-7854-768x511.jpg 768w, https:\/\/www.skimo.at\/rennen\/files\/2022\/03\/ps0-7854-746x497.jpg 746w, https:\/\/www.skimo.at\/rennen\/files\/2022\/03\/ps0-7854-618x412.jpg 618w, https:\/\/www.skimo.at\/rennen\/files\/2022\/03\/ps0-7854-554x369.jpg 554w, https:\/\/www.skimo.at\/rennen\/files\/2022\/03\/ps0-7854-299x199.jpg 299w, https:\/\/www.skimo.at\/rennen\/files\/2022\/03\/ps0-7854-1224x814.jpg 1224w, https:\/\/www.skimo.at\/rennen\/files\/2022\/03\/ps0-7854-970x645.jpg 970w, https:\/\/www.skimo.at\/rennen\/files\/2022\/03\/ps0-7854-140x93.jpg 140w, https:\/\/www.skimo.at\/rennen\/files\/2022\/03\/ps0-7854-540x360.jpg 540w, https:\/\/www.skimo.at\/rennen\/files\/2022\/03\/ps0-7854.jpg 1799w\" sizes=\"(max-width: 1024px) 100vw, 1024px\" \/><\/a><\/figure><\/li><li class=\"blocks-gallery-item\"><figure><a href=\"https:\/\/www.skimo.at\/rennen\/293924\/ergebnisse-und-bilder-von-der-sellaronda-25-3-2022\/ps0-7973\/\"><img loading=\"lazy\" width=\"1024\" height=\"681\" src=\"https:\/\/www.skimo.at\/rennen\/files\/2022\/03\/ps0-7973-1024x681.jpg\" alt=\"\" data-id=\"294005\" data-full-url=\"https:\/\/www.skimo.at\/rennen\/files\/2022\/03\/ps0-7973.jpg\" data-link=\"https:\/\/www.skimo.at\/rennen\/293924\/ergebnisse-und-bilder-von-der-sellaronda-25-3-2022\/ps0-7973\/\" class=\"wp-image-294005\" srcset=\"https:\/\/www.skimo.at\/rennen\/files\/2022\/03\/ps0-7973-1024x681.jpg 1024w, https:\/\/www.skimo.at\/rennen\/files\/2022\/03\/ps0-7973-300x200.jpg 300w, https:\/\/www.skimo.at\/rennen\/files\/2022\/03\/ps0-7973-768x511.jpg 768w, https:\/\/www.skimo.at\/rennen\/files\/2022\/03\/ps0-7973-746x497.jpg 746w, https:\/\/www.skimo.at\/rennen\/files\/2022\/03\/ps0-7973-618x412.jpg 618w, https:\/\/www.skimo.at\/rennen\/files\/2022\/03\/ps0-7973-554x369.jpg 554w, https:\/\/www.skimo.at\/rennen\/files\/2022\/03\/ps0-7973-299x199.jpg 299w, https:\/\/www.skimo.at\/rennen\/files\/2022\/03\/ps0-7973-1224x814.jpg 1224w, https:\/\/www.skimo.at\/rennen\/files\/2022\/03\/ps0-7973-970x645.jpg 970w, https:\/\/www.skimo.at\/rennen\/files\/2022\/03\/ps0-7973-140x93.jpg 140w, https:\/\/www.skimo.at\/rennen\/files\/2022\/03\/ps0-7973-540x360.jpg 540w, https:\/\/www.skimo.at\/rennen\/files\/2022\/03\/ps0-7973.jpg 1799w\" sizes=\"(max-width: 1024px) 100vw, 1024px\" \/><\/a><\/figure><\/li><li class=\"blocks-gallery-item\"><figure><a href=\"https:\/\/www.skimo.at\/rennen\/293924\/ergebnisse-und-bilder-von-der-sellaronda-25-3-2022\/ps0-8055\/\"><img loading=\"lazy\" width=\"1024\" height=\"681\" src=\"https:\/\/www.skimo.at\/rennen\/files\/2022\/03\/ps0-8055-1024x681.jpg\" alt=\"\" data-id=\"294006\" data-full-url=\"https:\/\/www.skimo.at\/rennen\/files\/2022\/03\/ps0-8055.jpg\" data-link=\"https:\/\/www.skimo.at\/rennen\/293924\/ergebnisse-und-bilder-von-der-sellaronda-25-3-2022\/ps0-8055\/\" class=\"wp-image-294006\" srcset=\"https:\/\/www.skimo.at\/rennen\/files\/2022\/03\/ps0-8055-1024x681.jpg 1024w, https:\/\/www.skimo.at\/rennen\/files\/2022\/03\/ps0-8055-300x200.jpg 300w, https:\/\/www.skimo.at\/rennen\/files\/2022\/03\/ps0-8055-768x511.jpg 768w, https:\/\/www.skimo.at\/rennen\/files\/2022\/03\/ps0-8055-746x497.jpg 746w, https:\/\/www.skimo.at\/rennen\/files\/2022\/03\/ps0-8055-618x412.jpg 618w, https:\/\/www.skimo.at\/rennen\/files\/2022\/03\/ps0-8055-554x369.jpg 554w, https:\/\/www.skimo.at\/rennen\/files\/2022\/03\/ps0-8055-299x199.jpg 299w, https:\/\/www.skimo.at\/rennen\/files\/2022\/03\/ps0-8055-1224x814.jpg 1224w, https:\/\/www.skimo.at\/rennen\/files\/2022\/03\/ps0-8055-970x645.jpg 970w, https:\/\/www.skimo.at\/rennen\/files\/2022\/03\/ps0-8055-140x93.jpg 140w, https:\/\/www.skimo.at\/rennen\/files\/2022\/03\/ps0-8055-540x360.jpg 540w, https:\/\/www.skimo.at\/rennen\/files\/2022\/03\/ps0-8055.jpg 1799w\" sizes=\"(max-width: 1024px) 100vw, 1024px\" \/><\/a><\/figure><\/li><li class=\"blocks-gallery-item\"><figure><a href=\"https:\/\/www.skimo.at\/rennen\/293924\/ergebnisse-und-bilder-von-der-sellaronda-25-3-2022\/ps0-8121\/\"><img loading=\"lazy\" width=\"681\" height=\"1024\" src=\"https:\/\/www.skimo.at\/rennen\/files\/2022\/03\/ps0-8121-681x1024.jpg\" alt=\"\" data-id=\"294007\" data-full-url=\"https:\/\/www.skimo.at\/rennen\/files\/2022\/03\/ps0-8121.jpg\" data-link=\"https:\/\/www.skimo.at\/rennen\/293924\/ergebnisse-und-bilder-von-der-sellaronda-25-3-2022\/ps0-8121\/\" class=\"wp-image-294007\" srcset=\"https:\/\/www.skimo.at\/rennen\/files\/2022\/03\/ps0-8121-681x1024.jpg 681w, https:\/\/www.skimo.at\/rennen\/files\/2022\/03\/ps0-8121-200x300.jpg 200w, https:\/\/www.skimo.at\/rennen\/files\/2022\/03\/ps0-8121-768x1154.jpg 768w, https:\/\/www.skimo.at\/rennen\/files\/2022\/03\/ps0-8121-970x1458.jpg 970w, https:\/\/www.skimo.at\/rennen\/files\/2022\/03\/ps0-8121-554x833.jpg 554w, https:\/\/www.skimo.at\/rennen\/files\/2022\/03\/ps0-8121-62x93.jpg 62w, https:\/\/www.skimo.at\/rennen\/files\/2022\/03\/ps0-8121.jpg 1197w\" sizes=\"(max-width: 681px) 100vw, 681px\" \/><\/a><\/figure><\/li><li class=\"blocks-gallery-item\"><figure><a href=\"https:\/\/www.skimo.at\/rennen\/293924\/ergebnisse-und-bilder-von-der-sellaronda-25-3-2022\/ps0-8144\/\"><img loading=\"lazy\" width=\"1024\" height=\"681\" src=\"https:\/\/www.skimo.at\/rennen\/files\/2022\/03\/ps0-8144-1024x681.jpg\" alt=\"\" data-id=\"294008\" data-full-url=\"https:\/\/www.skimo.at\/rennen\/files\/2022\/03\/ps0-8144.jpg\" data-link=\"https:\/\/www.skimo.at\/rennen\/293924\/ergebnisse-und-bilder-von-der-sellaronda-25-3-2022\/ps0-8144\/\" class=\"wp-image-294008\" srcset=\"https:\/\/www.skimo.at\/rennen\/files\/2022\/03\/ps0-8144-1024x681.jpg 1024w, https:\/\/www.skimo.at\/rennen\/files\/2022\/03\/ps0-8144-300x200.jpg 300w, https:\/\/www.skimo.at\/rennen\/files\/2022\/03\/ps0-8144-768x511.jpg 768w, https:\/\/www.skimo.at\/rennen\/files\/2022\/03\/ps0-8144-746x497.jpg 746w, https:\/\/www.skimo.at\/rennen\/files\/2022\/03\/ps0-8144-618x412.jpg 618w, https:\/\/www.skimo.at\/rennen\/files\/2022\/03\/ps0-8144-554x369.jpg 554w, https:\/\/www.skimo.at\/rennen\/files\/2022\/03\/ps0-8144-299x199.jpg 299w, https:\/\/www.skimo.at\/rennen\/files\/2022\/03\/ps0-8144-1224x814.jpg 1224w, https:\/\/www.skimo.at\/rennen\/files\/2022\/03\/ps0-8144-970x645.jpg 970w, https:\/\/www.skimo.at\/rennen\/files\/2022\/03\/ps0-8144-140x93.jpg 140w, https:\/\/www.skimo.at\/rennen\/files\/2022\/03\/ps0-8144-540x360.jpg 540w, https:\/\/www.skimo.at\/rennen\/files\/2022\/03\/ps0-8144.jpg 1799w\" sizes=\"(max-width: 1024px) 100vw, 1024px\" \/><\/a><\/figure><\/li><li class=\"blocks-gallery-item\"><figure><a href=\"https:\/\/www.skimo.at\/rennen\/293924\/ergebnisse-und-bilder-von-der-sellaronda-25-3-2022\/ps0-8199\/\"><img loading=\"lazy\" width=\"1024\" height=\"681\" src=\"https:\/\/www.skimo.at\/rennen\/files\/2022\/03\/ps0-8199-1024x681.jpg\" alt=\"\" data-id=\"294009\" data-full-url=\"https:\/\/www.skimo.at\/rennen\/files\/2022\/03\/ps0-8199.jpg\" data-link=\"https:\/\/www.skimo.at\/rennen\/293924\/ergebnisse-und-bilder-von-der-sellaronda-25-3-2022\/ps0-8199\/\" class=\"wp-image-294009\" srcset=\"https:\/\/www.skimo.at\/rennen\/files\/2022\/03\/ps0-8199-1024x681.jpg 1024w, https:\/\/www.skimo.at\/rennen\/files\/2022\/03\/ps0-8199-300x200.jpg 300w, https:\/\/www.skimo.at\/rennen\/files\/2022\/03\/ps0-8199-768x511.jpg 768w, https:\/\/www.skimo.at\/rennen\/files\/2022\/03\/ps0-8199-746x497.jpg 746w, https:\/\/www.skimo.at\/rennen\/files\/2022\/03\/ps0-8199-618x412.jpg 618w, https:\/\/www.skimo.at\/rennen\/files\/2022\/03\/ps0-8199-554x369.jpg 554w, https:\/\/www.skimo.at\/rennen\/files\/2022\/03\/ps0-8199-299x199.jpg 299w, https:\/\/www.skimo.at\/rennen\/files\/2022\/03\/ps0-8199-1224x814.jpg 1224w, https:\/\/www.skimo.at\/rennen\/files\/2022\/03\/ps0-8199-970x645.jpg 970w, https:\/\/www.skimo.at\/rennen\/files\/2022\/03\/ps0-8199-140x93.jpg 140w, https:\/\/www.skimo.at\/rennen\/files\/2022\/03\/ps0-8199-540x360.jpg 540w, https:\/\/www.skimo.at\/rennen\/files\/2022\/03\/ps0-8199.jpg 1799w\" sizes=\"(max-width: 1024px) 100vw, 1024px\" \/><\/a><\/figure><\/li><li class=\"blocks-gallery-item\"><figure><a href=\"https:\/\/www.skimo.at\/rennen\/293924\/ergebnisse-und-bilder-von-der-sellaronda-25-3-2022\/ps0-8217\/\"><img loading=\"lazy\" width=\"1024\" height=\"681\" src=\"https:\/\/www.skimo.at\/rennen\/files\/2022\/03\/ps0-8217-1024x681.jpg\" alt=\"\" data-id=\"294010\" data-full-url=\"https:\/\/www.skimo.at\/rennen\/files\/2022\/03\/ps0-8217.jpg\" data-link=\"https:\/\/www.skimo.at\/rennen\/293924\/ergebnisse-und-bilder-von-der-sellaronda-25-3-2022\/ps0-8217\/\" class=\"wp-image-294010\" srcset=\"https:\/\/www.skimo.at\/rennen\/files\/2022\/03\/ps0-8217-1024x681.jpg 1024w, https:\/\/www.skimo.at\/rennen\/files\/2022\/03\/ps0-8217-300x200.jpg 300w, https:\/\/www.skimo.at\/rennen\/files\/2022\/03\/ps0-8217-768x511.jpg 768w, https:\/\/www.skimo.at\/rennen\/files\/2022\/03\/ps0-8217-746x497.jpg 746w, https:\/\/www.skimo.at\/rennen\/files\/2022\/03\/ps0-8217-618x412.jpg 618w, https:\/\/www.skimo.at\/rennen\/files\/2022\/03\/ps0-8217-554x369.jpg 554w, https:\/\/www.skimo.at\/rennen\/files\/2022\/03\/ps0-8217-299x199.jpg 299w, https:\/\/www.skimo.at\/rennen\/files\/2022\/03\/ps0-8217-1224x814.jpg 1224w, https:\/\/www.skimo.at\/rennen\/files\/2022\/03\/ps0-8217-970x645.jpg 970w, https:\/\/www.skimo.at\/rennen\/files\/2022\/03\/ps0-8217-140x93.jpg 140w, https:\/\/www.skimo.at\/rennen\/files\/2022\/03\/ps0-8217-540x360.jpg 540w, https:\/\/www.skimo.at\/rennen\/files\/2022\/03\/ps0-8217.jpg 1799w\" sizes=\"(max-width: 1024px) 100vw, 1024px\" \/><\/a><\/figure><\/li><li class=\"blocks-gallery-item\"><figure><a href=\"https:\/\/www.skimo.at\/rennen\/293924\/ergebnisse-und-bilder-von-der-sellaronda-25-3-2022\/ps0-8285\/\"><img loading=\"lazy\" width=\"1024\" height=\"681\" src=\"https:\/\/www.skimo.at\/rennen\/files\/2022\/03\/ps0-8285-1024x681.jpg\" alt=\"\" data-id=\"294011\" data-full-url=\"https:\/\/www.skimo.at\/rennen\/files\/2022\/03\/ps0-8285.jpg\" data-link=\"https:\/\/www.skimo.at\/rennen\/293924\/ergebnisse-und-bilder-von-der-sellaronda-25-3-2022\/ps0-8285\/\" class=\"wp-image-294011\" srcset=\"https:\/\/www.skimo.at\/rennen\/files\/2022\/03\/ps0-8285-1024x681.jpg 1024w, https:\/\/www.skimo.at\/rennen\/files\/2022\/03\/ps0-8285-300x200.jpg 300w, https:\/\/www.skimo.at\/rennen\/files\/2022\/03\/ps0-8285-768x511.jpg 768w, https:\/\/www.skimo.at\/rennen\/files\/2022\/03\/ps0-8285-746x497.jpg 746w, https:\/\/www.skimo.at\/rennen\/files\/2022\/03\/ps0-8285-618x412.jpg 618w, https:\/\/www.skimo.at\/rennen\/files\/2022\/03\/ps0-8285-554x369.jpg 554w, https:\/\/www.skimo.at\/rennen\/files\/2022\/03\/ps0-8285-299x199.jpg 299w, https:\/\/www.skimo.at\/rennen\/files\/2022\/03\/ps0-8285-1224x814.jpg 1224w, https:\/\/www.skimo.at\/rennen\/files\/2022\/03\/ps0-8285-970x645.jpg 970w, https:\/\/www.skimo.at\/rennen\/files\/2022\/03\/ps0-8285-140x93.jpg 140w, https:\/\/www.skimo.at\/rennen\/files\/2022\/03\/ps0-8285-540x360.jpg 540w, https:\/\/www.skimo.at\/rennen\/files\/2022\/03\/ps0-8285.jpg 1799w\" sizes=\"(max-width: 1024px) 100vw, 1024px\" \/><\/a><\/figure><\/li><li class=\"blocks-gallery-item\"><figure><a href=\"https:\/\/www.skimo.at\/rennen\/293924\/ergebnisse-und-bilder-von-der-sellaronda-25-3-2022\/ps0-8304\/\"><img loading=\"lazy\" width=\"1024\" height=\"681\" src=\"https:\/\/www.skimo.at\/rennen\/files\/2022\/03\/ps0-8304-1024x681.jpg\" alt=\"\" data-id=\"294012\" data-full-url=\"https:\/\/www.skimo.at\/rennen\/files\/2022\/03\/ps0-8304.jpg\" data-link=\"https:\/\/www.skimo.at\/rennen\/293924\/ergebnisse-und-bilder-von-der-sellaronda-25-3-2022\/ps0-8304\/\" class=\"wp-image-294012\" srcset=\"https:\/\/www.skimo.at\/rennen\/files\/2022\/03\/ps0-8304-1024x681.jpg 1024w, https:\/\/www.skimo.at\/rennen\/files\/2022\/03\/ps0-8304-300x200.jpg 300w, https:\/\/www.skimo.at\/rennen\/files\/2022\/03\/ps0-8304-768x511.jpg 768w, https:\/\/www.skimo.at\/rennen\/files\/2022\/03\/ps0-8304-746x497.jpg 746w, https:\/\/www.skimo.at\/rennen\/files\/2022\/03\/ps0-8304-618x412.jpg 618w, https:\/\/www.skimo.at\/rennen\/files\/2022\/03\/ps0-8304-554x369.jpg 554w, https:\/\/www.skimo.at\/rennen\/files\/2022\/03\/ps0-8304-299x199.jpg 299w, https:\/\/www.skimo.at\/rennen\/files\/2022\/03\/ps0-8304-1224x814.jpg 1224w, https:\/\/www.skimo.at\/rennen\/files\/2022\/03\/ps0-8304-970x645.jpg 970w, https:\/\/www.skimo.at\/rennen\/files\/2022\/03\/ps0-8304-140x93.jpg 140w, https:\/\/www.skimo.at\/rennen\/files\/2022\/03\/ps0-8304-540x360.jpg 540w, https:\/\/www.skimo.at\/rennen\/files\/2022\/03\/ps0-8304.jpg 1799w\" sizes=\"(max-width: 1024px) 100vw, 1024px\" \/><\/a><\/figure><\/li><li class=\"blocks-gallery-item\"><figure><a href=\"https:\/\/www.skimo.at\/rennen\/293924\/ergebnisse-und-bilder-von-der-sellaronda-25-3-2022\/ps0-8506\/\"><img loading=\"lazy\" width=\"1024\" height=\"681\" src=\"https:\/\/www.skimo.at\/rennen\/files\/2022\/03\/ps0-8506-1024x681.jpg\" alt=\"\" data-id=\"294013\" data-full-url=\"https:\/\/www.skimo.at\/rennen\/files\/2022\/03\/ps0-8506.jpg\" data-link=\"https:\/\/www.skimo.at\/rennen\/293924\/ergebnisse-und-bilder-von-der-sellaronda-25-3-2022\/ps0-8506\/\" class=\"wp-image-294013\" srcset=\"https:\/\/www.skimo.at\/rennen\/files\/2022\/03\/ps0-8506-1024x681.jpg 1024w, https:\/\/www.skimo.at\/rennen\/files\/2022\/03\/ps0-8506-300x200.jpg 300w, https:\/\/www.skimo.at\/rennen\/files\/2022\/03\/ps0-8506-768x511.jpg 768w, https:\/\/www.skimo.at\/rennen\/files\/2022\/03\/ps0-8506-746x497.jpg 746w, https:\/\/www.skimo.at\/rennen\/files\/2022\/03\/ps0-8506-618x412.jpg 618w, https:\/\/www.skimo.at\/rennen\/files\/2022\/03\/ps0-8506-554x369.jpg 554w, https:\/\/www.skimo.at\/rennen\/files\/2022\/03\/ps0-8506-299x199.jpg 299w, https:\/\/www.skimo.at\/rennen\/files\/2022\/03\/ps0-8506-1224x814.jpg 1224w, https:\/\/www.skimo.at\/rennen\/files\/2022\/03\/ps0-8506-970x645.jpg 970w, https:\/\/www.skimo.at\/rennen\/files\/2022\/03\/ps0-8506-140x93.jpg 140w, https:\/\/www.skimo.at\/rennen\/files\/2022\/03\/ps0-8506-540x360.jpg 540w, https:\/\/www.skimo.at\/rennen\/files\/2022\/03\/ps0-8506.jpg 1799w\" sizes=\"(max-width: 1024px) 100vw, 1024px\" \/><\/a><\/figure><\/li><li class=\"blocks-gallery-item\"><figure><a href=\"https:\/\/www.skimo.at\/rennen\/293924\/ergebnisse-und-bilder-von-der-sellaronda-25-3-2022\/ps0-8710\/\"><img loading=\"lazy\" width=\"1024\" height=\"681\" src=\"https:\/\/www.skimo.at\/rennen\/files\/2022\/03\/ps0-8710-1024x681.jpg\" alt=\"\" data-id=\"294014\" data-full-url=\"https:\/\/www.skimo.at\/rennen\/files\/2022\/03\/ps0-8710.jpg\" data-link=\"https:\/\/www.skimo.at\/rennen\/293924\/ergebnisse-und-bilder-von-der-sellaronda-25-3-2022\/ps0-8710\/\" class=\"wp-image-294014\" srcset=\"https:\/\/www.skimo.at\/rennen\/files\/2022\/03\/ps0-8710-1024x681.jpg 1024w, https:\/\/www.skimo.at\/rennen\/files\/2022\/03\/ps0-8710-300x200.jpg 300w, https:\/\/www.skimo.at\/rennen\/files\/2022\/03\/ps0-8710-768x511.jpg 768w, https:\/\/www.skimo.at\/rennen\/files\/2022\/03\/ps0-8710-746x497.jpg 746w, https:\/\/www.skimo.at\/rennen\/files\/2022\/03\/ps0-8710-618x412.jpg 618w, https:\/\/www.skimo.at\/rennen\/files\/2022\/03\/ps0-8710-554x369.jpg 554w, https:\/\/www.skimo.at\/rennen\/files\/2022\/03\/ps0-8710-299x199.jpg 299w, https:\/\/www.skimo.at\/rennen\/files\/2022\/03\/ps0-8710-1224x814.jpg 1224w, https:\/\/www.skimo.at\/rennen\/files\/2022\/03\/ps0-8710-970x645.jpg 970w, https:\/\/www.skimo.at\/rennen\/files\/2022\/03\/ps0-8710-140x93.jpg 140w, https:\/\/www.skimo.at\/rennen\/files\/2022\/03\/ps0-8710-540x360.jpg 540w, https:\/\/www.skimo.at\/rennen\/files\/2022\/03\/ps0-8710.jpg 1799w\" sizes=\"(max-width: 1024px) 100vw, 1024px\" \/><\/a><\/figure><\/li><li class=\"blocks-gallery-item\"><figure><a href=\"https:\/\/www.skimo.at\/rennen\/293924\/ergebnisse-und-bilder-von-der-sellaronda-25-3-2022\/ps0-8848\/\"><img loading=\"lazy\" width=\"1024\" height=\"681\" src=\"https:\/\/www.skimo.at\/rennen\/files\/2022\/03\/ps0-8848-1024x681.jpg\" alt=\"\" data-id=\"294015\" data-full-url=\"https:\/\/www.skimo.at\/rennen\/files\/2022\/03\/ps0-8848.jpg\" data-link=\"https:\/\/www.skimo.at\/rennen\/293924\/ergebnisse-und-bilder-von-der-sellaronda-25-3-2022\/ps0-8848\/\" class=\"wp-image-294015\" srcset=\"https:\/\/www.skimo.at\/rennen\/files\/2022\/03\/ps0-8848-1024x681.jpg 1024w, https:\/\/www.skimo.at\/rennen\/files\/2022\/03\/ps0-8848-300x200.jpg 300w, https:\/\/www.skimo.at\/rennen\/files\/2022\/03\/ps0-8848-768x511.jpg 768w, https:\/\/www.skimo.at\/rennen\/files\/2022\/03\/ps0-8848-746x497.jpg 746w, https:\/\/www.skimo.at\/rennen\/files\/2022\/03\/ps0-8848-618x412.jpg 618w, https:\/\/www.skimo.at\/rennen\/files\/2022\/03\/ps0-8848-554x369.jpg 554w, https:\/\/www.skimo.at\/rennen\/files\/2022\/03\/ps0-8848-299x199.jpg 299w, https:\/\/www.skimo.at\/rennen\/files\/2022\/03\/ps0-8848-1224x814.jpg 1224w, https:\/\/www.skimo.at\/rennen\/files\/2022\/03\/ps0-8848-970x645.jpg 970w, https:\/\/www.skimo.at\/rennen\/files\/2022\/03\/ps0-8848-140x93.jpg 140w, https:\/\/www.skimo.at\/rennen\/files\/2022\/03\/ps0-8848-540x360.jpg 540w, https:\/\/www.skimo.at\/rennen\/files\/2022\/03\/ps0-8848.jpg 1799w\" sizes=\"(max-width: 1024px) 100vw, 1024px\" \/><\/a><\/figure><\/li><li class=\"blocks-gallery-item\"><figure><a href=\"https:\/\/www.skimo.at\/rennen\/293924\/ergebnisse-und-bilder-von-der-sellaronda-25-3-2022\/ps0-8891\/\"><img loading=\"lazy\" width=\"1024\" height=\"681\" src=\"https:\/\/www.skimo.at\/rennen\/files\/2022\/03\/ps0-8891-1024x681.jpg\" alt=\"\" data-id=\"294016\" data-full-url=\"https:\/\/www.skimo.at\/rennen\/files\/2022\/03\/ps0-8891.jpg\" data-link=\"https:\/\/www.skimo.at\/rennen\/293924\/ergebnisse-und-bilder-von-der-sellaronda-25-3-2022\/ps0-8891\/\" class=\"wp-image-294016\" srcset=\"https:\/\/www.skimo.at\/rennen\/files\/2022\/03\/ps0-8891-1024x681.jpg 1024w, https:\/\/www.skimo.at\/rennen\/files\/2022\/03\/ps0-8891-300x200.jpg 300w, https:\/\/www.skimo.at\/rennen\/files\/2022\/03\/ps0-8891-768x511.jpg 768w, https:\/\/www.skimo.at\/rennen\/files\/2022\/03\/ps0-8891-746x497.jpg 746w, https:\/\/www.skimo.at\/rennen\/files\/2022\/03\/ps0-8891-618x412.jpg 618w, https:\/\/www.skimo.at\/rennen\/files\/2022\/03\/ps0-8891-554x369.jpg 554w, https:\/\/www.skimo.at\/rennen\/files\/2022\/03\/ps0-8891-299x199.jpg 299w, https:\/\/www.skimo.at\/rennen\/files\/2022\/03\/ps0-8891-1224x814.jpg 1224w, https:\/\/www.skimo.at\/rennen\/files\/2022\/03\/ps0-8891-970x645.jpg 970w, https:\/\/www.skimo.at\/rennen\/files\/2022\/03\/ps0-8891-140x93.jpg 140w, https:\/\/www.skimo.at\/rennen\/files\/2022\/03\/ps0-8891-540x360.jpg 540w, https:\/\/www.skimo.at\/rennen\/files\/2022\/03\/ps0-8891.jpg 1799w\" sizes=\"(max-width: 1024px) 100vw, 1024px\" \/><\/a><\/figure><\/li><li class=\"blocks-gallery-item\"><figure><a href=\"https:\/\/www.skimo.at\/rennen\/293924\/ergebnisse-und-bilder-von-der-sellaronda-25-3-2022\/ps0-8942\/\"><img loading=\"lazy\" width=\"1024\" height=\"681\" src=\"https:\/\/www.skimo.at\/rennen\/files\/2022\/03\/ps0-8942-1024x681.jpg\" alt=\"\" data-id=\"294017\" data-full-url=\"https:\/\/www.skimo.at\/rennen\/files\/2022\/03\/ps0-8942.jpg\" data-link=\"https:\/\/www.skimo.at\/rennen\/293924\/ergebnisse-und-bilder-von-der-sellaronda-25-3-2022\/ps0-8942\/\" class=\"wp-image-294017\" srcset=\"https:\/\/www.skimo.at\/rennen\/files\/2022\/03\/ps0-8942-1024x681.jpg 1024w, https:\/\/www.skimo.at\/rennen\/files\/2022\/03\/ps0-8942-300x200.jpg 300w, https:\/\/www.skimo.at\/rennen\/files\/2022\/03\/ps0-8942-768x511.jpg 768w, https:\/\/www.skimo.at\/rennen\/files\/2022\/03\/ps0-8942-746x497.jpg 746w, https:\/\/www.skimo.at\/rennen\/files\/2022\/03\/ps0-8942-618x412.jpg 618w, https:\/\/www.skimo.at\/rennen\/files\/2022\/03\/ps0-8942-554x369.jpg 554w, https:\/\/www.skimo.at\/rennen\/files\/2022\/03\/ps0-8942-299x199.jpg 299w, https:\/\/www.skimo.at\/rennen\/files\/2022\/03\/ps0-8942-1224x814.jpg 1224w, https:\/\/www.skimo.at\/rennen\/files\/2022\/03\/ps0-8942-970x645.jpg 970w, https:\/\/www.skimo.at\/rennen\/files\/2022\/03\/ps0-8942-140x93.jpg 140w, https:\/\/www.skimo.at\/rennen\/files\/2022\/03\/ps0-8942-540x360.jpg 540w, https:\/\/www.skimo.at\/rennen\/files\/2022\/03\/ps0-8942.jpg 1799w\" sizes=\"(max-width: 1024px) 100vw, 1024px\" \/><\/a><\/figure><\/li><li class=\"blocks-gallery-item\"><figure><a href=\"https:\/\/www.skimo.at\/rennen\/293924\/ergebnisse-und-bilder-von-der-sellaronda-25-3-2022\/ps0-8970\/\"><img loading=\"lazy\" width=\"1024\" height=\"681\" src=\"https:\/\/www.skimo.at\/rennen\/files\/2022\/03\/ps0-8970-1024x681.jpg\" alt=\"\" data-id=\"294018\" data-full-url=\"https:\/\/www.skimo.at\/rennen\/files\/2022\/03\/ps0-8970.jpg\" data-link=\"https:\/\/www.skimo.at\/rennen\/293924\/ergebnisse-und-bilder-von-der-sellaronda-25-3-2022\/ps0-8970\/\" class=\"wp-image-294018\" srcset=\"https:\/\/www.skimo.at\/rennen\/files\/2022\/03\/ps0-8970-1024x681.jpg 1024w, https:\/\/www.skimo.at\/rennen\/files\/2022\/03\/ps0-8970-300x200.jpg 300w, https:\/\/www.skimo.at\/rennen\/files\/2022\/03\/ps0-8970-768x511.jpg 768w, https:\/\/www.skimo.at\/rennen\/files\/2022\/03\/ps0-8970-746x497.jpg 746w, https:\/\/www.skimo.at\/rennen\/files\/2022\/03\/ps0-8970-618x412.jpg 618w, https:\/\/www.skimo.at\/rennen\/files\/2022\/03\/ps0-8970-554x369.jpg 554w, https:\/\/www.skimo.at\/rennen\/files\/2022\/03\/ps0-8970-299x199.jpg 299w, https:\/\/www.skimo.at\/rennen\/files\/2022\/03\/ps0-8970-1224x814.jpg 1224w, https:\/\/www.skimo.at\/rennen\/files\/2022\/03\/ps0-8970-970x645.jpg 970w, https:\/\/www.skimo.at\/rennen\/files\/2022\/03\/ps0-8970-140x93.jpg 140w, https:\/\/www.skimo.at\/rennen\/files\/2022\/03\/ps0-8970-540x360.jpg 540w, https:\/\/www.skimo.at\/rennen\/files\/2022\/03\/ps0-8970.jpg 1799w\" sizes=\"(max-width: 1024px) 100vw, 1024px\" \/><\/a><\/figure><\/li><li class=\"blocks-gallery-item\"><figure><a href=\"https:\/\/www.skimo.at\/rennen\/293924\/ergebnisse-und-bilder-von-der-sellaronda-25-3-2022\/ps0-9080\/\"><img loading=\"lazy\" width=\"1024\" height=\"681\" src=\"https:\/\/www.skimo.at\/rennen\/files\/2022\/03\/ps0-9080-1024x681.jpg\" alt=\"\" data-id=\"294019\" data-full-url=\"https:\/\/www.skimo.at\/rennen\/files\/2022\/03\/ps0-9080.jpg\" data-link=\"https:\/\/www.skimo.at\/rennen\/293924\/ergebnisse-und-bilder-von-der-sellaronda-25-3-2022\/ps0-9080\/\" class=\"wp-image-294019\" srcset=\"https:\/\/www.skimo.at\/rennen\/files\/2022\/03\/ps0-9080-1024x681.jpg 1024w, https:\/\/www.skimo.at\/rennen\/files\/2022\/03\/ps0-9080-300x200.jpg 300w, https:\/\/www.skimo.at\/rennen\/files\/2022\/03\/ps0-9080-768x511.jpg 768w, https:\/\/www.skimo.at\/rennen\/files\/2022\/03\/ps0-9080-746x497.jpg 746w, https:\/\/www.skimo.at\/rennen\/files\/2022\/03\/ps0-9080-618x412.jpg 618w, https:\/\/www.skimo.at\/rennen\/files\/2022\/03\/ps0-9080-554x369.jpg 554w, https:\/\/www.skimo.at\/rennen\/files\/2022\/03\/ps0-9080-299x199.jpg 299w, https:\/\/www.skimo.at\/rennen\/files\/2022\/03\/ps0-9080-1224x814.jpg 1224w, https:\/\/www.skimo.at\/rennen\/files\/2022\/03\/ps0-9080-970x645.jpg 970w, https:\/\/www.skimo.at\/rennen\/files\/2022\/03\/ps0-9080-140x93.jpg 140w, https:\/\/www.skimo.at\/rennen\/files\/2022\/03\/ps0-9080-540x360.jpg 540w, https:\/\/www.skimo.at\/rennen\/files\/2022\/03\/ps0-9080.jpg 1799w\" sizes=\"(max-width: 1024px) 100vw, 1024px\" \/><\/a><\/figure><\/li><li class=\"blocks-gallery-item\"><figure><a href=\"https:\/\/www.skimo.at\/rennen\/293924\/ergebnisse-und-bilder-von-der-sellaronda-25-3-2022\/ps0-9119\/\"><img loading=\"lazy\" width=\"1024\" height=\"681\" src=\"https:\/\/www.skimo.at\/rennen\/files\/2022\/03\/ps0-9119-1024x681.jpg\" alt=\"\" data-id=\"294020\" data-full-url=\"https:\/\/www.skimo.at\/rennen\/files\/2022\/03\/ps0-9119.jpg\" data-link=\"https:\/\/www.skimo.at\/rennen\/293924\/ergebnisse-und-bilder-von-der-sellaronda-25-3-2022\/ps0-9119\/\" class=\"wp-image-294020\" srcset=\"https:\/\/www.skimo.at\/rennen\/files\/2022\/03\/ps0-9119-1024x681.jpg 1024w, https:\/\/www.skimo.at\/rennen\/files\/2022\/03\/ps0-9119-300x200.jpg 300w, https:\/\/www.skimo.at\/rennen\/files\/2022\/03\/ps0-9119-768x511.jpg 768w, https:\/\/www.skimo.at\/rennen\/files\/2022\/03\/ps0-9119-746x497.jpg 746w, https:\/\/www.skimo.at\/rennen\/files\/2022\/03\/ps0-9119-618x412.jpg 618w, https:\/\/www.skimo.at\/rennen\/files\/2022\/03\/ps0-9119-554x369.jpg 554w, https:\/\/www.skimo.at\/rennen\/files\/2022\/03\/ps0-9119-299x199.jpg 299w, https:\/\/www.skimo.at\/rennen\/files\/2022\/03\/ps0-9119-1224x814.jpg 1224w, https:\/\/www.skimo.at\/rennen\/files\/2022\/03\/ps0-9119-970x645.jpg 970w, https:\/\/www.skimo.at\/rennen\/files\/2022\/03\/ps0-9119-140x93.jpg 140w, https:\/\/www.skimo.at\/rennen\/files\/2022\/03\/ps0-9119-540x360.jpg 540w, https:\/\/www.skimo.at\/rennen\/files\/2022\/03\/ps0-9119.jpg 1799w\" sizes=\"(max-width: 1024px) 100vw, 1024px\" \/><\/a><\/figure><\/li><li class=\"blocks-gallery-item\"><figure><a href=\"https:\/\/www.skimo.at\/rennen\/293924\/ergebnisse-und-bilder-von-der-sellaronda-25-3-2022\/ps0-9331\/\"><img loading=\"lazy\" width=\"1024\" height=\"681\" src=\"https:\/\/www.skimo.at\/rennen\/files\/2022\/03\/ps0-9331-1024x681.jpg\" alt=\"\" data-id=\"294021\" data-full-url=\"https:\/\/www.skimo.at\/rennen\/files\/2022\/03\/ps0-9331.jpg\" data-link=\"https:\/\/www.skimo.at\/rennen\/293924\/ergebnisse-und-bilder-von-der-sellaronda-25-3-2022\/ps0-9331\/\" class=\"wp-image-294021\" srcset=\"https:\/\/www.skimo.at\/rennen\/files\/2022\/03\/ps0-9331-1024x681.jpg 1024w, https:\/\/www.skimo.at\/rennen\/files\/2022\/03\/ps0-9331-300x200.jpg 300w, https:\/\/www.skimo.at\/rennen\/files\/2022\/03\/ps0-9331-768x511.jpg 768w, https:\/\/www.skimo.at\/rennen\/files\/2022\/03\/ps0-9331-746x497.jpg 746w, https:\/\/www.skimo.at\/rennen\/files\/2022\/03\/ps0-9331-618x412.jpg 618w, https:\/\/www.skimo.at\/rennen\/files\/2022\/03\/ps0-9331-554x369.jpg 554w, https:\/\/www.skimo.at\/rennen\/files\/2022\/03\/ps0-9331-299x199.jpg 299w, https:\/\/www.skimo.at\/rennen\/files\/2022\/03\/ps0-9331-1224x814.jpg 1224w, https:\/\/www.skimo.at\/rennen\/files\/2022\/03\/ps0-9331-970x645.jpg 970w, https:\/\/www.skimo.at\/rennen\/files\/2022\/03\/ps0-9331-140x93.jpg 140w, https:\/\/www.skimo.at\/rennen\/files\/2022\/03\/ps0-9331-540x360.jpg 540w, https:\/\/www.skimo.at\/rennen\/files\/2022\/03\/ps0-9331.jpg 1799w\" sizes=\"(max-width: 1024px) 100vw, 1024px\" \/><\/a><\/figure><\/li><li class=\"blocks-gallery-item\"><figure><a href=\"https:\/\/www.skimo.at\/rennen\/293924\/ergebnisse-und-bilder-von-der-sellaronda-25-3-2022\/ps0-9334\/\"><img loading=\"lazy\" width=\"1024\" height=\"681\" src=\"https:\/\/www.skimo.at\/rennen\/files\/2022\/03\/ps0-9334-1024x681.jpg\" alt=\"\" data-id=\"294022\" data-full-url=\"https:\/\/www.skimo.at\/rennen\/files\/2022\/03\/ps0-9334.jpg\" data-link=\"https:\/\/www.skimo.at\/rennen\/293924\/ergebnisse-und-bilder-von-der-sellaronda-25-3-2022\/ps0-9334\/\" class=\"wp-image-294022\" srcset=\"https:\/\/www.skimo.at\/rennen\/files\/2022\/03\/ps0-9334-1024x681.jpg 1024w, https:\/\/www.skimo.at\/rennen\/files\/2022\/03\/ps0-9334-300x200.jpg 300w, https:\/\/www.skimo.at\/rennen\/files\/2022\/03\/ps0-9334-768x511.jpg 768w, https:\/\/www.skimo.at\/rennen\/files\/2022\/03\/ps0-9334-746x497.jpg 746w, https:\/\/www.skimo.at\/rennen\/files\/2022\/03\/ps0-9334-618x412.jpg 618w, https:\/\/www.skimo.at\/rennen\/files\/2022\/03\/ps0-9334-554x369.jpg 554w, https:\/\/www.skimo.at\/rennen\/files\/2022\/03\/ps0-9334-299x199.jpg 299w, https:\/\/www.skimo.at\/rennen\/files\/2022\/03\/ps0-9334-1224x814.jpg 1224w, https:\/\/www.skimo.at\/rennen\/files\/2022\/03\/ps0-9334-970x645.jpg 970w, https:\/\/www.skimo.at\/rennen\/files\/2022\/03\/ps0-9334-140x93.jpg 140w, https:\/\/www.skimo.at\/rennen\/files\/2022\/03\/ps0-9334-540x360.jpg 540w, https:\/\/www.skimo.at\/rennen\/files\/2022\/03\/ps0-9334.jpg 1799w\" sizes=\"(max-width: 1024px) 100vw, 1024px\" \/><\/a><\/figure><\/li><li class=\"blocks-gallery-item\"><figure><a href=\"https:\/\/www.skimo.at\/rennen\/293924\/ergebnisse-und-bilder-von-der-sellaronda-25-3-2022\/ps0-9387\/\"><img loading=\"lazy\" width=\"1024\" height=\"681\" src=\"https:\/\/www.skimo.at\/rennen\/files\/2022\/03\/ps0-9387-1024x681.jpg\" alt=\"\" data-id=\"294023\" data-full-url=\"https:\/\/www.skimo.at\/rennen\/files\/2022\/03\/ps0-9387.jpg\" data-link=\"https:\/\/www.skimo.at\/rennen\/293924\/ergebnisse-und-bilder-von-der-sellaronda-25-3-2022\/ps0-9387\/\" class=\"wp-image-294023\" srcset=\"https:\/\/www.skimo.at\/rennen\/files\/2022\/03\/ps0-9387-1024x681.jpg 1024w, https:\/\/www.skimo.at\/rennen\/files\/2022\/03\/ps0-9387-300x200.jpg 300w, https:\/\/www.skimo.at\/rennen\/files\/2022\/03\/ps0-9387-768x511.jpg 768w, https:\/\/www.skimo.at\/rennen\/files\/2022\/03\/ps0-9387-746x497.jpg 746w, https:\/\/www.skimo.at\/rennen\/files\/2022\/03\/ps0-9387-618x412.jpg 618w, https:\/\/www.skimo.at\/rennen\/files\/2022\/03\/ps0-9387-554x369.jpg 554w, https:\/\/www.skimo.at\/rennen\/files\/2022\/03\/ps0-9387-299x199.jpg 299w, https:\/\/www.skimo.at\/rennen\/files\/2022\/03\/ps0-9387-1224x814.jpg 1224w, https:\/\/www.skimo.at\/rennen\/files\/2022\/03\/ps0-9387-970x645.jpg 970w, https:\/\/www.skimo.at\/rennen\/files\/2022\/03\/ps0-9387-140x93.jpg 140w, https:\/\/www.skimo.at\/rennen\/files\/2022\/03\/ps0-9387-540x360.jpg 540w, https:\/\/www.skimo.at\/rennen\/files\/2022\/03\/ps0-9387.jpg 1799w\" sizes=\"(max-width: 1024px) 100vw, 1024px\" \/><\/a><\/figure><\/li><li class=\"blocks-gallery-item\"><figure><a href=\"https:\/\/www.skimo.at\/rennen\/293924\/ergebnisse-und-bilder-von-der-sellaronda-25-3-2022\/ps0-9408\/\"><img loading=\"lazy\" width=\"1024\" height=\"681\" src=\"https:\/\/www.skimo.at\/rennen\/files\/2022\/03\/ps0-9408-1024x681.jpg\" alt=\"\" data-id=\"294024\" data-full-url=\"https:\/\/www.skimo.at\/rennen\/files\/2022\/03\/ps0-9408.jpg\" data-link=\"https:\/\/www.skimo.at\/rennen\/293924\/ergebnisse-und-bilder-von-der-sellaronda-25-3-2022\/ps0-9408\/\" class=\"wp-image-294024\" srcset=\"https:\/\/www.skimo.at\/rennen\/files\/2022\/03\/ps0-9408-1024x681.jpg 1024w, https:\/\/www.skimo.at\/rennen\/files\/2022\/03\/ps0-9408-300x200.jpg 300w, https:\/\/www.skimo.at\/rennen\/files\/2022\/03\/ps0-9408-768x511.jpg 768w, https:\/\/www.skimo.at\/rennen\/files\/2022\/03\/ps0-9408-746x497.jpg 746w, https:\/\/www.skimo.at\/rennen\/files\/2022\/03\/ps0-9408-618x412.jpg 618w, https:\/\/www.skimo.at\/rennen\/files\/2022\/03\/ps0-9408-554x369.jpg 554w, https:\/\/www.skimo.at\/rennen\/files\/2022\/03\/ps0-9408-299x199.jpg 299w, https:\/\/www.skimo.at\/rennen\/files\/2022\/03\/ps0-9408-1224x814.jpg 1224w, https:\/\/www.skimo.at\/rennen\/files\/2022\/03\/ps0-9408-970x645.jpg 970w, https:\/\/www.skimo.at\/rennen\/files\/2022\/03\/ps0-9408-140x93.jpg 140w, https:\/\/www.skimo.at\/rennen\/files\/2022\/03\/ps0-9408-540x360.jpg 540w, https:\/\/www.skimo.at\/rennen\/files\/2022\/03\/ps0-9408.jpg 1799w\" sizes=\"(max-width: 1024px) 100vw, 1024px\" \/><\/a><\/figure><\/li><li class=\"blocks-gallery-item\"><figure><a href=\"https:\/\/www.skimo.at\/rennen\/293924\/ergebnisse-und-bilder-von-der-sellaronda-25-3-2022\/ps0-9431\/\"><img loading=\"lazy\" width=\"1024\" height=\"681\" src=\"https:\/\/www.skimo.at\/rennen\/files\/2022\/03\/ps0-9431-1024x681.jpg\" alt=\"\" data-id=\"294025\" data-full-url=\"https:\/\/www.skimo.at\/rennen\/files\/2022\/03\/ps0-9431.jpg\" data-link=\"https:\/\/www.skimo.at\/rennen\/293924\/ergebnisse-und-bilder-von-der-sellaronda-25-3-2022\/ps0-9431\/\" class=\"wp-image-294025\" srcset=\"https:\/\/www.skimo.at\/rennen\/files\/2022\/03\/ps0-9431-1024x681.jpg 1024w, https:\/\/www.skimo.at\/rennen\/files\/2022\/03\/ps0-9431-300x200.jpg 300w, https:\/\/www.skimo.at\/rennen\/files\/2022\/03\/ps0-9431-768x511.jpg 768w, https:\/\/www.skimo.at\/rennen\/files\/2022\/03\/ps0-9431-746x497.jpg 746w, https:\/\/www.skimo.at\/rennen\/files\/2022\/03\/ps0-9431-618x412.jpg 618w, https:\/\/www.skimo.at\/rennen\/files\/2022\/03\/ps0-9431-554x369.jpg 554w, https:\/\/www.skimo.at\/rennen\/files\/2022\/03\/ps0-9431-299x199.jpg 299w, https:\/\/www.skimo.at\/rennen\/files\/2022\/03\/ps0-9431-1224x814.jpg 1224w, https:\/\/www.skimo.at\/rennen\/files\/2022\/03\/ps0-9431-970x645.jpg 970w, https:\/\/www.skimo.at\/rennen\/files\/2022\/03\/ps0-9431-140x93.jpg 140w, https:\/\/www.skimo.at\/rennen\/files\/2022\/03\/ps0-9431-540x360.jpg 540w, https:\/\/www.skimo.at\/rennen\/files\/2022\/03\/ps0-9431.jpg 1799w\" sizes=\"(max-width: 1024px) 100vw, 1024px\" \/><\/a><\/figure><\/li><li class=\"blocks-gallery-item\"><figure><a href=\"https:\/\/www.skimo.at\/rennen\/293924\/ergebnisse-und-bilder-von-der-sellaronda-25-3-2022\/ps0-9496\/\"><img loading=\"lazy\" width=\"1024\" height=\"681\" src=\"https:\/\/www.skimo.at\/rennen\/files\/2022\/03\/ps0-9496-1024x681.jpg\" alt=\"\" data-id=\"294026\" data-full-url=\"https:\/\/www.skimo.at\/rennen\/files\/2022\/03\/ps0-9496.jpg\" data-link=\"https:\/\/www.skimo.at\/rennen\/293924\/ergebnisse-und-bilder-von-der-sellaronda-25-3-2022\/ps0-9496\/\" class=\"wp-image-294026\" srcset=\"https:\/\/www.skimo.at\/rennen\/files\/2022\/03\/ps0-9496-1024x681.jpg 1024w, https:\/\/www.skimo.at\/rennen\/files\/2022\/03\/ps0-9496-300x200.jpg 300w, https:\/\/www.skimo.at\/rennen\/files\/2022\/03\/ps0-9496-768x511.jpg 768w, https:\/\/www.skimo.at\/rennen\/files\/2022\/03\/ps0-9496-746x497.jpg 746w, https:\/\/www.skimo.at\/rennen\/files\/2022\/03\/ps0-9496-618x412.jpg 618w, https:\/\/www.skimo.at\/rennen\/files\/2022\/03\/ps0-9496-554x369.jpg 554w, https:\/\/www.skimo.at\/rennen\/files\/2022\/03\/ps0-9496-299x199.jpg 299w, https:\/\/www.skimo.at\/rennen\/files\/2022\/03\/ps0-9496-1224x814.jpg 1224w, https:\/\/www.skimo.at\/rennen\/files\/2022\/03\/ps0-9496-970x645.jpg 970w, https:\/\/www.skimo.at\/rennen\/files\/2022\/03\/ps0-9496-140x93.jpg 140w, https:\/\/www.skimo.at\/rennen\/files\/2022\/03\/ps0-9496-540x360.jpg 540w, https:\/\/www.skimo.at\/rennen\/files\/2022\/03\/ps0-9496.jpg 1799w\" sizes=\"(max-width: 1024px) 100vw, 1024px\" \/><\/a><\/figure><\/li><li class=\"blocks-gallery-item\"><figure><a href=\"https:\/\/www.skimo.at\/rennen\/293924\/ergebnisse-und-bilder-von-der-sellaronda-25-3-2022\/ps0-9551\/\"><img loading=\"lazy\" width=\"1024\" height=\"681\" src=\"https:\/\/www.skimo.at\/rennen\/files\/2022\/03\/ps0-9551-1024x681.jpg\" alt=\"\" data-id=\"294027\" data-full-url=\"https:\/\/www.skimo.at\/rennen\/files\/2022\/03\/ps0-9551.jpg\" data-link=\"https:\/\/www.skimo.at\/rennen\/293924\/ergebnisse-und-bilder-von-der-sellaronda-25-3-2022\/ps0-9551\/\" class=\"wp-image-294027\" srcset=\"https:\/\/www.skimo.at\/rennen\/files\/2022\/03\/ps0-9551-1024x681.jpg 1024w, https:\/\/www.skimo.at\/rennen\/files\/2022\/03\/ps0-9551-300x200.jpg 300w, https:\/\/www.skimo.at\/rennen\/files\/2022\/03\/ps0-9551-768x511.jpg 768w, https:\/\/www.skimo.at\/rennen\/files\/2022\/03\/ps0-9551-746x497.jpg 746w, https:\/\/www.skimo.at\/rennen\/files\/2022\/03\/ps0-9551-618x412.jpg 618w, https:\/\/www.skimo.at\/rennen\/files\/2022\/03\/ps0-9551-554x369.jpg 554w, https:\/\/www.skimo.at\/rennen\/files\/2022\/03\/ps0-9551-299x199.jpg 299w, https:\/\/www.skimo.at\/rennen\/files\/2022\/03\/ps0-9551-1224x814.jpg 1224w, https:\/\/www.skimo.at\/rennen\/files\/2022\/03\/ps0-9551-970x645.jpg 970w, https:\/\/www.skimo.at\/rennen\/files\/2022\/03\/ps0-9551-140x93.jpg 140w, https:\/\/www.skimo.at\/rennen\/files\/2022\/03\/ps0-9551-540x360.jpg 540w, https:\/\/www.skimo.at\/rennen\/files\/2022\/03\/ps0-9551.jpg 1799w\" sizes=\"(max-width: 1024px) 100vw, 1024px\" \/><\/a><\/figure><\/li><li class=\"blocks-gallery-item\"><figure><a href=\"https:\/\/www.skimo.at\/rennen\/293924\/ergebnisse-und-bilder-von-der-sellaronda-25-3-2022\/ps0-9584\/\"><img loading=\"lazy\" width=\"1024\" height=\"681\" src=\"https:\/\/www.skimo.at\/rennen\/files\/2022\/03\/ps0-9584-1024x681.jpg\" alt=\"\" data-id=\"294028\" data-full-url=\"https:\/\/www.skimo.at\/rennen\/files\/2022\/03\/ps0-9584.jpg\" data-link=\"https:\/\/www.skimo.at\/rennen\/293924\/ergebnisse-und-bilder-von-der-sellaronda-25-3-2022\/ps0-9584\/\" class=\"wp-image-294028\" srcset=\"https:\/\/www.skimo.at\/rennen\/files\/2022\/03\/ps0-9584-1024x681.jpg 1024w, https:\/\/www.skimo.at\/rennen\/files\/2022\/03\/ps0-9584-300x200.jpg 300w, https:\/\/www.skimo.at\/rennen\/files\/2022\/03\/ps0-9584-768x511.jpg 768w, https:\/\/www.skimo.at\/rennen\/files\/2022\/03\/ps0-9584-746x497.jpg 746w, https:\/\/www.skimo.at\/rennen\/files\/2022\/03\/ps0-9584-618x412.jpg 618w, https:\/\/www.skimo.at\/rennen\/files\/2022\/03\/ps0-9584-554x369.jpg 554w, https:\/\/www.skimo.at\/rennen\/files\/2022\/03\/ps0-9584-299x199.jpg 299w, https:\/\/www.skimo.at\/rennen\/files\/2022\/03\/ps0-9584-1224x814.jpg 1224w, https:\/\/www.skimo.at\/rennen\/files\/2022\/03\/ps0-9584-970x645.jpg 970w, https:\/\/www.skimo.at\/rennen\/files\/2022\/03\/ps0-9584-140x93.jpg 140w, https:\/\/www.skimo.at\/rennen\/files\/2022\/03\/ps0-9584-540x360.jpg 540w, https:\/\/www.skimo.at\/rennen\/files\/2022\/03\/ps0-9584.jpg 1799w\" sizes=\"(max-width: 1024px) 100vw, 1024px\" \/><\/a><\/figure><\/li><li class=\"blocks-gallery-item\"><figure><a href=\"https:\/\/www.skimo.at\/rennen\/293924\/ergebnisse-und-bilder-von-der-sellaronda-25-3-2022\/ps0-9616\/\"><img loading=\"lazy\" width=\"1024\" height=\"681\" src=\"https:\/\/www.skimo.at\/rennen\/files\/2022\/03\/ps0-9616-1024x681.jpg\" alt=\"\" data-id=\"294029\" data-full-url=\"https:\/\/www.skimo.at\/rennen\/files\/2022\/03\/ps0-9616.jpg\" data-link=\"https:\/\/www.skimo.at\/rennen\/293924\/ergebnisse-und-bilder-von-der-sellaronda-25-3-2022\/ps0-9616\/\" class=\"wp-image-294029\" srcset=\"https:\/\/www.skimo.at\/rennen\/files\/2022\/03\/ps0-9616-1024x681.jpg 1024w, https:\/\/www.skimo.at\/rennen\/files\/2022\/03\/ps0-9616-300x200.jpg 300w, https:\/\/www.skimo.at\/rennen\/files\/2022\/03\/ps0-9616-768x511.jpg 768w, https:\/\/www.skimo.at\/rennen\/files\/2022\/03\/ps0-9616-746x497.jpg 746w, https:\/\/www.skimo.at\/rennen\/files\/2022\/03\/ps0-9616-618x412.jpg 618w, https:\/\/www.skimo.at\/rennen\/files\/2022\/03\/ps0-9616-554x369.jpg 554w, https:\/\/www.skimo.at\/rennen\/files\/2022\/03\/ps0-9616-299x199.jpg 299w, https:\/\/www.skimo.at\/rennen\/files\/2022\/03\/ps0-9616-1224x814.jpg 1224w, https:\/\/www.skimo.at\/rennen\/files\/2022\/03\/ps0-9616-970x645.jpg 970w, https:\/\/www.skimo.at\/rennen\/files\/2022\/03\/ps0-9616-140x93.jpg 140w, https:\/\/www.skimo.at\/rennen\/files\/2022\/03\/ps0-9616-540x360.jpg 540w, https:\/\/www.skimo.at\/rennen\/files\/2022\/03\/ps0-9616.jpg 1799w\" sizes=\"(max-width: 1024px) 100vw, 1024px\" \/><\/a><\/figure><\/li><li class=\"blocks-gallery-item\"><figure><a href=\"https:\/\/www.skimo.at\/rennen\/293924\/ergebnisse-und-bilder-von-der-sellaronda-25-3-2022\/ps0-9679\/\"><img loading=\"lazy\" width=\"681\" height=\"1024\" src=\"https:\/\/www.skimo.at\/rennen\/files\/2022\/03\/ps0-9679-681x1024.jpg\" alt=\"\" data-id=\"294030\" data-full-url=\"https:\/\/www.skimo.at\/rennen\/files\/2022\/03\/ps0-9679.jpg\" data-link=\"https:\/\/www.skimo.at\/rennen\/293924\/ergebnisse-und-bilder-von-der-sellaronda-25-3-2022\/ps0-9679\/\" class=\"wp-image-294030\" srcset=\"https:\/\/www.skimo.at\/rennen\/files\/2022\/03\/ps0-9679-681x1024.jpg 681w, https:\/\/www.skimo.at\/rennen\/files\/2022\/03\/ps0-9679-200x300.jpg 200w, https:\/\/www.skimo.at\/rennen\/files\/2022\/03\/ps0-9679-768x1154.jpg 768w, https:\/\/www.skimo.at\/rennen\/files\/2022\/03\/ps0-9679-970x1458.jpg 970w, https:\/\/www.skimo.at\/rennen\/files\/2022\/03\/ps0-9679-554x833.jpg 554w, https:\/\/www.skimo.at\/rennen\/files\/2022\/03\/ps0-9679-62x93.jpg 62w, https:\/\/www.skimo.at\/rennen\/files\/2022\/03\/ps0-9679.jpg 1197w\" sizes=\"(max-width: 681px) 100vw, 681px\" \/><\/a><\/figure><\/li><li class=\"blocks-gallery-item\"><figure><a href=\"https:\/\/www.skimo.at\/rennen\/293924\/ergebnisse-und-bilder-von-der-sellaronda-25-3-2022\/ps0-9694\/\"><img loading=\"lazy\" width=\"681\" height=\"1024\" src=\"https:\/\/www.skimo.at\/rennen\/files\/2022\/03\/ps0-9694-681x1024.jpg\" alt=\"\" data-id=\"294031\" data-full-url=\"https:\/\/www.skimo.at\/rennen\/files\/2022\/03\/ps0-9694.jpg\" data-link=\"https:\/\/www.skimo.at\/rennen\/293924\/ergebnisse-und-bilder-von-der-sellaronda-25-3-2022\/ps0-9694\/\" class=\"wp-image-294031\" srcset=\"https:\/\/www.skimo.at\/rennen\/files\/2022\/03\/ps0-9694-681x1024.jpg 681w, https:\/\/www.skimo.at\/rennen\/files\/2022\/03\/ps0-9694-200x300.jpg 200w, https:\/\/www.skimo.at\/rennen\/files\/2022\/03\/ps0-9694-768x1154.jpg 768w, https:\/\/www.skimo.at\/rennen\/files\/2022\/03\/ps0-9694-970x1458.jpg 970w, https:\/\/www.skimo.at\/rennen\/files\/2022\/03\/ps0-9694-554x833.jpg 554w, https:\/\/www.skimo.at\/rennen\/files\/2022\/03\/ps0-9694-62x93.jpg 62w, https:\/\/www.skimo.at\/rennen\/files\/2022\/03\/ps0-9694.jpg 1197w\" sizes=\"(max-width: 681px) 100vw, 681px\" \/><\/a><\/figure><\/li><li class=\"blocks-gallery-item\"><figure><a href=\"https:\/\/www.skimo.at\/rennen\/293924\/ergebnisse-und-bilder-von-der-sellaronda-25-3-2022\/ps0-9712\/\"><img loading=\"lazy\" width=\"1024\" height=\"681\" src=\"https:\/\/www.skimo.at\/rennen\/files\/2022\/03\/ps0-9712-1024x681.jpg\" alt=\"\" data-id=\"294032\" data-full-url=\"https:\/\/www.skimo.at\/rennen\/files\/2022\/03\/ps0-9712.jpg\" data-link=\"https:\/\/www.skimo.at\/rennen\/293924\/ergebnisse-und-bilder-von-der-sellaronda-25-3-2022\/ps0-9712\/\" class=\"wp-image-294032\" srcset=\"https:\/\/www.skimo.at\/rennen\/files\/2022\/03\/ps0-9712-1024x681.jpg 1024w, https:\/\/www.skimo.at\/rennen\/files\/2022\/03\/ps0-9712-300x200.jpg 300w, https:\/\/www.skimo.at\/rennen\/files\/2022\/03\/ps0-9712-768x511.jpg 768w, https:\/\/www.skimo.at\/rennen\/files\/2022\/03\/ps0-9712-746x497.jpg 746w, https:\/\/www.skimo.at\/rennen\/files\/2022\/03\/ps0-9712-618x412.jpg 618w, https:\/\/www.skimo.at\/rennen\/files\/2022\/03\/ps0-9712-554x369.jpg 554w, https:\/\/www.skimo.at\/rennen\/files\/2022\/03\/ps0-9712-299x199.jpg 299w, https:\/\/www.skimo.at\/rennen\/files\/2022\/03\/ps0-9712-1224x814.jpg 1224w, https:\/\/www.skimo.at\/rennen\/files\/2022\/03\/ps0-9712-970x645.jpg 970w, https:\/\/www.skimo.at\/rennen\/files\/2022\/03\/ps0-9712-140x93.jpg 140w, https:\/\/www.skimo.at\/rennen\/files\/2022\/03\/ps0-9712-540x360.jpg 540w, https:\/\/www.skimo.at\/rennen\/files\/2022\/03\/ps0-9712.jpg 1799w\" sizes=\"(max-width: 1024px) 100vw, 1024px\" \/><\/a><\/figure><\/li><li class=\"blocks-gallery-item\"><figure><a href=\"https:\/\/www.skimo.at\/rennen\/293924\/ergebnisse-und-bilder-von-der-sellaronda-25-3-2022\/wisthalercom-22-03-sellaronda-dynafit-hw64666\/\"><img loading=\"lazy\" width=\"682\" height=\"1024\" src=\"https:\/\/www.skimo.at\/rennen\/files\/2022\/03\/wisthalercom-22-03-sellaronda-dynafit-hw64666-682x1024.jpg\" alt=\"\" data-id=\"294033\" data-full-url=\"https:\/\/www.skimo.at\/rennen\/files\/2022\/03\/wisthalercom-22-03-sellaronda-dynafit-hw64666.jpg\" data-link=\"https:\/\/www.skimo.at\/rennen\/293924\/ergebnisse-und-bilder-von-der-sellaronda-25-3-2022\/wisthalercom-22-03-sellaronda-dynafit-hw64666\/\" class=\"wp-image-294033\" srcset=\"https:\/\/www.skimo.at\/rennen\/files\/2022\/03\/wisthalercom-22-03-sellaronda-dynafit-hw64666-682x1024.jpg 682w, https:\/\/www.skimo.at\/rennen\/files\/2022\/03\/wisthalercom-22-03-sellaronda-dynafit-hw64666-200x300.jpg 200w, https:\/\/www.skimo.at\/rennen\/files\/2022\/03\/wisthalercom-22-03-sellaronda-dynafit-hw64666-768x1152.jpg 768w, https:\/\/www.skimo.at\/rennen\/files\/2022\/03\/wisthalercom-22-03-sellaronda-dynafit-hw64666-970x1455.jpg 970w, https:\/\/www.skimo.at\/rennen\/files\/2022\/03\/wisthalercom-22-03-sellaronda-dynafit-hw64666-554x831.jpg 554w, https:\/\/www.skimo.at\/rennen\/files\/2022\/03\/wisthalercom-22-03-sellaronda-dynafit-hw64666-62x93.jpg 62w, https:\/\/www.skimo.at\/rennen\/files\/2022\/03\/wisthalercom-22-03-sellaronda-dynafit-hw64666.jpg 1199w\" sizes=\"(max-width: 682px) 100vw, 682px\" \/><\/a><\/figure><\/li><li class=\"blocks-gallery-item\"><figure><a href=\"https:\/\/www.skimo.at\/rennen\/293924\/ergebnisse-und-bilder-von-der-sellaronda-25-3-2022\/wisthalercom-22-03-sellaronda-dynafit-hw64740\/\"><img loading=\"lazy\" width=\"1024\" height=\"682\" src=\"https:\/\/www.skimo.at\/rennen\/files\/2022\/03\/wisthalercom-22-03-sellaronda-dynafit-hw64740-1024x682.jpg\" alt=\"\" data-id=\"294034\" data-full-url=\"https:\/\/www.skimo.at\/rennen\/files\/2022\/03\/wisthalercom-22-03-sellaronda-dynafit-hw64740.jpg\" data-link=\"https:\/\/www.skimo.at\/rennen\/293924\/ergebnisse-und-bilder-von-der-sellaronda-25-3-2022\/wisthalercom-22-03-sellaronda-dynafit-hw64740\/\" class=\"wp-image-294034\" srcset=\"https:\/\/www.skimo.at\/rennen\/files\/2022\/03\/wisthalercom-22-03-sellaronda-dynafit-hw64740-1024x682.jpg 1024w, https:\/\/www.skimo.at\/rennen\/files\/2022\/03\/wisthalercom-22-03-sellaronda-dynafit-hw64740-300x200.jpg 300w, https:\/\/www.skimo.at\/rennen\/files\/2022\/03\/wisthalercom-22-03-sellaronda-dynafit-hw64740-768x512.jpg 768w, https:\/\/www.skimo.at\/rennen\/files\/2022\/03\/wisthalercom-22-03-sellaronda-dynafit-hw64740-746x497.jpg 746w, https:\/\/www.skimo.at\/rennen\/files\/2022\/03\/wisthalercom-22-03-sellaronda-dynafit-hw64740-618x412.jpg 618w, https:\/\/www.skimo.at\/rennen\/files\/2022\/03\/wisthalercom-22-03-sellaronda-dynafit-hw64740-554x369.jpg 554w, https:\/\/www.skimo.at\/rennen\/files\/2022\/03\/wisthalercom-22-03-sellaronda-dynafit-hw64740-299x199.jpg 299w, https:\/\/www.skimo.at\/rennen\/files\/2022\/03\/wisthalercom-22-03-sellaronda-dynafit-hw64740-1224x816.jpg 1224w, https:\/\/www.skimo.at\/rennen\/files\/2022\/03\/wisthalercom-22-03-sellaronda-dynafit-hw64740-970x646.jpg 970w, https:\/\/www.skimo.at\/rennen\/files\/2022\/03\/wisthalercom-22-03-sellaronda-dynafit-hw64740-140x93.jpg 140w, https:\/\/www.skimo.at\/rennen\/files\/2022\/03\/wisthalercom-22-03-sellaronda-dynafit-hw64740-540x360.jpg 540w, https:\/\/www.skimo.at\/rennen\/files\/2022\/03\/wisthalercom-22-03-sellaronda-dynafit-hw64740.jpg 1799w\" sizes=\"(max-width: 1024px) 100vw, 1024px\" \/><\/a><\/figure><\/li><li class=\"blocks-gallery-item\"><figure><a href=\"https:\/\/www.skimo.at\/rennen\/293924\/ergebnisse-und-bilder-von-der-sellaronda-25-3-2022\/wisthalercom-22-03-sellaronda-dynafit-hw64910\/\"><img loading=\"lazy\" width=\"682\" height=\"1024\" src=\"https:\/\/www.skimo.at\/rennen\/files\/2022\/03\/wisthalercom-22-03-sellaronda-dynafit-hw64910-682x1024.jpg\" alt=\"\" data-id=\"294035\" data-full-url=\"https:\/\/www.skimo.at\/rennen\/files\/2022\/03\/wisthalercom-22-03-sellaronda-dynafit-hw64910.jpg\" data-link=\"https:\/\/www.skimo.at\/rennen\/293924\/ergebnisse-und-bilder-von-der-sellaronda-25-3-2022\/wisthalercom-22-03-sellaronda-dynafit-hw64910\/\" class=\"wp-image-294035\" srcset=\"https:\/\/www.skimo.at\/rennen\/files\/2022\/03\/wisthalercom-22-03-sellaronda-dynafit-hw64910-682x1024.jpg 682w, https:\/\/www.skimo.at\/rennen\/files\/2022\/03\/wisthalercom-22-03-sellaronda-dynafit-hw64910-200x300.jpg 200w, https:\/\/www.skimo.at\/rennen\/files\/2022\/03\/wisthalercom-22-03-sellaronda-dynafit-hw64910-768x1152.jpg 768w, https:\/\/www.skimo.at\/rennen\/files\/2022\/03\/wisthalercom-22-03-sellaronda-dynafit-hw64910-970x1455.jpg 970w, https:\/\/www.skimo.at\/rennen\/files\/2022\/03\/wisthalercom-22-03-sellaronda-dynafit-hw64910-554x831.jpg 554w, https:\/\/www.skimo.at\/rennen\/files\/2022\/03\/wisthalercom-22-03-sellaronda-dynafit-hw64910-62x93.jpg 62w, https:\/\/www.skimo.at\/rennen\/files\/2022\/03\/wisthalercom-22-03-sellaronda-dynafit-hw64910.jpg 1199w\" sizes=\"(max-width: 682px) 100vw, 682px\" \/><\/a><\/figure><\/li><li class=\"blocks-gallery-item\"><figure><a href=\"https:\/\/www.skimo.at\/rennen\/293924\/ergebnisse-und-bilder-von-der-sellaronda-25-3-2022\/wisthalercom-22-03-sellaronda-dynafit-hw65841\/\"><img loading=\"lazy\" width=\"1024\" height=\"682\" src=\"https:\/\/www.skimo.at\/rennen\/files\/2022\/03\/wisthalercom-22-03-sellaronda-dynafit-hw65841-1024x682.jpg\" alt=\"\" data-id=\"294036\" data-full-url=\"https:\/\/www.skimo.at\/rennen\/files\/2022\/03\/wisthalercom-22-03-sellaronda-dynafit-hw65841.jpg\" data-link=\"https:\/\/www.skimo.at\/rennen\/293924\/ergebnisse-und-bilder-von-der-sellaronda-25-3-2022\/wisthalercom-22-03-sellaronda-dynafit-hw65841\/\" class=\"wp-image-294036\" srcset=\"https:\/\/www.skimo.at\/rennen\/files\/2022\/03\/wisthalercom-22-03-sellaronda-dynafit-hw65841-1024x682.jpg 1024w, https:\/\/www.skimo.at\/rennen\/files\/2022\/03\/wisthalercom-22-03-sellaronda-dynafit-hw65841-300x200.jpg 300w, https:\/\/www.skimo.at\/rennen\/files\/2022\/03\/wisthalercom-22-03-sellaronda-dynafit-hw65841-768x512.jpg 768w, https:\/\/www.skimo.at\/rennen\/files\/2022\/03\/wisthalercom-22-03-sellaronda-dynafit-hw65841-746x497.jpg 746w, https:\/\/www.skimo.at\/rennen\/files\/2022\/03\/wisthalercom-22-03-sellaronda-dynafit-hw65841-618x412.jpg 618w, https:\/\/www.skimo.at\/rennen\/files\/2022\/03\/wisthalercom-22-03-sellaronda-dynafit-hw65841-554x369.jpg 554w, https:\/\/www.skimo.at\/rennen\/files\/2022\/03\/wisthalercom-22-03-sellaronda-dynafit-hw65841-299x199.jpg 299w, https:\/\/www.skimo.at\/rennen\/files\/2022\/03\/wisthalercom-22-03-sellaronda-dynafit-hw65841-1224x816.jpg 1224w, https:\/\/www.skimo.at\/rennen\/files\/2022\/03\/wisthalercom-22-03-sellaronda-dynafit-hw65841-970x646.jpg 970w, https:\/\/www.skimo.at\/rennen\/files\/2022\/03\/wisthalercom-22-03-sellaronda-dynafit-hw65841-140x93.jpg 140w, https:\/\/www.skimo.at\/rennen\/files\/2022\/03\/wisthalercom-22-03-sellaronda-dynafit-hw65841-540x360.jpg 540w, https:\/\/www.skimo.at\/rennen\/files\/2022\/03\/wisthalercom-22-03-sellaronda-dynafit-hw65841.jpg 1799w\" sizes=\"(max-width: 1024px) 100vw, 1024px\" \/><\/a><\/figure><\/li><li class=\"blocks-gallery-item\"><figure><a href=\"https:\/\/www.skimo.at\/rennen\/293924\/ergebnisse-und-bilder-von-der-sellaronda-25-3-2022\/wisthalercom-22-03-sellaronda-dynafit-hw66262\/\"><img loading=\"lazy\" width=\"1024\" height=\"682\" src=\"https:\/\/www.skimo.at\/rennen\/files\/2022\/03\/wisthalercom-22-03-sellaronda-dynafit-hw66262-1024x682.jpg\" alt=\"\" data-id=\"294037\" data-full-url=\"https:\/\/www.skimo.at\/rennen\/files\/2022\/03\/wisthalercom-22-03-sellaronda-dynafit-hw66262.jpg\" data-link=\"https:\/\/www.skimo.at\/rennen\/293924\/ergebnisse-und-bilder-von-der-sellaronda-25-3-2022\/wisthalercom-22-03-sellaronda-dynafit-hw66262\/\" class=\"wp-image-294037\" srcset=\"https:\/\/www.skimo.at\/rennen\/files\/2022\/03\/wisthalercom-22-03-sellaronda-dynafit-hw66262-1024x682.jpg 1024w, https:\/\/www.skimo.at\/rennen\/files\/2022\/03\/wisthalercom-22-03-sellaronda-dynafit-hw66262-300x200.jpg 300w, https:\/\/www.skimo.at\/rennen\/files\/2022\/03\/wisthalercom-22-03-sellaronda-dynafit-hw66262-768x512.jpg 768w, https:\/\/www.skimo.at\/rennen\/files\/2022\/03\/wisthalercom-22-03-sellaronda-dynafit-hw66262-746x497.jpg 746w, https:\/\/www.skimo.at\/rennen\/files\/2022\/03\/wisthalercom-22-03-sellaronda-dynafit-hw66262-618x412.jpg 618w, https:\/\/www.skimo.at\/rennen\/files\/2022\/03\/wisthalercom-22-03-sellaronda-dynafit-hw66262-554x369.jpg 554w, https:\/\/www.skimo.at\/rennen\/files\/2022\/03\/wisthalercom-22-03-sellaronda-dynafit-hw66262-299x199.jpg 299w, https:\/\/www.skimo.at\/rennen\/files\/2022\/03\/wisthalercom-22-03-sellaronda-dynafit-hw66262-1224x816.jpg 1224w, https:\/\/www.skimo.at\/rennen\/files\/2022\/03\/wisthalercom-22-03-sellaronda-dynafit-hw66262-970x646.jpg 970w, https:\/\/www.skimo.at\/rennen\/files\/2022\/03\/wisthalercom-22-03-sellaronda-dynafit-hw66262-140x93.jpg 140w, https:\/\/www.skimo.at\/rennen\/files\/2022\/03\/wisthalercom-22-03-sellaronda-dynafit-hw66262-540x360.jpg 540w, https:\/\/www.skimo.at\/rennen\/files\/2022\/03\/wisthalercom-22-03-sellaronda-dynafit-hw66262.jpg 1799w\" sizes=\"(max-width: 1024px) 100vw, 1024px\" \/><\/a><\/figure><\/li><li class=\"blocks-gallery-item\"><figure><a href=\"https:\/\/www.skimo.at\/rennen\/293924\/ergebnisse-und-bilder-von-der-sellaronda-25-3-2022\/wisthalercom-22-03-sellaronda-dynafit-hw66362\/\"><img loading=\"lazy\" width=\"1024\" height=\"682\" src=\"https:\/\/www.skimo.at\/rennen\/files\/2022\/03\/wisthalercom-22-03-sellaronda-dynafit-hw66362-1024x682.jpg\" alt=\"\" data-id=\"294038\" data-full-url=\"https:\/\/www.skimo.at\/rennen\/files\/2022\/03\/wisthalercom-22-03-sellaronda-dynafit-hw66362.jpg\" data-link=\"https:\/\/www.skimo.at\/rennen\/293924\/ergebnisse-und-bilder-von-der-sellaronda-25-3-2022\/wisthalercom-22-03-sellaronda-dynafit-hw66362\/\" class=\"wp-image-294038\" srcset=\"https:\/\/www.skimo.at\/rennen\/files\/2022\/03\/wisthalercom-22-03-sellaronda-dynafit-hw66362-1024x682.jpg 1024w, https:\/\/www.skimo.at\/rennen\/files\/2022\/03\/wisthalercom-22-03-sellaronda-dynafit-hw66362-300x200.jpg 300w, https:\/\/www.skimo.at\/rennen\/files\/2022\/03\/wisthalercom-22-03-sellaronda-dynafit-hw66362-768x512.jpg 768w, https:\/\/www.skimo.at\/rennen\/files\/2022\/03\/wisthalercom-22-03-sellaronda-dynafit-hw66362-746x497.jpg 746w, https:\/\/www.skimo.at\/rennen\/files\/2022\/03\/wisthalercom-22-03-sellaronda-dynafit-hw66362-618x412.jpg 618w, https:\/\/www.skimo.at\/rennen\/files\/2022\/03\/wisthalercom-22-03-sellaronda-dynafit-hw66362-554x369.jpg 554w, https:\/\/www.skimo.at\/rennen\/files\/2022\/03\/wisthalercom-22-03-sellaronda-dynafit-hw66362-299x199.jpg 299w, https:\/\/www.skimo.at\/rennen\/files\/2022\/03\/wisthalercom-22-03-sellaronda-dynafit-hw66362-1224x816.jpg 1224w, https:\/\/www.skimo.at\/rennen\/files\/2022\/03\/wisthalercom-22-03-sellaronda-dynafit-hw66362-970x646.jpg 970w, https:\/\/www.skimo.at\/rennen\/files\/2022\/03\/wisthalercom-22-03-sellaronda-dynafit-hw66362-140x93.jpg 140w, https:\/\/www.skimo.at\/rennen\/files\/2022\/03\/wisthalercom-22-03-sellaronda-dynafit-hw66362-540x360.jpg 540w, https:\/\/www.skimo.at\/rennen\/files\/2022\/03\/wisthalercom-22-03-sellaronda-dynafit-hw66362.jpg 1799w\" sizes=\"(max-width: 1024px) 100vw, 1024px\" \/><\/a><\/figure><\/li><li class=\"blocks-gallery-item\"><figure><a href=\"https:\/\/www.skimo.at\/rennen\/293924\/ergebnisse-und-bilder-von-der-sellaronda-25-3-2022\/wisthalercom-22-03-sellaronda-dynafit-hw66525\/\"><img loading=\"lazy\" width=\"1024\" height=\"682\" src=\"https:\/\/www.skimo.at\/rennen\/files\/2022\/03\/wisthalercom-22-03-sellaronda-dynafit-hw66525-1024x682.jpg\" alt=\"\" data-id=\"294039\" data-full-url=\"https:\/\/www.skimo.at\/rennen\/files\/2022\/03\/wisthalercom-22-03-sellaronda-dynafit-hw66525.jpg\" data-link=\"https:\/\/www.skimo.at\/rennen\/293924\/ergebnisse-und-bilder-von-der-sellaronda-25-3-2022\/wisthalercom-22-03-sellaronda-dynafit-hw66525\/\" class=\"wp-image-294039\" srcset=\"https:\/\/www.skimo.at\/rennen\/files\/2022\/03\/wisthalercom-22-03-sellaronda-dynafit-hw66525-1024x682.jpg 1024w, https:\/\/www.skimo.at\/rennen\/files\/2022\/03\/wisthalercom-22-03-sellaronda-dynafit-hw66525-300x200.jpg 300w, https:\/\/www.skimo.at\/rennen\/files\/2022\/03\/wisthalercom-22-03-sellaronda-dynafit-hw66525-768x512.jpg 768w, https:\/\/www.skimo.at\/rennen\/files\/2022\/03\/wisthalercom-22-03-sellaronda-dynafit-hw66525-746x497.jpg 746w, https:\/\/www.skimo.at\/rennen\/files\/2022\/03\/wisthalercom-22-03-sellaronda-dynafit-hw66525-618x412.jpg 618w, https:\/\/www.skimo.at\/rennen\/files\/2022\/03\/wisthalercom-22-03-sellaronda-dynafit-hw66525-554x369.jpg 554w, https:\/\/www.skimo.at\/rennen\/files\/2022\/03\/wisthalercom-22-03-sellaronda-dynafit-hw66525-299x199.jpg 299w, https:\/\/www.skimo.at\/rennen\/files\/2022\/03\/wisthalercom-22-03-sellaronda-dynafit-hw66525-1224x816.jpg 1224w, https:\/\/www.skimo.at\/rennen\/files\/2022\/03\/wisthalercom-22-03-sellaronda-dynafit-hw66525-970x646.jpg 970w, https:\/\/www.skimo.at\/rennen\/files\/2022\/03\/wisthalercom-22-03-sellaronda-dynafit-hw66525-140x93.jpg 140w, https:\/\/www.skimo.at\/rennen\/files\/2022\/03\/wisthalercom-22-03-sellaronda-dynafit-hw66525-540x360.jpg 540w, https:\/\/www.skimo.at\/rennen\/files\/2022\/03\/wisthalercom-22-03-sellaronda-dynafit-hw66525.jpg 1799w\" sizes=\"(max-width: 1024px) 100vw, 1024px\" \/><\/a><\/figure><\/li><li class=\"blocks-gallery-item\"><figure><a href=\"https:\/\/www.skimo.at\/rennen\/293924\/ergebnisse-und-bilder-von-der-sellaronda-25-3-2022\/wisthalercom-22-03-sellaronda-dynafit-hw66834\/\"><img loading=\"lazy\" width=\"1024\" height=\"682\" src=\"https:\/\/www.skimo.at\/rennen\/files\/2022\/03\/wisthalercom-22-03-sellaronda-dynafit-hw66834-1024x682.jpg\" alt=\"\" data-id=\"294040\" data-full-url=\"https:\/\/www.skimo.at\/rennen\/files\/2022\/03\/wisthalercom-22-03-sellaronda-dynafit-hw66834.jpg\" data-link=\"https:\/\/www.skimo.at\/rennen\/293924\/ergebnisse-und-bilder-von-der-sellaronda-25-3-2022\/wisthalercom-22-03-sellaronda-dynafit-hw66834\/\" class=\"wp-image-294040\" srcset=\"https:\/\/www.skimo.at\/rennen\/files\/2022\/03\/wisthalercom-22-03-sellaronda-dynafit-hw66834-1024x682.jpg 1024w, https:\/\/www.skimo.at\/rennen\/files\/2022\/03\/wisthalercom-22-03-sellaronda-dynafit-hw66834-300x200.jpg 300w, https:\/\/www.skimo.at\/rennen\/files\/2022\/03\/wisthalercom-22-03-sellaronda-dynafit-hw66834-768x512.jpg 768w, https:\/\/www.skimo.at\/rennen\/files\/2022\/03\/wisthalercom-22-03-sellaronda-dynafit-hw66834-746x497.jpg 746w, https:\/\/www.skimo.at\/rennen\/files\/2022\/03\/wisthalercom-22-03-sellaronda-dynafit-hw66834-618x412.jpg 618w, https:\/\/www.skimo.at\/rennen\/files\/2022\/03\/wisthalercom-22-03-sellaronda-dynafit-hw66834-554x369.jpg 554w, https:\/\/www.skimo.at\/rennen\/files\/2022\/03\/wisthalercom-22-03-sellaronda-dynafit-hw66834-299x199.jpg 299w, https:\/\/www.skimo.at\/rennen\/files\/2022\/03\/wisthalercom-22-03-sellaronda-dynafit-hw66834-1224x816.jpg 1224w, https:\/\/www.skimo.at\/rennen\/files\/2022\/03\/wisthalercom-22-03-sellaronda-dynafit-hw66834-970x646.jpg 970w, https:\/\/www.skimo.at\/rennen\/files\/2022\/03\/wisthalercom-22-03-sellaronda-dynafit-hw66834-140x93.jpg 140w, https:\/\/www.skimo.at\/rennen\/files\/2022\/03\/wisthalercom-22-03-sellaronda-dynafit-hw66834-540x360.jpg 540w, https:\/\/www.skimo.at\/rennen\/files\/2022\/03\/wisthalercom-22-03-sellaronda-dynafit-hw66834.jpg 1799w\" sizes=\"(max-width: 1024px) 100vw, 1024px\" \/><\/a><\/figure><\/li><li class=\"blocks-gallery-item\"><figure><a href=\"https:\/\/www.skimo.at\/rennen\/293924\/ergebnisse-und-bilder-von-der-sellaronda-25-3-2022\/wisthalercom-22-03-sellaronda-dynafit-hw67036\/\"><img loading=\"lazy\" width=\"1024\" height=\"682\" src=\"https:\/\/www.skimo.at\/rennen\/files\/2022\/03\/wisthalercom-22-03-sellaronda-dynafit-hw67036-1024x682.jpg\" alt=\"\" data-id=\"294041\" data-full-url=\"https:\/\/www.skimo.at\/rennen\/files\/2022\/03\/wisthalercom-22-03-sellaronda-dynafit-hw67036.jpg\" data-link=\"https:\/\/www.skimo.at\/rennen\/293924\/ergebnisse-und-bilder-von-der-sellaronda-25-3-2022\/wisthalercom-22-03-sellaronda-dynafit-hw67036\/\" class=\"wp-image-294041\" srcset=\"https:\/\/www.skimo.at\/rennen\/files\/2022\/03\/wisthalercom-22-03-sellaronda-dynafit-hw67036-1024x682.jpg 1024w, https:\/\/www.skimo.at\/rennen\/files\/2022\/03\/wisthalercom-22-03-sellaronda-dynafit-hw67036-300x200.jpg 300w, https:\/\/www.skimo.at\/rennen\/files\/2022\/03\/wisthalercom-22-03-sellaronda-dynafit-hw67036-768x512.jpg 768w, https:\/\/www.skimo.at\/rennen\/files\/2022\/03\/wisthalercom-22-03-sellaronda-dynafit-hw67036-746x497.jpg 746w, https:\/\/www.skimo.at\/rennen\/files\/2022\/03\/wisthalercom-22-03-sellaronda-dynafit-hw67036-618x412.jpg 618w, https:\/\/www.skimo.at\/rennen\/files\/2022\/03\/wisthalercom-22-03-sellaronda-dynafit-hw67036-554x369.jpg 554w, https:\/\/www.skimo.at\/rennen\/files\/2022\/03\/wisthalercom-22-03-sellaronda-dynafit-hw67036-299x199.jpg 299w, https:\/\/www.skimo.at\/rennen\/files\/2022\/03\/wisthalercom-22-03-sellaronda-dynafit-hw67036-1224x816.jpg 1224w, https:\/\/www.skimo.at\/rennen\/files\/2022\/03\/wisthalercom-22-03-sellaronda-dynafit-hw67036-970x646.jpg 970w, https:\/\/www.skimo.at\/rennen\/files\/2022\/03\/wisthalercom-22-03-sellaronda-dynafit-hw67036-140x93.jpg 140w, https:\/\/www.skimo.at\/rennen\/files\/2022\/03\/wisthalercom-22-03-sellaronda-dynafit-hw67036-540x360.jpg 540w, https:\/\/www.skimo.at\/rennen\/files\/2022\/03\/wisthalercom-22-03-sellaronda-dynafit-hw67036.jpg 1799w\" sizes=\"(max-width: 1024px) 100vw, 1024px\" \/><\/a><\/figure><\/li><li class=\"blocks-gallery-item\"><figure><a href=\"https:\/\/www.skimo.at\/rennen\/293924\/ergebnisse-und-bilder-von-der-sellaronda-25-3-2022\/wisthalercom-22-03-sellaronda-dynafit-hw67473\/\"><img loading=\"lazy\" width=\"1024\" height=\"682\" src=\"https:\/\/www.skimo.at\/rennen\/files\/2022\/03\/wisthalercom-22-03-sellaronda-dynafit-hw67473-1024x682.jpg\" alt=\"\" data-id=\"294042\" data-full-url=\"https:\/\/www.skimo.at\/rennen\/files\/2022\/03\/wisthalercom-22-03-sellaronda-dynafit-hw67473.jpg\" data-link=\"https:\/\/www.skimo.at\/rennen\/293924\/ergebnisse-und-bilder-von-der-sellaronda-25-3-2022\/wisthalercom-22-03-sellaronda-dynafit-hw67473\/\" class=\"wp-image-294042\" srcset=\"https:\/\/www.skimo.at\/rennen\/files\/2022\/03\/wisthalercom-22-03-sellaronda-dynafit-hw67473-1024x682.jpg 1024w, https:\/\/www.skimo.at\/rennen\/files\/2022\/03\/wisthalercom-22-03-sellaronda-dynafit-hw67473-300x200.jpg 300w, https:\/\/www.skimo.at\/rennen\/files\/2022\/03\/wisthalercom-22-03-sellaronda-dynafit-hw67473-768x512.jpg 768w, https:\/\/www.skimo.at\/rennen\/files\/2022\/03\/wisthalercom-22-03-sellaronda-dynafit-hw67473-746x497.jpg 746w, https:\/\/www.skimo.at\/rennen\/files\/2022\/03\/wisthalercom-22-03-sellaronda-dynafit-hw67473-618x412.jpg 618w, https:\/\/www.skimo.at\/rennen\/files\/2022\/03\/wisthalercom-22-03-sellaronda-dynafit-hw67473-554x369.jpg 554w, https:\/\/www.skimo.at\/rennen\/files\/2022\/03\/wisthalercom-22-03-sellaronda-dynafit-hw67473-299x199.jpg 299w, https:\/\/www.skimo.at\/rennen\/files\/2022\/03\/wisthalercom-22-03-sellaronda-dynafit-hw67473-1224x816.jpg 1224w, https:\/\/www.skimo.at\/rennen\/files\/2022\/03\/wisthalercom-22-03-sellaronda-dynafit-hw67473-970x646.jpg 970w, https:\/\/www.skimo.at\/rennen\/files\/2022\/03\/wisthalercom-22-03-sellaronda-dynafit-hw67473-140x93.jpg 140w, https:\/\/www.skimo.at\/rennen\/files\/2022\/03\/wisthalercom-22-03-sellaronda-dynafit-hw67473-540x360.jpg 540w, https:\/\/www.skimo.at\/rennen\/files\/2022\/03\/wisthalercom-22-03-sellaronda-dynafit-hw67473.jpg 1799w\" sizes=\"(max-width: 1024px) 100vw, 1024px\" \/><\/a><\/figure><\/li><li class=\"blocks-gallery-item\"><figure><a href=\"https:\/\/www.skimo.at\/rennen\/293924\/ergebnisse-und-bilder-von-der-sellaronda-25-3-2022\/wisthalercom-22-03-sellaronda-dynafit-hw4-5156\/\"><img loading=\"lazy\" width=\"1024\" height=\"681\" src=\"https:\/\/www.skimo.at\/rennen\/files\/2022\/03\/wisthalercom-22-03-sellaronda-dynafit-hw4-5156-1024x681.jpg\" alt=\"\" data-id=\"294043\" data-full-url=\"https:\/\/www.skimo.at\/rennen\/files\/2022\/03\/wisthalercom-22-03-sellaronda-dynafit-hw4-5156.jpg\" data-link=\"https:\/\/www.skimo.at\/rennen\/293924\/ergebnisse-und-bilder-von-der-sellaronda-25-3-2022\/wisthalercom-22-03-sellaronda-dynafit-hw4-5156\/\" class=\"wp-image-294043\" srcset=\"https:\/\/www.skimo.at\/rennen\/files\/2022\/03\/wisthalercom-22-03-sellaronda-dynafit-hw4-5156-1024x681.jpg 1024w, https:\/\/www.skimo.at\/rennen\/files\/2022\/03\/wisthalercom-22-03-sellaronda-dynafit-hw4-5156-300x200.jpg 300w, https:\/\/www.skimo.at\/rennen\/files\/2022\/03\/wisthalercom-22-03-sellaronda-dynafit-hw4-5156-768x511.jpg 768w, https:\/\/www.skimo.at\/rennen\/files\/2022\/03\/wisthalercom-22-03-sellaronda-dynafit-hw4-5156-746x497.jpg 746w, https:\/\/www.skimo.at\/rennen\/files\/2022\/03\/wisthalercom-22-03-sellaronda-dynafit-hw4-5156-618x412.jpg 618w, https:\/\/www.skimo.at\/rennen\/files\/2022\/03\/wisthalercom-22-03-sellaronda-dynafit-hw4-5156-554x369.jpg 554w, https:\/\/www.skimo.at\/rennen\/files\/2022\/03\/wisthalercom-22-03-sellaronda-dynafit-hw4-5156-299x199.jpg 299w, https:\/\/www.skimo.at\/rennen\/files\/2022\/03\/wisthalercom-22-03-sellaronda-dynafit-hw4-5156-1224x814.jpg 1224w, https:\/\/www.skimo.at\/rennen\/files\/2022\/03\/wisthalercom-22-03-sellaronda-dynafit-hw4-5156-970x645.jpg 970w, https:\/\/www.skimo.at\/rennen\/files\/2022\/03\/wisthalercom-22-03-sellaronda-dynafit-hw4-5156-140x93.jpg 140w, https:\/\/www.skimo.at\/rennen\/files\/2022\/03\/wisthalercom-22-03-sellaronda-dynafit-hw4-5156-540x360.jpg 540w, https:\/\/www.skimo.at\/rennen\/files\/2022\/03\/wisthalercom-22-03-sellaronda-dynafit-hw4-5156.jpg 1799w\" sizes=\"(max-width: 1024px) 100vw, 1024px\" \/><\/a><\/figure><\/li><li class=\"blocks-gallery-item\"><figure><a href=\"https:\/\/www.skimo.at\/rennen\/293924\/ergebnisse-und-bilder-von-der-sellaronda-25-3-2022\/wisthalercom-22-03-sellaronda-dynafit-hw4-5278\/\"><img loading=\"lazy\" width=\"1024\" height=\"681\" src=\"https:\/\/www.skimo.at\/rennen\/files\/2022\/03\/wisthalercom-22-03-sellaronda-dynafit-hw4-5278-1024x681.jpg\" alt=\"\" data-id=\"294044\" data-full-url=\"https:\/\/www.skimo.at\/rennen\/files\/2022\/03\/wisthalercom-22-03-sellaronda-dynafit-hw4-5278.jpg\" data-link=\"https:\/\/www.skimo.at\/rennen\/293924\/ergebnisse-und-bilder-von-der-sellaronda-25-3-2022\/wisthalercom-22-03-sellaronda-dynafit-hw4-5278\/\" class=\"wp-image-294044\" srcset=\"https:\/\/www.skimo.at\/rennen\/files\/2022\/03\/wisthalercom-22-03-sellaronda-dynafit-hw4-5278-1024x681.jpg 1024w, https:\/\/www.skimo.at\/rennen\/files\/2022\/03\/wisthalercom-22-03-sellaronda-dynafit-hw4-5278-300x200.jpg 300w, https:\/\/www.skimo.at\/rennen\/files\/2022\/03\/wisthalercom-22-03-sellaronda-dynafit-hw4-5278-768x511.jpg 768w, https:\/\/www.skimo.at\/rennen\/files\/2022\/03\/wisthalercom-22-03-sellaronda-dynafit-hw4-5278-746x497.jpg 746w, https:\/\/www.skimo.at\/rennen\/files\/2022\/03\/wisthalercom-22-03-sellaronda-dynafit-hw4-5278-618x412.jpg 618w, https:\/\/www.skimo.at\/rennen\/files\/2022\/03\/wisthalercom-22-03-sellaronda-dynafit-hw4-5278-554x369.jpg 554w, https:\/\/www.skimo.at\/rennen\/files\/2022\/03\/wisthalercom-22-03-sellaronda-dynafit-hw4-5278-299x199.jpg 299w, https:\/\/www.skimo.at\/rennen\/files\/2022\/03\/wisthalercom-22-03-sellaronda-dynafit-hw4-5278-1224x814.jpg 1224w, https:\/\/www.skimo.at\/rennen\/files\/2022\/03\/wisthalercom-22-03-sellaronda-dynafit-hw4-5278-970x645.jpg 970w, https:\/\/www.skimo.at\/rennen\/files\/2022\/03\/wisthalercom-22-03-sellaronda-dynafit-hw4-5278-140x93.jpg 140w, https:\/\/www.skimo.at\/rennen\/files\/2022\/03\/wisthalercom-22-03-sellaronda-dynafit-hw4-5278-540x360.jpg 540w, https:\/\/www.skimo.at\/rennen\/files\/2022\/03\/wisthalercom-22-03-sellaronda-dynafit-hw4-5278.jpg 1799w\" sizes=\"(max-width: 1024px) 100vw, 1024px\" \/><\/a><\/figure><\/li><li class=\"blocks-gallery-item\"><figure><a href=\"https:\/\/www.skimo.at\/rennen\/293924\/ergebnisse-und-bilder-von-der-sellaronda-25-3-2022\/wisthalercom-22-03-sellaronda-dynafit-hw4-5456\/\"><img loading=\"lazy\" width=\"1024\" height=\"681\" src=\"https:\/\/www.skimo.at\/rennen\/files\/2022\/03\/wisthalercom-22-03-sellaronda-dynafit-hw4-5456-1024x681.jpg\" alt=\"\" data-id=\"294045\" data-full-url=\"https:\/\/www.skimo.at\/rennen\/files\/2022\/03\/wisthalercom-22-03-sellaronda-dynafit-hw4-5456.jpg\" data-link=\"https:\/\/www.skimo.at\/rennen\/293924\/ergebnisse-und-bilder-von-der-sellaronda-25-3-2022\/wisthalercom-22-03-sellaronda-dynafit-hw4-5456\/\" class=\"wp-image-294045\" srcset=\"https:\/\/www.skimo.at\/rennen\/files\/2022\/03\/wisthalercom-22-03-sellaronda-dynafit-hw4-5456-1024x681.jpg 1024w, https:\/\/www.skimo.at\/rennen\/files\/2022\/03\/wisthalercom-22-03-sellaronda-dynafit-hw4-5456-300x200.jpg 300w, https:\/\/www.skimo.at\/rennen\/files\/2022\/03\/wisthalercom-22-03-sellaronda-dynafit-hw4-5456-768x511.jpg 768w, https:\/\/www.skimo.at\/rennen\/files\/2022\/03\/wisthalercom-22-03-sellaronda-dynafit-hw4-5456-746x497.jpg 746w, https:\/\/www.skimo.at\/rennen\/files\/2022\/03\/wisthalercom-22-03-sellaronda-dynafit-hw4-5456-618x412.jpg 618w, https:\/\/www.skimo.at\/rennen\/files\/2022\/03\/wisthalercom-22-03-sellaronda-dynafit-hw4-5456-554x369.jpg 554w, https:\/\/www.skimo.at\/rennen\/files\/2022\/03\/wisthalercom-22-03-sellaronda-dynafit-hw4-5456-299x199.jpg 299w, https:\/\/www.skimo.at\/rennen\/files\/2022\/03\/wisthalercom-22-03-sellaronda-dynafit-hw4-5456-1224x814.jpg 1224w, https:\/\/www.skimo.at\/rennen\/files\/2022\/03\/wisthalercom-22-03-sellaronda-dynafit-hw4-5456-970x645.jpg 970w, https:\/\/www.skimo.at\/rennen\/files\/2022\/03\/wisthalercom-22-03-sellaronda-dynafit-hw4-5456-140x93.jpg 140w, https:\/\/www.skimo.at\/rennen\/files\/2022\/03\/wisthalercom-22-03-sellaronda-dynafit-hw4-5456-540x360.jpg 540w, https:\/\/www.skimo.at\/rennen\/files\/2022\/03\/wisthalercom-22-03-sellaronda-dynafit-hw4-5456.jpg 1799w\" sizes=\"(max-width: 1024px) 100vw, 1024px\" \/><\/a><\/figure><\/li><li class=\"blocks-gallery-item\"><figure><a href=\"https:\/\/www.skimo.at\/rennen\/293924\/ergebnisse-und-bilder-von-der-sellaronda-25-3-2022\/wisthalercom-22-03-sellaronda-dynafit-hw4-5812\/\"><img loading=\"lazy\" width=\"681\" height=\"1024\" src=\"https:\/\/www.skimo.at\/rennen\/files\/2022\/03\/wisthalercom-22-03-sellaronda-dynafit-hw4-5812-681x1024.jpg\" alt=\"\" data-id=\"294046\" data-full-url=\"https:\/\/www.skimo.at\/rennen\/files\/2022\/03\/wisthalercom-22-03-sellaronda-dynafit-hw4-5812.jpg\" data-link=\"https:\/\/www.skimo.at\/rennen\/293924\/ergebnisse-und-bilder-von-der-sellaronda-25-3-2022\/wisthalercom-22-03-sellaronda-dynafit-hw4-5812\/\" class=\"wp-image-294046\" srcset=\"https:\/\/www.skimo.at\/rennen\/files\/2022\/03\/wisthalercom-22-03-sellaronda-dynafit-hw4-5812-681x1024.jpg 681w, https:\/\/www.skimo.at\/rennen\/files\/2022\/03\/wisthalercom-22-03-sellaronda-dynafit-hw4-5812-200x300.jpg 200w, https:\/\/www.skimo.at\/rennen\/files\/2022\/03\/wisthalercom-22-03-sellaronda-dynafit-hw4-5812-768x1154.jpg 768w, https:\/\/www.skimo.at\/rennen\/files\/2022\/03\/wisthalercom-22-03-sellaronda-dynafit-hw4-5812-970x1458.jpg 970w, https:\/\/www.skimo.at\/rennen\/files\/2022\/03\/wisthalercom-22-03-sellaronda-dynafit-hw4-5812-554x833.jpg 554w, https:\/\/www.skimo.at\/rennen\/files\/2022\/03\/wisthalercom-22-03-sellaronda-dynafit-hw4-5812-62x93.jpg 62w, https:\/\/www.skimo.at\/rennen\/files\/2022\/03\/wisthalercom-22-03-sellaronda-dynafit-hw4-5812.jpg 1197w\" sizes=\"(max-width: 681px) 100vw, 681px\" \/><\/a><\/figure><\/li><li class=\"blocks-gallery-item\"><figure><a href=\"https:\/\/www.skimo.at\/rennen\/293924\/ergebnisse-und-bilder-von-der-sellaronda-25-3-2022\/wisthalercom-22-03-sellaronda-dynafit-hw4-6098\/\"><img loading=\"lazy\" width=\"1024\" height=\"681\" src=\"https:\/\/www.skimo.at\/rennen\/files\/2022\/03\/wisthalercom-22-03-sellaronda-dynafit-hw4-6098-1024x681.jpg\" alt=\"\" data-id=\"294047\" data-full-url=\"https:\/\/www.skimo.at\/rennen\/files\/2022\/03\/wisthalercom-22-03-sellaronda-dynafit-hw4-6098.jpg\" data-link=\"https:\/\/www.skimo.at\/rennen\/293924\/ergebnisse-und-bilder-von-der-sellaronda-25-3-2022\/wisthalercom-22-03-sellaronda-dynafit-hw4-6098\/\" class=\"wp-image-294047\" srcset=\"https:\/\/www.skimo.at\/rennen\/files\/2022\/03\/wisthalercom-22-03-sellaronda-dynafit-hw4-6098-1024x681.jpg 1024w, https:\/\/www.skimo.at\/rennen\/files\/2022\/03\/wisthalercom-22-03-sellaronda-dynafit-hw4-6098-300x200.jpg 300w, https:\/\/www.skimo.at\/rennen\/files\/2022\/03\/wisthalercom-22-03-sellaronda-dynafit-hw4-6098-768x511.jpg 768w, https:\/\/www.skimo.at\/rennen\/files\/2022\/03\/wisthalercom-22-03-sellaronda-dynafit-hw4-6098-746x497.jpg 746w, https:\/\/www.skimo.at\/rennen\/files\/2022\/03\/wisthalercom-22-03-sellaronda-dynafit-hw4-6098-618x412.jpg 618w, https:\/\/www.skimo.at\/rennen\/files\/2022\/03\/wisthalercom-22-03-sellaronda-dynafit-hw4-6098-554x369.jpg 554w, https:\/\/www.skimo.at\/rennen\/files\/2022\/03\/wisthalercom-22-03-sellaronda-dynafit-hw4-6098-299x199.jpg 299w, https:\/\/www.skimo.at\/rennen\/files\/2022\/03\/wisthalercom-22-03-sellaronda-dynafit-hw4-6098-1224x814.jpg 1224w, https:\/\/www.skimo.at\/rennen\/files\/2022\/03\/wisthalercom-22-03-sellaronda-dynafit-hw4-6098-970x645.jpg 970w, https:\/\/www.skimo.at\/rennen\/files\/2022\/03\/wisthalercom-22-03-sellaronda-dynafit-hw4-6098-140x93.jpg 140w, https:\/\/www.skimo.at\/rennen\/files\/2022\/03\/wisthalercom-22-03-sellaronda-dynafit-hw4-6098-540x360.jpg 540w, https:\/\/www.skimo.at\/rennen\/files\/2022\/03\/wisthalercom-22-03-sellaronda-dynafit-hw4-6098.jpg 1799w\" sizes=\"(max-width: 1024px) 100vw, 1024px\" \/><\/a><\/figure><\/li><li class=\"blocks-gallery-item\"><figure><a href=\"https:\/\/www.skimo.at\/rennen\/293924\/ergebnisse-und-bilder-von-der-sellaronda-25-3-2022\/wisthalercom-22-03-sellaronda-dynafit-hw4-6164\/\"><img loading=\"lazy\" width=\"1024\" height=\"681\" src=\"https:\/\/www.skimo.at\/rennen\/files\/2022\/03\/wisthalercom-22-03-sellaronda-dynafit-hw4-6164-1024x681.jpg\" alt=\"\" data-id=\"294048\" data-full-url=\"https:\/\/www.skimo.at\/rennen\/files\/2022\/03\/wisthalercom-22-03-sellaronda-dynafit-hw4-6164.jpg\" data-link=\"https:\/\/www.skimo.at\/rennen\/293924\/ergebnisse-und-bilder-von-der-sellaronda-25-3-2022\/wisthalercom-22-03-sellaronda-dynafit-hw4-6164\/\" class=\"wp-image-294048\" srcset=\"https:\/\/www.skimo.at\/rennen\/files\/2022\/03\/wisthalercom-22-03-sellaronda-dynafit-hw4-6164-1024x681.jpg 1024w, https:\/\/www.skimo.at\/rennen\/files\/2022\/03\/wisthalercom-22-03-sellaronda-dynafit-hw4-6164-300x200.jpg 300w, https:\/\/www.skimo.at\/rennen\/files\/2022\/03\/wisthalercom-22-03-sellaronda-dynafit-hw4-6164-768x511.jpg 768w, https:\/\/www.skimo.at\/rennen\/files\/2022\/03\/wisthalercom-22-03-sellaronda-dynafit-hw4-6164-746x497.jpg 746w, https:\/\/www.skimo.at\/rennen\/files\/2022\/03\/wisthalercom-22-03-sellaronda-dynafit-hw4-6164-618x412.jpg 618w, https:\/\/www.skimo.at\/rennen\/files\/2022\/03\/wisthalercom-22-03-sellaronda-dynafit-hw4-6164-554x369.jpg 554w, https:\/\/www.skimo.at\/rennen\/files\/2022\/03\/wisthalercom-22-03-sellaronda-dynafit-hw4-6164-299x199.jpg 299w, https:\/\/www.skimo.at\/rennen\/files\/2022\/03\/wisthalercom-22-03-sellaronda-dynafit-hw4-6164-1224x814.jpg 1224w, https:\/\/www.skimo.at\/rennen\/files\/2022\/03\/wisthalercom-22-03-sellaronda-dynafit-hw4-6164-970x645.jpg 970w, https:\/\/www.skimo.at\/rennen\/files\/2022\/03\/wisthalercom-22-03-sellaronda-dynafit-hw4-6164-140x93.jpg 140w, https:\/\/www.skimo.at\/rennen\/files\/2022\/03\/wisthalercom-22-03-sellaronda-dynafit-hw4-6164-540x360.jpg 540w, https:\/\/www.skimo.at\/rennen\/files\/2022\/03\/wisthalercom-22-03-sellaronda-dynafit-hw4-6164.jpg 1799w\" sizes=\"(max-width: 1024px) 100vw, 1024px\" \/><\/a><\/figure><\/li><li class=\"blocks-gallery-item\"><figure><a href=\"https:\/\/www.skimo.at\/rennen\/293924\/ergebnisse-und-bilder-von-der-sellaronda-25-3-2022\/wisthalercom-22-03-sellaronda-dynafit-hw4-6179\/\"><img loading=\"lazy\" width=\"1024\" height=\"681\" src=\"https:\/\/www.skimo.at\/rennen\/files\/2022\/03\/wisthalercom-22-03-sellaronda-dynafit-hw4-6179-1024x681.jpg\" alt=\"\" data-id=\"294049\" data-full-url=\"https:\/\/www.skimo.at\/rennen\/files\/2022\/03\/wisthalercom-22-03-sellaronda-dynafit-hw4-6179.jpg\" data-link=\"https:\/\/www.skimo.at\/rennen\/293924\/ergebnisse-und-bilder-von-der-sellaronda-25-3-2022\/wisthalercom-22-03-sellaronda-dynafit-hw4-6179\/\" class=\"wp-image-294049\" srcset=\"https:\/\/www.skimo.at\/rennen\/files\/2022\/03\/wisthalercom-22-03-sellaronda-dynafit-hw4-6179-1024x681.jpg 1024w, https:\/\/www.skimo.at\/rennen\/files\/2022\/03\/wisthalercom-22-03-sellaronda-dynafit-hw4-6179-300x200.jpg 300w, https:\/\/www.skimo.at\/rennen\/files\/2022\/03\/wisthalercom-22-03-sellaronda-dynafit-hw4-6179-768x511.jpg 768w, https:\/\/www.skimo.at\/rennen\/files\/2022\/03\/wisthalercom-22-03-sellaronda-dynafit-hw4-6179-746x497.jpg 746w, https:\/\/www.skimo.at\/rennen\/files\/2022\/03\/wisthalercom-22-03-sellaronda-dynafit-hw4-6179-618x412.jpg 618w, https:\/\/www.skimo.at\/rennen\/files\/2022\/03\/wisthalercom-22-03-sellaronda-dynafit-hw4-6179-554x369.jpg 554w, https:\/\/www.skimo.at\/rennen\/files\/2022\/03\/wisthalercom-22-03-sellaronda-dynafit-hw4-6179-299x199.jpg 299w, https:\/\/www.skimo.at\/rennen\/files\/2022\/03\/wisthalercom-22-03-sellaronda-dynafit-hw4-6179-1224x814.jpg 1224w, https:\/\/www.skimo.at\/rennen\/files\/2022\/03\/wisthalercom-22-03-sellaronda-dynafit-hw4-6179-970x645.jpg 970w, https:\/\/www.skimo.at\/rennen\/files\/2022\/03\/wisthalercom-22-03-sellaronda-dynafit-hw4-6179-140x93.jpg 140w, https:\/\/www.skimo.at\/rennen\/files\/2022\/03\/wisthalercom-22-03-sellaronda-dynafit-hw4-6179-540x360.jpg 540w, https:\/\/www.skimo.at\/rennen\/files\/2022\/03\/wisthalercom-22-03-sellaronda-dynafit-hw4-6179.jpg 1799w\" sizes=\"(max-width: 1024px) 100vw, 1024px\" \/><\/a><\/figure><\/li><li class=\"blocks-gallery-item\"><figure><a href=\"https:\/\/www.skimo.at\/rennen\/293924\/ergebnisse-und-bilder-von-der-sellaronda-25-3-2022\/wisthalercom-22-03-sellaronda-dynafit-hw4-6183\/\"><img loading=\"lazy\" width=\"1024\" height=\"681\" src=\"https:\/\/www.skimo.at\/rennen\/files\/2022\/03\/wisthalercom-22-03-sellaronda-dynafit-hw4-6183-1024x681.jpg\" alt=\"\" data-id=\"294050\" data-full-url=\"https:\/\/www.skimo.at\/rennen\/files\/2022\/03\/wisthalercom-22-03-sellaronda-dynafit-hw4-6183.jpg\" data-link=\"https:\/\/www.skimo.at\/rennen\/293924\/ergebnisse-und-bilder-von-der-sellaronda-25-3-2022\/wisthalercom-22-03-sellaronda-dynafit-hw4-6183\/\" class=\"wp-image-294050\" srcset=\"https:\/\/www.skimo.at\/rennen\/files\/2022\/03\/wisthalercom-22-03-sellaronda-dynafit-hw4-6183-1024x681.jpg 1024w, https:\/\/www.skimo.at\/rennen\/files\/2022\/03\/wisthalercom-22-03-sellaronda-dynafit-hw4-6183-300x200.jpg 300w, https:\/\/www.skimo.at\/rennen\/files\/2022\/03\/wisthalercom-22-03-sellaronda-dynafit-hw4-6183-768x511.jpg 768w, https:\/\/www.skimo.at\/rennen\/files\/2022\/03\/wisthalercom-22-03-sellaronda-dynafit-hw4-6183-746x497.jpg 746w, https:\/\/www.skimo.at\/rennen\/files\/2022\/03\/wisthalercom-22-03-sellaronda-dynafit-hw4-6183-618x412.jpg 618w, https:\/\/www.skimo.at\/rennen\/files\/2022\/03\/wisthalercom-22-03-sellaronda-dynafit-hw4-6183-554x369.jpg 554w, https:\/\/www.skimo.at\/rennen\/files\/2022\/03\/wisthalercom-22-03-sellaronda-dynafit-hw4-6183-299x199.jpg 299w, https:\/\/www.skimo.at\/rennen\/files\/2022\/03\/wisthalercom-22-03-sellaronda-dynafit-hw4-6183-1224x814.jpg 1224w, https:\/\/www.skimo.at\/rennen\/files\/2022\/03\/wisthalercom-22-03-sellaronda-dynafit-hw4-6183-970x645.jpg 970w, https:\/\/www.skimo.at\/rennen\/files\/2022\/03\/wisthalercom-22-03-sellaronda-dynafit-hw4-6183-140x93.jpg 140w, https:\/\/www.skimo.at\/rennen\/files\/2022\/03\/wisthalercom-22-03-sellaronda-dynafit-hw4-6183-540x360.jpg 540w, https:\/\/www.skimo.at\/rennen\/files\/2022\/03\/wisthalercom-22-03-sellaronda-dynafit-hw4-6183.jpg 1799w\" sizes=\"(max-width: 1024px) 100vw, 1024px\" \/><\/a><\/figure><\/li><\/ul><figcaption class=\"blocks-gallery-caption\">Alle Bilder: Sellaronda, Wisthaler und Selvatico<\/figcaption><\/figure>\n","protected":false},"excerpt":{"rendered":"<p>Michele Boscacci und Matteo Eydallin gewinnen die 25. Ausgabe des Sellaronda Skimarathons. Bei den Frauen gab es einen \u00dcberraschungssieg f\u00fcr Katia Tomatis und Elena Nicolini. In der Mixed-Sonderwertung dominieren Lukas Hiemer (GER) und Johanna Hiemer (AUT).<\/p>\n","protected":false},"author":3,"featured_media":0,"comment_status":"closed","ping_status":"closed","sticky":false,"template":"","format":"standard","meta":[],"categories":[1,9,3],"tags":[],"yoast_head":"<!-- This site is optimized with the Yoast SEO plugin v16.3 - https:\/\/yoast.com\/wordpress\/plugins\/seo\/ -->\n<title>Ergebnisse und Bilder von der Sellaronda 25.3.2022 - Rennen<\/title>\n<meta name=\"robots\" content=\"index, follow, max-snippet:-1, max-image-preview:large, max-video-preview:-1\" \/>\n<link rel=\"canonical\" href=\"https:\/\/www.skimo.at\/rennen\/293924\/ergebnisse-und-bilder-von-der-sellaronda-25-3-2022\/\" \/>\n<meta property=\"og:locale\" content=\"de_DE\" \/>\n<meta property=\"og:type\" content=\"article\" \/>\n<meta property=\"og:title\" content=\"Ergebnisse und Bilder von der Sellaronda 25.3.2022 - Rennen\" \/>\n<meta property=\"og:description\" content=\"Michele Boscacci und Matteo Eydallin gewinnen die 25. Ausgabe des Sellaronda Skimarathons. Bei den Frauen gab es einen \u00dcberraschungssieg f\u00fcr Katia Tomatis und Elena Nicolini. In der Mixed-Sonderwertung dominieren Lukas Hiemer (GER) und Johanna Hiemer (AUT).\" \/>\n<meta property=\"og:url\" content=\"https:\/\/www.skimo.at\/rennen\/293924\/ergebnisse-und-bilder-von-der-sellaronda-25-3-2022\/\" \/>\n<meta property=\"og:site_name\" content=\"Rennen\" \/>\n<meta property=\"article:published_time\" content=\"2022-03-26T08:27:08+00:00\" \/>\n<meta property=\"article:modified_time\" content=\"2022-03-26T14:21:34+00:00\" \/>\n<meta property=\"og:image\" content=\"https:\/\/www.skimo.at\/rennen\/files\/2022\/03\/icr2798-1024x668.jpg\" \/>\n<meta name=\"twitter:card\" content=\"summary\" \/>\n<meta name=\"twitter:label1\" content=\"Gesch\u00e4tzte Lesezeit\">\n\t<meta name=\"twitter:data1\" content=\"28\u00a0Minuten\">\n<script type=\"application\/ld+json\" class=\"yoast-schema-graph\">{\"@context\":\"https:\/\/schema.org\",\"@graph\":[{\"@type\":\"WebSite\",\"@id\":\"https:\/\/skimo.73.jarolim.eu\/rennen\/#website\",\"url\":\"https:\/\/skimo.73.jarolim.eu\/rennen\/\",\"name\":\"Rennen\",\"description\":\"\",\"potentialAction\":[{\"@type\":\"SearchAction\",\"target\":\"https:\/\/skimo.73.jarolim.eu\/rennen\/?s={search_term_string}\",\"query-input\":\"required name=search_term_string\"}],\"inLanguage\":\"de\"},{\"@type\":\"ImageObject\",\"@id\":\"https:\/\/www.skimo.at\/rennen\/293924\/ergebnisse-und-bilder-von-der-sellaronda-25-3-2022\/#primaryimage\",\"inLanguage\":\"de\",\"url\":\"https:\/\/www.skimo.at\/rennen\/files\/2022\/03\/icr2798.jpg\",\"contentUrl\":\"https:\/\/www.skimo.at\/rennen\/files\/2022\/03\/icr2798.jpg\",\"width\":1799,\"height\":1173},{\"@type\":\"WebPage\",\"@id\":\"https:\/\/www.skimo.at\/rennen\/293924\/ergebnisse-und-bilder-von-der-sellaronda-25-3-2022\/#webpage\",\"url\":\"https:\/\/www.skimo.at\/rennen\/293924\/ergebnisse-und-bilder-von-der-sellaronda-25-3-2022\/\",\"name\":\"Ergebnisse und Bilder von der Sellaronda 25.3.2022 - Rennen\",\"isPartOf\":{\"@id\":\"https:\/\/skimo.73.jarolim.eu\/rennen\/#website\"},\"primaryImageOfPage\":{\"@id\":\"https:\/\/www.skimo.at\/rennen\/293924\/ergebnisse-und-bilder-von-der-sellaronda-25-3-2022\/#primaryimage\"},\"datePublished\":\"2022-03-26T08:27:08+00:00\",\"dateModified\":\"2022-03-26T14:21:34+00:00\",\"author\":{\"@id\":\"https:\/\/skimo.73.jarolim.eu\/rennen\/#\/schema\/person\/796ecbce6796efca58bf848ca63ec12c\"},\"breadcrumb\":{\"@id\":\"https:\/\/www.skimo.at\/rennen\/293924\/ergebnisse-und-bilder-von-der-sellaronda-25-3-2022\/#breadcrumb\"},\"inLanguage\":\"de\",\"potentialAction\":[{\"@type\":\"ReadAction\",\"target\":[\"https:\/\/www.skimo.at\/rennen\/293924\/ergebnisse-und-bilder-von-der-sellaronda-25-3-2022\/\"]}]},{\"@type\":\"BreadcrumbList\",\"@id\":\"https:\/\/www.skimo.at\/rennen\/293924\/ergebnisse-und-bilder-von-der-sellaronda-25-3-2022\/#breadcrumb\",\"itemListElement\":[{\"@type\":\"ListItem\",\"position\":1,\"item\":{\"@type\":\"WebPage\",\"@id\":\"https:\/\/skimo.73.jarolim.eu\/rennen\/\",\"url\":\"https:\/\/skimo.73.jarolim.eu\/rennen\/\",\"name\":\"Home\"}},{\"@type\":\"ListItem\",\"position\":2,\"item\":{\"@id\":\"https:\/\/www.skimo.at\/rennen\/293924\/ergebnisse-und-bilder-von-der-sellaronda-25-3-2022\/#webpage\"}}]},{\"@type\":\"Person\",\"@id\":\"https:\/\/skimo.73.jarolim.eu\/rennen\/#\/schema\/person\/796ecbce6796efca58bf848ca63ec12c\",\"name\":\"kposch\",\"image\":{\"@type\":\"ImageObject\",\"@id\":\"https:\/\/skimo.73.jarolim.eu\/rennen\/#personlogo\",\"inLanguage\":\"de\",\"url\":\"https:\/\/secure.gravatar.com\/avatar\/e9f5f28da60e5e563d3f4d3cc0b9b425?s=96&r=g\",\"contentUrl\":\"https:\/\/secure.gravatar.com\/avatar\/e9f5f28da60e5e563d3f4d3cc0b9b425?s=96&r=g\",\"caption\":\"kposch\"},\"url\":\"https:\/\/www.skimo.at\/rennen\/author\/kposch\/\"}]}<\/script>\n<!-- \/ Yoast SEO plugin. -->","_links":{"self":[{"href":"https:\/\/www.skimo.at\/rennen\/wp-json\/wp\/v2\/posts\/293924"}],"collection":[{"href":"https:\/\/www.skimo.at\/rennen\/wp-json\/wp\/v2\/posts"}],"about":[{"href":"https:\/\/www.skimo.at\/rennen\/wp-json\/wp\/v2\/types\/post"}],"author":[{"embeddable":true,"href":"https:\/\/www.skimo.at\/rennen\/wp-json\/wp\/v2\/users\/3"}],"replies":[{"embeddable":true,"href":"https:\/\/www.skimo.at\/rennen\/wp-json\/wp\/v2\/comments?post=293924"}],"version-history":[{"count":4,"href":"https:\/\/www.skimo.at\/rennen\/wp-json\/wp\/v2\/posts\/293924\/revisions"}],"predecessor-version":[{"id":294052,"href":"https:\/\/www.skimo.at\/rennen\/wp-json\/wp\/v2\/posts\/293924\/revisions\/294052"}],"wp:attachment":[{"href":"https:\/\/www.skimo.at\/rennen\/wp-json\/wp\/v2\/media?parent=293924"}],"wp:term":[{"taxonomy":"category","embeddable":true,"href":"https:\/\/www.skimo.at\/rennen\/wp-json\/wp\/v2\/categories?post=293924"},{"taxonomy":"post_tag","embeddable":true,"href":"https:\/\/www.skimo.at\/rennen\/wp-json\/wp\/v2\/tags?post=293924"}],"curies":[{"name":"wp","href":"https:\/\/api.w.org\/{rel}","templated":true}]}}