{"id":293919,"date":"2022-03-24T17:19:00","date_gmt":"2022-03-24T15:19:00","guid":{"rendered":"https:\/\/www.skimo.at\/rennen\/?p=293919"},"modified":"2023-01-27T08:20:20","modified_gmt":"2023-01-27T06:20:20","slug":"sellaronda-skimarathon-25-maerz-2022","status":"publish","type":"post","link":"https:\/\/www.skimo.at\/rennen\/293919\/sellaronda-skimarathon-25-maerz-2022\/","title":{"rendered":"Sellaronda Skimarathon &#8211; 25. M\u00e4rz 2022"},"content":{"rendered":"\n<p><strong>Der countdown fur den Start des Sellaronda Skimarathon ist im vollen Gang. Morgen, am Freitag, den 25. M\u00e4rz &nbsp;werden &nbsp;in Corvara Alta Badia die Sieger des ber\u00fchmten Tourenrennens Pierra Menta 2022 &#8211; Matteo Eydallin und Michele Boscacci am Start sein. Die Wettervorhersage ist sehr g\u00fcnstig, mit milden Temperaturen und einigen Wolken.<\/strong><\/p>\n\n\n\n<p>In Corvara Alta Badia beginnt man die Anspannung zu sp\u00fcren, ab Freitagmorgen kommen 1000 Sellarondisti in den Ort um sich ihre Startnummern abzuholen und sich dann auf den Start vorzubereiten der -wie es Tradition ist &#8211; um 18.00 &nbsp;sein wird. Dann das \u00fcbliche Programm: 4 Dolomitenp\u00e4sse, Campolongo, Pordoi, Sella und Gr\u00f6dnerjoch, 2700 hm im Aufstieg und 42 km.<br>Die Entscheidung, dass Matteo Eydallin und Michele Boscacci (aktuell der F\u00fchrende im Weltcup: overall) an der Sellaronda teilnehmen, hatte sich schon nach dem Sieg bei der ber\u00fchmten Pierra Menta in den Savoier Alpen abgezeichnet, aber dann gab es doch noch eine Komplikation: <\/p>\n\n\n\n<blockquote class=\"wp-block-quote\"><p>&#8222;An den Start zu gehen, haben wir erst vor wenigen Tagen entschieden. Denn Matteo Eydallin war sich nicht sicher nach den riesigen Anstregungen bei dem Rennen in Frankreich gleich wieder fit zu sein, aber dann am letzten Montag haben wir uns eingeschrieben. Ich glaube, das wird ein sehr hartes Rennen mit einer unglaublichen Geschwindigkeit. Ich habe am Sellaronda Skimarathon schon einige Male teilgenommen (und gewonnen!), f\u00fcr Eydallin wird&#8217;s das erste Mal sein&#8220;.<\/p><cite>so Boscacci.<\/cite><\/blockquote>\n\n\n\n<p><br>Neben diesen 2 Athleten des Centro Sportivo Esercito werden auch der Gr\u00f6dner Alex Oberbacher (Silbermedaglie im Vertical bei den letzten Europameisterschaften) mit dem Trentiner Davide Magnini (frischer Gewinner des Weltcups letztes Wochenende im Martelltal), die \u00d6sterreicher Jacob Herrman mit Christian Hoffmann und Federico Nicolini mit Patrick Facchini am Start sein. Im allerletzten Augenblick sind auch noch &nbsp;die Dorf Tiroler Philipp G\u00f6tsch mit Stefan Reiterer und die Franzosen Francois D&#8217;Haene mit Gedeon Poca Cottilloux hinzugekommen. Nicht zu vergessen ist der &#8222;unzerst\u00f6rbare&#8220; Filippo Beccari der mit dem Sarner Martin Stofner antritt.<br>Bei den Frauen startet Alba de Silvestro mit der &nbsp;\u00d6sterreicherin Alexandra Schmid und Elena Nicolini mit Katia Tomatis.<br>Die Pisten im Superski Dolomiti sind in einem exellenten Zustand und auch Dank der guten Wetterprognose k\u00f6nnten die Streckenrekorde vom 2019 nochmals pulverisiert werden. Bei den M\u00e4nnern 2:56&#8217;59&#8220; (Barazzuol\/Boffelli) und bei den Frauen 3:32&#8217;37&#8220; von Roux\/Valmassoi 2019 aufgestellt.<br><\/p>\n","protected":false},"excerpt":{"rendered":"<p>Der countdown fur den Start des Sellaronda Skimarathon ist im vollen Gang. Morgen, am Freitag, den 25. M\u00e4rz &nbsp;werden &nbsp;in Corvara Alta Badia die Sieger des ber\u00fchmten Tourenrennens Pierra Menta 2022 &#8211; Matteo Eydallin und Michele Boscacci am Start sein. Die Wettervorhersage ist sehr g\u00fcnstig, mit milden Temperaturen und einigen Wolken. In Corvara Alta Badia [&hellip;]<\/p>\n","protected":false},"author":42,"featured_media":284893,"comment_status":"closed","ping_status":"closed","sticky":false,"template":"","format":"standard","meta":[],"categories":[1,3],"tags":[],"yoast_head":"<!-- This site is optimized with the Yoast SEO plugin v16.3 - https:\/\/yoast.com\/wordpress\/plugins\/seo\/ -->\n<title>Sellaronda Skimarathon - 25. M\u00e4rz 2022 - Rennen<\/title>\n<meta name=\"robots\" content=\"index, follow, max-snippet:-1, max-image-preview:large, max-video-preview:-1\" \/>\n<link rel=\"canonical\" href=\"https:\/\/www.skimo.at\/rennen\/293919\/sellaronda-skimarathon-25-maerz-2022\/\" \/>\n<meta property=\"og:locale\" content=\"de_DE\" \/>\n<meta property=\"og:type\" content=\"article\" \/>\n<meta property=\"og:title\" content=\"Sellaronda Skimarathon - 25. M\u00e4rz 2022 - Rennen\" \/>\n<meta property=\"og:description\" content=\"Der countdown fur den Start des Sellaronda Skimarathon ist im vollen Gang. Morgen, am Freitag, den 25. M\u00e4rz &nbsp;werden &nbsp;in Corvara Alta Badia die Sieger des ber\u00fchmten Tourenrennens Pierra Menta 2022 &#8211; Matteo Eydallin und Michele Boscacci am Start sein. Die Wettervorhersage ist sehr g\u00fcnstig, mit milden Temperaturen und einigen Wolken. In Corvara Alta Badia [&hellip;]\" \/>\n<meta property=\"og:url\" content=\"https:\/\/www.skimo.at\/rennen\/293919\/sellaronda-skimarathon-25-maerz-2022\/\" \/>\n<meta property=\"og:site_name\" content=\"Rennen\" \/>\n<meta property=\"article:published_time\" content=\"2022-03-24T15:19:00+00:00\" \/>\n<meta property=\"article:modified_time\" content=\"2023-01-27T06:20:20+00:00\" \/>\n<meta property=\"og:image\" content=\"https:\/\/www.skimo.at\/rennen\/files\/2019\/12\/SellaRonda2019_dePellegrin-3-scaled.jpg\" \/>\n\t<meta property=\"og:image:width\" content=\"2560\" \/>\n\t<meta property=\"og:image:height\" content=\"1709\" \/>\n<meta name=\"twitter:card\" content=\"summary\" \/>\n<meta name=\"twitter:label1\" content=\"Gesch\u00e4tzte Lesezeit\">\n\t<meta name=\"twitter:data1\" content=\"2\u00a0Minuten\">\n<script type=\"application\/ld+json\" class=\"yoast-schema-graph\">{\"@context\":\"https:\/\/schema.org\",\"@graph\":[{\"@type\":\"WebSite\",\"@id\":\"https:\/\/skimo.73.jarolim.eu\/rennen\/#website\",\"url\":\"https:\/\/skimo.73.jarolim.eu\/rennen\/\",\"name\":\"Rennen\",\"description\":\"\",\"potentialAction\":[{\"@type\":\"SearchAction\",\"target\":\"https:\/\/skimo.73.jarolim.eu\/rennen\/?s={search_term_string}\",\"query-input\":\"required name=search_term_string\"}],\"inLanguage\":\"de\"},{\"@type\":\"ImageObject\",\"@id\":\"https:\/\/www.skimo.at\/rennen\/293919\/sellaronda-skimarathon-25-maerz-2022\/#primaryimage\",\"inLanguage\":\"de\",\"url\":\"https:\/\/www.skimo.at\/rennen\/files\/2019\/12\/SellaRonda2019_dePellegrin-3-scaled.jpg\",\"contentUrl\":\"https:\/\/www.skimo.at\/rennen\/files\/2019\/12\/SellaRonda2019_dePellegrin-3-scaled.jpg\",\"width\":2560,\"height\":1709},{\"@type\":\"WebPage\",\"@id\":\"https:\/\/www.skimo.at\/rennen\/293919\/sellaronda-skimarathon-25-maerz-2022\/#webpage\",\"url\":\"https:\/\/www.skimo.at\/rennen\/293919\/sellaronda-skimarathon-25-maerz-2022\/\",\"name\":\"Sellaronda Skimarathon - 25. M\\u00e4rz 2022 - Rennen\",\"isPartOf\":{\"@id\":\"https:\/\/skimo.73.jarolim.eu\/rennen\/#website\"},\"primaryImageOfPage\":{\"@id\":\"https:\/\/www.skimo.at\/rennen\/293919\/sellaronda-skimarathon-25-maerz-2022\/#primaryimage\"},\"datePublished\":\"2022-03-24T15:19:00+00:00\",\"dateModified\":\"2023-01-27T06:20:20+00:00\",\"author\":{\"@id\":\"https:\/\/skimo.73.jarolim.eu\/rennen\/#\/schema\/person\/070a48d73e3d0a06c64f04486b8be8bb\"},\"breadcrumb\":{\"@id\":\"https:\/\/www.skimo.at\/rennen\/293919\/sellaronda-skimarathon-25-maerz-2022\/#breadcrumb\"},\"inLanguage\":\"de\",\"potentialAction\":[{\"@type\":\"ReadAction\",\"target\":[\"https:\/\/www.skimo.at\/rennen\/293919\/sellaronda-skimarathon-25-maerz-2022\/\"]}]},{\"@type\":\"BreadcrumbList\",\"@id\":\"https:\/\/www.skimo.at\/rennen\/293919\/sellaronda-skimarathon-25-maerz-2022\/#breadcrumb\",\"itemListElement\":[{\"@type\":\"ListItem\",\"position\":1,\"item\":{\"@type\":\"WebPage\",\"@id\":\"https:\/\/skimo.73.jarolim.eu\/rennen\/\",\"url\":\"https:\/\/skimo.73.jarolim.eu\/rennen\/\",\"name\":\"Home\"}},{\"@type\":\"ListItem\",\"position\":2,\"item\":{\"@id\":\"https:\/\/www.skimo.at\/rennen\/293919\/sellaronda-skimarathon-25-maerz-2022\/#webpage\"}}]},{\"@type\":\"Person\",\"@id\":\"https:\/\/skimo.73.jarolim.eu\/rennen\/#\/schema\/person\/070a48d73e3d0a06c64f04486b8be8bb\",\"name\":\"awieser\",\"image\":{\"@type\":\"ImageObject\",\"@id\":\"https:\/\/skimo.73.jarolim.eu\/rennen\/#personlogo\",\"inLanguage\":\"de\",\"url\":\"https:\/\/secure.gravatar.com\/avatar\/9488da3d3462b0ae2640ca868b1c0679?s=96&r=g\",\"contentUrl\":\"https:\/\/secure.gravatar.com\/avatar\/9488da3d3462b0ae2640ca868b1c0679?s=96&r=g\",\"caption\":\"awieser\"},\"url\":\"https:\/\/www.skimo.at\/rennen\/author\/awieser\/\"}]}<\/script>\n<!-- \/ Yoast SEO plugin. -->","_links":{"self":[{"href":"https:\/\/www.skimo.at\/rennen\/wp-json\/wp\/v2\/posts\/293919"}],"collection":[{"href":"https:\/\/www.skimo.at\/rennen\/wp-json\/wp\/v2\/posts"}],"about":[{"href":"https:\/\/www.skimo.at\/rennen\/wp-json\/wp\/v2\/types\/post"}],"author":[{"embeddable":true,"href":"https:\/\/www.skimo.at\/rennen\/wp-json\/wp\/v2\/users\/42"}],"replies":[{"embeddable":true,"href":"https:\/\/www.skimo.at\/rennen\/wp-json\/wp\/v2\/comments?post=293919"}],"version-history":[{"count":2,"href":"https:\/\/www.skimo.at\/rennen\/wp-json\/wp\/v2\/posts\/293919\/revisions"}],"predecessor-version":[{"id":295864,"href":"https:\/\/www.skimo.at\/rennen\/wp-json\/wp\/v2\/posts\/293919\/revisions\/295864"}],"wp:featuredmedia":[{"embeddable":true,"href":"https:\/\/www.skimo.at\/rennen\/wp-json\/wp\/v2\/media\/284893"}],"wp:attachment":[{"href":"https:\/\/www.skimo.at\/rennen\/wp-json\/wp\/v2\/media?parent=293919"}],"wp:term":[{"taxonomy":"category","embeddable":true,"href":"https:\/\/www.skimo.at\/rennen\/wp-json\/wp\/v2\/categories?post=293919"},{"taxonomy":"post_tag","embeddable":true,"href":"https:\/\/www.skimo.at\/rennen\/wp-json\/wp\/v2\/tags?post=293919"}],"curies":[{"name":"wp","href":"https:\/\/api.w.org\/{rel}","templated":true}]}}