{"id":293227,"date":"2022-03-17T22:07:44","date_gmt":"2022-03-17T20:07:44","guid":{"rendered":"https:\/\/www.skimo.at\/rennen\/?p=293227"},"modified":"2022-03-17T22:07:44","modified_gmt":"2022-03-17T20:07:44","slug":"briefing-vom-team-captains-meeting-online","status":"publish","type":"post","link":"https:\/\/www.skimo.at\/rennen\/293227\/briefing-vom-team-captains-meeting-online\/","title":{"rendered":"Briefing vom Team Captains Meeting online"},"content":{"rendered":"\n<p>Da sum 18:00 Uhr abgehaltene Team Captains Meeting f\u00fcr das morgen im Martelltal stattfindende Weltcup- Individualrennen ist im Anhang dieses Berichts online. Durch den massiven Schneemangel haben sich noch kleinere Ver\u00e4nderungen in der Streckenf\u00fchrung ergeben.<\/p>\n\n\n\n<div class=\"wp-block-file\"><a href=\"https:\/\/www.skimo.at\/rennen\/files\/2022\/03\/TCM-Weltcup-Individual-vom-17.3.2022_klein-Teil-1.pdf\">TCM Weltcup Individual vom 17.3.2022_klein Teil 1<\/a><a href=\"https:\/\/www.skimo.at\/rennen\/files\/2022\/03\/TCM-Weltcup-Individual-vom-17.3.2022_klein-Teil-1.pdf\" class=\"wp-block-file__button\" download>Herunterladen<\/a><\/div>\n\n\n\n<div class=\"wp-block-file\"><a href=\"https:\/\/www.skimo.at\/rennen\/files\/2022\/03\/TCM-Weltcup-Individual-vom-17.3.2022_klein-Teil-2-1.pdf\">TCM Weltcup Individual vom 17.3.2022_klein Teil 2<\/a><a href=\"https:\/\/www.skimo.at\/rennen\/files\/2022\/03\/TCM-Weltcup-Individual-vom-17.3.2022_klein-Teil-2-1.pdf\" class=\"wp-block-file__button\" download>Herunterladen<\/a><\/div>\n\n\n\n<div class=\"wp-block-file\"><a href=\"https:\/\/www.skimo.at\/rennen\/files\/2022\/03\/TCM-Weltcup-Individual-vom-17.3.2022_klein-Teil-3-1.pdf\">TCM Weltcup Individual vom 17.3.2022_klein Teil 3<\/a><a href=\"https:\/\/www.skimo.at\/rennen\/files\/2022\/03\/TCM-Weltcup-Individual-vom-17.3.2022_klein-Teil-3-1.pdf\" class=\"wp-block-file__button\" download>Herunterladen<\/a><\/div>\n\n\n\n<div class=\"wp-block-file\"><a href=\"https:\/\/www.skimo.at\/rennen\/files\/2022\/03\/TCM-Weltcup-Individual-vom-17.3.2022_klein-Teil-4-1.pdf\">TCM Weltcup Individual vom 17.3.2022_klein Teil 4<\/a><a href=\"https:\/\/www.skimo.at\/rennen\/files\/2022\/03\/TCM-Weltcup-Individual-vom-17.3.2022_klein-Teil-4-1.pdf\" class=\"wp-block-file__button\" download>Herunterladen<\/a><\/div>\n\n\n\n<p><\/p>\n\n\n\n<p><strong>Mit gr\u00f6\u00dfter Wahrscheinlichkeit ist die Streckenf\u00fchrung identisch mit der des Alpencups am 19.3.2022. Die Entscheidung wird getroffen, wenn der morgige Weltcupbewerb vorbei ist und man die Strecke kontrolliert.<\/strong><\/p>\n","protected":false},"excerpt":{"rendered":"<p>Da sum 18:00 Uhr abgehaltene Team Captains Meeting f\u00fcr das morgen im Martelltal stattfindende Weltcup- Individualrennen ist im Anhang dieses Berichts online. Durch den massiven Schneemangel haben sich noch kleinere Ver\u00e4nderungen in der Streckenf\u00fchrung ergeben. Mit gr\u00f6\u00dfter Wahrscheinlichkeit ist die Streckenf\u00fchrung identisch mit der des Alpencups am 19.3.2022. Die Entscheidung wird getroffen, wenn der morgige [&hellip;]<\/p>\n","protected":false},"author":3,"featured_media":293236,"comment_status":"closed","ping_status":"closed","sticky":false,"template":"","format":"standard","meta":[],"categories":[1,3],"tags":[],"yoast_head":"<!-- This site is optimized with the Yoast SEO plugin v16.3 - https:\/\/yoast.com\/wordpress\/plugins\/seo\/ -->\n<title>Briefing vom Team Captains Meeting online - Rennen<\/title>\n<meta name=\"robots\" content=\"index, follow, max-snippet:-1, max-image-preview:large, max-video-preview:-1\" \/>\n<link rel=\"canonical\" href=\"https:\/\/www.skimo.at\/rennen\/293227\/briefing-vom-team-captains-meeting-online\/\" \/>\n<meta property=\"og:locale\" content=\"de_DE\" \/>\n<meta property=\"og:type\" content=\"article\" \/>\n<meta property=\"og:title\" content=\"Briefing vom Team Captains Meeting online - Rennen\" \/>\n<meta property=\"og:description\" content=\"Da sum 18:00 Uhr abgehaltene Team Captains Meeting f\u00fcr das morgen im Martelltal stattfindende Weltcup- Individualrennen ist im Anhang dieses Berichts online. Durch den massiven Schneemangel haben sich noch kleinere Ver\u00e4nderungen in der Streckenf\u00fchrung ergeben. Mit gr\u00f6\u00dfter Wahrscheinlichkeit ist die Streckenf\u00fchrung identisch mit der des Alpencups am 19.3.2022. Die Entscheidung wird getroffen, wenn der morgige [&hellip;]\" \/>\n<meta property=\"og:url\" content=\"https:\/\/www.skimo.at\/rennen\/293227\/briefing-vom-team-captains-meeting-online\/\" \/>\n<meta property=\"og:site_name\" content=\"Rennen\" \/>\n<meta property=\"article:published_time\" content=\"2022-03-17T20:07:44+00:00\" \/>\n<meta property=\"og:image\" content=\"https:\/\/www.skimo.at\/rennen\/files\/2022\/03\/tcm-weltcup-individual-vom-1732022-klein-teil-4-seite-12.jpg\" \/>\n\t<meta property=\"og:image:width\" content=\"1228\" \/>\n\t<meta property=\"og:image:height\" content=\"869\" \/>\n<meta name=\"twitter:card\" content=\"summary\" \/>\n<meta name=\"twitter:label1\" content=\"Gesch\u00e4tzte Lesezeit\">\n\t<meta name=\"twitter:data1\" content=\"1\u00a0Minute\">\n<script type=\"application\/ld+json\" class=\"yoast-schema-graph\">{\"@context\":\"https:\/\/schema.org\",\"@graph\":[{\"@type\":\"WebSite\",\"@id\":\"https:\/\/skimo.73.jarolim.eu\/rennen\/#website\",\"url\":\"https:\/\/skimo.73.jarolim.eu\/rennen\/\",\"name\":\"Rennen\",\"description\":\"\",\"potentialAction\":[{\"@type\":\"SearchAction\",\"target\":\"https:\/\/skimo.73.jarolim.eu\/rennen\/?s={search_term_string}\",\"query-input\":\"required name=search_term_string\"}],\"inLanguage\":\"de\"},{\"@type\":\"ImageObject\",\"@id\":\"https:\/\/www.skimo.at\/rennen\/293227\/briefing-vom-team-captains-meeting-online\/#primaryimage\",\"inLanguage\":\"de\",\"url\":\"https:\/\/www.skimo.at\/rennen\/files\/2022\/03\/tcm-weltcup-individual-vom-1732022-klein-teil-4-seite-12.jpg\",\"contentUrl\":\"https:\/\/www.skimo.at\/rennen\/files\/2022\/03\/tcm-weltcup-individual-vom-1732022-klein-teil-4-seite-12.jpg\",\"width\":1228,\"height\":869},{\"@type\":\"WebPage\",\"@id\":\"https:\/\/www.skimo.at\/rennen\/293227\/briefing-vom-team-captains-meeting-online\/#webpage\",\"url\":\"https:\/\/www.skimo.at\/rennen\/293227\/briefing-vom-team-captains-meeting-online\/\",\"name\":\"Briefing vom Team Captains Meeting online - Rennen\",\"isPartOf\":{\"@id\":\"https:\/\/skimo.73.jarolim.eu\/rennen\/#website\"},\"primaryImageOfPage\":{\"@id\":\"https:\/\/www.skimo.at\/rennen\/293227\/briefing-vom-team-captains-meeting-online\/#primaryimage\"},\"datePublished\":\"2022-03-17T20:07:44+00:00\",\"dateModified\":\"2022-03-17T20:07:44+00:00\",\"author\":{\"@id\":\"https:\/\/skimo.73.jarolim.eu\/rennen\/#\/schema\/person\/796ecbce6796efca58bf848ca63ec12c\"},\"breadcrumb\":{\"@id\":\"https:\/\/www.skimo.at\/rennen\/293227\/briefing-vom-team-captains-meeting-online\/#breadcrumb\"},\"inLanguage\":\"de\",\"potentialAction\":[{\"@type\":\"ReadAction\",\"target\":[\"https:\/\/www.skimo.at\/rennen\/293227\/briefing-vom-team-captains-meeting-online\/\"]}]},{\"@type\":\"BreadcrumbList\",\"@id\":\"https:\/\/www.skimo.at\/rennen\/293227\/briefing-vom-team-captains-meeting-online\/#breadcrumb\",\"itemListElement\":[{\"@type\":\"ListItem\",\"position\":1,\"item\":{\"@type\":\"WebPage\",\"@id\":\"https:\/\/skimo.73.jarolim.eu\/rennen\/\",\"url\":\"https:\/\/skimo.73.jarolim.eu\/rennen\/\",\"name\":\"Home\"}},{\"@type\":\"ListItem\",\"position\":2,\"item\":{\"@id\":\"https:\/\/www.skimo.at\/rennen\/293227\/briefing-vom-team-captains-meeting-online\/#webpage\"}}]},{\"@type\":\"Person\",\"@id\":\"https:\/\/skimo.73.jarolim.eu\/rennen\/#\/schema\/person\/796ecbce6796efca58bf848ca63ec12c\",\"name\":\"kposch\",\"image\":{\"@type\":\"ImageObject\",\"@id\":\"https:\/\/skimo.73.jarolim.eu\/rennen\/#personlogo\",\"inLanguage\":\"de\",\"url\":\"https:\/\/secure.gravatar.com\/avatar\/e9f5f28da60e5e563d3f4d3cc0b9b425?s=96&r=g\",\"contentUrl\":\"https:\/\/secure.gravatar.com\/avatar\/e9f5f28da60e5e563d3f4d3cc0b9b425?s=96&r=g\",\"caption\":\"kposch\"},\"url\":\"https:\/\/www.skimo.at\/rennen\/author\/kposch\/\"}]}<\/script>\n<!-- \/ Yoast SEO plugin. -->","_links":{"self":[{"href":"https:\/\/www.skimo.at\/rennen\/wp-json\/wp\/v2\/posts\/293227"}],"collection":[{"href":"https:\/\/www.skimo.at\/rennen\/wp-json\/wp\/v2\/posts"}],"about":[{"href":"https:\/\/www.skimo.at\/rennen\/wp-json\/wp\/v2\/types\/post"}],"author":[{"embeddable":true,"href":"https:\/\/www.skimo.at\/rennen\/wp-json\/wp\/v2\/users\/3"}],"replies":[{"embeddable":true,"href":"https:\/\/www.skimo.at\/rennen\/wp-json\/wp\/v2\/comments?post=293227"}],"version-history":[{"count":1,"href":"https:\/\/www.skimo.at\/rennen\/wp-json\/wp\/v2\/posts\/293227\/revisions"}],"predecessor-version":[{"id":293235,"href":"https:\/\/www.skimo.at\/rennen\/wp-json\/wp\/v2\/posts\/293227\/revisions\/293235"}],"wp:featuredmedia":[{"embeddable":true,"href":"https:\/\/www.skimo.at\/rennen\/wp-json\/wp\/v2\/media\/293236"}],"wp:attachment":[{"href":"https:\/\/www.skimo.at\/rennen\/wp-json\/wp\/v2\/media?parent=293227"}],"wp:term":[{"taxonomy":"category","embeddable":true,"href":"https:\/\/www.skimo.at\/rennen\/wp-json\/wp\/v2\/categories?post=293227"},{"taxonomy":"post_tag","embeddable":true,"href":"https:\/\/www.skimo.at\/rennen\/wp-json\/wp\/v2\/tags?post=293227"}],"curies":[{"name":"wp","href":"https:\/\/api.w.org\/{rel}","templated":true}]}}