{"id":288935,"date":"2022-01-07T18:27:30","date_gmt":"2022-01-07T16:27:30","guid":{"rendered":"https:\/\/www.skimo.at\/rennen\/?p=288935"},"modified":"2022-01-08T08:54:29","modified_gmt":"2022-01-08T06:54:29","slug":"verbnjak-triumphiert-bei-der-oem-am-galsterberg","status":"publish","type":"post","link":"https:\/\/www.skimo.at\/rennen\/288935\/verbnjak-triumphiert-bei-der-oem-am-galsterberg\/","title":{"rendered":"Verbnjak triumphiert bei der \u00d6M am Galsterberg"},"content":{"rendered":"\n<p>In der Steiermark ging heute die \u00d6sterreichische Meisterschaft im Skibergsteigen \u00fcber die B\u00fchne. Die \u00d6sterreichische Meisterschaft im Skibergsteigen bietet jedes Jahr auch Hobby-Skibergsteigern die M\u00f6glichkeit, sich mit den \u00f6sterreichischen Top-Athleten zu messen. Paul Verbnjak bleibt seinem Image treu und konnte auch heute wieder Gold holen.<\/p>\n\n\n\n<p>Wolkenfreier blauer Himmel, Sonnenschein und eisige Temperaturen in der vergangenen Nacht lieferten heute die Voraussetzungen f\u00fcr perfekte Bedingungen f\u00fcr die \u00d6sterreichische Meisterschaft im Skibergsteigen. Die Strecke startete an der Talstation Galsterberg in Pruggern in der Steiermark und endete an der Bergstation Galsterberg. <\/p>\n\n\n\n<p><\/p>\n\n\n\n<div class=\"wp-block-media-text alignwide is-stacked-on-mobile\" style=\"grid-template-columns:39% auto\"><figure class=\"wp-block-media-text__media\"><img loading=\"lazy\" width=\"576\" height=\"1024\" src=\"https:\/\/www.skimo.at\/rennen\/files\/2022\/01\/whatsapp-image-2022-01-07-at-52154-pm-576x1024.jpeg\" alt=\"\" class=\"wp-image-288937 size-full\" srcset=\"https:\/\/www.skimo.at\/rennen\/files\/2022\/01\/whatsapp-image-2022-01-07-at-52154-pm-576x1024.jpeg 576w, https:\/\/www.skimo.at\/rennen\/files\/2022\/01\/whatsapp-image-2022-01-07-at-52154-pm-169x300.jpeg 169w, https:\/\/www.skimo.at\/rennen\/files\/2022\/01\/whatsapp-image-2022-01-07-at-52154-pm-768x1365.jpeg 768w, https:\/\/www.skimo.at\/rennen\/files\/2022\/01\/whatsapp-image-2022-01-07-at-52154-pm-554x985.jpeg 554w, https:\/\/www.skimo.at\/rennen\/files\/2022\/01\/whatsapp-image-2022-01-07-at-52154-pm-52x93.jpeg 52w, https:\/\/www.skimo.at\/rennen\/files\/2022\/01\/whatsapp-image-2022-01-07-at-52154-pm.jpeg 900w\" sizes=\"(max-width: 576px) 100vw, 576px\" \/><\/figure><div class=\"wp-block-media-text__content\">\n<p class=\"has-normal-font-size\">Viele Athleten der \u00d6sterreichischen Nationalmannschaft waren heute dabei, unter anderem Paul Verbnjak, Daniel Ganahl, Christof Hochenwarter, Jakob Herrmann, Andreas Mayer, Armin H\u00f6fl und Daniel Zugg. Bei den Damen trat Sarah Dreier aus der Nationalmannschaft an. Auch die ehemalige Nationalmannschafts-Athletin Johanna Hiemer war dabei und sicherte sich Silber hinter der Salzburgerin Sarah Dreier.<\/p>\n\n\n\n<p class=\"has-small-font-size\">Bild: Martin Weigl\/\u00d6SV<\/p>\n<\/div><\/div>\n\n\n\n<p><\/p>\n\n\n\n<div class=\"wp-block-media-text alignwide has-media-on-the-right is-stacked-on-mobile\" style=\"grid-template-columns:auto 39%\"><figure class=\"wp-block-media-text__media\"><img loading=\"lazy\" width=\"576\" height=\"1024\" src=\"https:\/\/www.skimo.at\/rennen\/files\/2022\/01\/whatsapp-image-2022-01-07-at-52154-pm-1-576x1024.jpeg\" alt=\"\" class=\"wp-image-288938 size-full\" srcset=\"https:\/\/www.skimo.at\/rennen\/files\/2022\/01\/whatsapp-image-2022-01-07-at-52154-pm-1-576x1024.jpeg 576w, https:\/\/www.skimo.at\/rennen\/files\/2022\/01\/whatsapp-image-2022-01-07-at-52154-pm-1-169x300.jpeg 169w, https:\/\/www.skimo.at\/rennen\/files\/2022\/01\/whatsapp-image-2022-01-07-at-52154-pm-1-768x1365.jpeg 768w, https:\/\/www.skimo.at\/rennen\/files\/2022\/01\/whatsapp-image-2022-01-07-at-52154-pm-1-554x985.jpeg 554w, https:\/\/www.skimo.at\/rennen\/files\/2022\/01\/whatsapp-image-2022-01-07-at-52154-pm-1-52x93.jpeg 52w, https:\/\/www.skimo.at\/rennen\/files\/2022\/01\/whatsapp-image-2022-01-07-at-52154-pm-1.jpeg 900w\" sizes=\"(max-width: 576px) 100vw, 576px\" \/><\/figure><div class=\"wp-block-media-text__content\">\n<p class=\"has-normal-font-size\">Der 20-j\u00e4hrige Steirer Paul Verbnjak l\u00e4sst diese Saison nicht locker und zeigt uns bei jedem Rennen aufs Neue, was er drauf hat. Heute sicherte er sich in der Gesamtwertung aller angetretenen Herren Gold vor Daniel Ganahl und Christof Hochenwarter. Gro\u00dfe Hoffnungen werden in Verbnjak auch f\u00fcr das kommende Individual am Sonntag gehegt.<\/p>\n\n\n\n<p class=\"has-small-font-size\">Bild: Martin Weigl\/\u00d6SV<\/p>\n<\/div><\/div>\n\n\n\n<div class=\"wp-block-file\"><a href=\"https:\/\/www.skimo.at\/rennen\/files\/2022\/01\/OeM_Vertical_2022_Ergebnisse.pdf\">\u00d6M_Vertical_2022_Ergebnisse<\/a><a href=\"https:\/\/www.skimo.at\/rennen\/files\/2022\/01\/OeM_Vertical_2022_Ergebnisse.pdf\" class=\"wp-block-file__button\" download>Herunterladen<\/a><\/div>\n\n\n\n<p>Der zweite Bewerb der Staatsmeisterschaften findet am Sonntag als Individual in Gr\u00f6bming statt. Aktuelle Informationen dazu findet ihr <a href=\"https:\/\/www.skimo.at\/rennen\/288893\/staatsmeisterschaft-der-skibergsteiger-im-ennstal-7-9-1-2022\/\">hier<\/a>. Wie gewohnt findet ihr auch nach dem Individual die Platzierungen hier auf SKIMO.at. <\/p>\n\n\n\n<p><\/p>\n","protected":false},"excerpt":{"rendered":"<p>In der Steiermark ging heute die \u00d6sterreichische Meisterschaft im Skibergsteigen \u00fcber die B\u00fchne. Die \u00d6sterreichische Meisterschaft im Skibergsteigen bietet jedes Jahr auch Hobby-Skibergsteigern die M\u00f6glichkeit, sich mit den \u00f6sterreichischen Top-Athleten zu messen. Paul Verbnjak bleibt seinem Image treu und konnte auch heute wieder Gold holen. Wolkenfreier blauer Himmel, Sonnenschein und eisige Temperaturen in der vergangenen [&hellip;]<\/p>\n","protected":false},"author":42,"featured_media":0,"comment_status":"closed","ping_status":"closed","sticky":false,"template":"","format":"standard","meta":[],"categories":[1,3],"tags":[],"yoast_head":"<!-- This site is optimized with the Yoast SEO plugin v16.3 - https:\/\/yoast.com\/wordpress\/plugins\/seo\/ -->\n<title>Verbnjak triumphiert bei der \u00d6M am Galsterberg - Rennen<\/title>\n<meta name=\"robots\" content=\"index, follow, max-snippet:-1, max-image-preview:large, max-video-preview:-1\" \/>\n<link rel=\"canonical\" href=\"https:\/\/www.skimo.at\/rennen\/288935\/verbnjak-triumphiert-bei-der-oem-am-galsterberg\/\" \/>\n<meta property=\"og:locale\" content=\"de_DE\" \/>\n<meta property=\"og:type\" content=\"article\" \/>\n<meta property=\"og:title\" content=\"Verbnjak triumphiert bei der \u00d6M am Galsterberg - Rennen\" \/>\n<meta property=\"og:description\" content=\"In der Steiermark ging heute die \u00d6sterreichische Meisterschaft im Skibergsteigen \u00fcber die B\u00fchne. Die \u00d6sterreichische Meisterschaft im Skibergsteigen bietet jedes Jahr auch Hobby-Skibergsteigern die M\u00f6glichkeit, sich mit den \u00f6sterreichischen Top-Athleten zu messen. Paul Verbnjak bleibt seinem Image treu und konnte auch heute wieder Gold holen. Wolkenfreier blauer Himmel, Sonnenschein und eisige Temperaturen in der vergangenen [&hellip;]\" \/>\n<meta property=\"og:url\" content=\"https:\/\/www.skimo.at\/rennen\/288935\/verbnjak-triumphiert-bei-der-oem-am-galsterberg\/\" \/>\n<meta property=\"og:site_name\" content=\"Rennen\" \/>\n<meta property=\"article:published_time\" content=\"2022-01-07T16:27:30+00:00\" \/>\n<meta property=\"article:modified_time\" content=\"2022-01-08T06:54:29+00:00\" \/>\n<meta property=\"og:image\" content=\"https:\/\/www.skimo.at\/rennen\/files\/2022\/01\/whatsapp-image-2022-01-07-at-52154-pm-576x1024.jpeg\" \/>\n<meta name=\"twitter:card\" content=\"summary\" \/>\n<meta name=\"twitter:label1\" content=\"Gesch\u00e4tzte Lesezeit\">\n\t<meta name=\"twitter:data1\" content=\"2\u00a0Minuten\">\n<script type=\"application\/ld+json\" class=\"yoast-schema-graph\">{\"@context\":\"https:\/\/schema.org\",\"@graph\":[{\"@type\":\"WebSite\",\"@id\":\"https:\/\/skimo.73.jarolim.eu\/rennen\/#website\",\"url\":\"https:\/\/skimo.73.jarolim.eu\/rennen\/\",\"name\":\"Rennen\",\"description\":\"\",\"potentialAction\":[{\"@type\":\"SearchAction\",\"target\":\"https:\/\/skimo.73.jarolim.eu\/rennen\/?s={search_term_string}\",\"query-input\":\"required name=search_term_string\"}],\"inLanguage\":\"de\"},{\"@type\":\"ImageObject\",\"@id\":\"https:\/\/www.skimo.at\/rennen\/288935\/verbnjak-triumphiert-bei-der-oem-am-galsterberg\/#primaryimage\",\"inLanguage\":\"de\",\"url\":\"https:\/\/www.skimo.at\/rennen\/files\/2022\/01\/whatsapp-image-2022-01-07-at-52154-pm.jpeg\",\"contentUrl\":\"https:\/\/www.skimo.at\/rennen\/files\/2022\/01\/whatsapp-image-2022-01-07-at-52154-pm.jpeg\",\"width\":900,\"height\":1600},{\"@type\":\"WebPage\",\"@id\":\"https:\/\/www.skimo.at\/rennen\/288935\/verbnjak-triumphiert-bei-der-oem-am-galsterberg\/#webpage\",\"url\":\"https:\/\/www.skimo.at\/rennen\/288935\/verbnjak-triumphiert-bei-der-oem-am-galsterberg\/\",\"name\":\"Verbnjak triumphiert bei der \\u00d6M am Galsterberg - Rennen\",\"isPartOf\":{\"@id\":\"https:\/\/skimo.73.jarolim.eu\/rennen\/#website\"},\"primaryImageOfPage\":{\"@id\":\"https:\/\/www.skimo.at\/rennen\/288935\/verbnjak-triumphiert-bei-der-oem-am-galsterberg\/#primaryimage\"},\"datePublished\":\"2022-01-07T16:27:30+00:00\",\"dateModified\":\"2022-01-08T06:54:29+00:00\",\"author\":{\"@id\":\"https:\/\/skimo.73.jarolim.eu\/rennen\/#\/schema\/person\/070a48d73e3d0a06c64f04486b8be8bb\"},\"breadcrumb\":{\"@id\":\"https:\/\/www.skimo.at\/rennen\/288935\/verbnjak-triumphiert-bei-der-oem-am-galsterberg\/#breadcrumb\"},\"inLanguage\":\"de\",\"potentialAction\":[{\"@type\":\"ReadAction\",\"target\":[\"https:\/\/www.skimo.at\/rennen\/288935\/verbnjak-triumphiert-bei-der-oem-am-galsterberg\/\"]}]},{\"@type\":\"BreadcrumbList\",\"@id\":\"https:\/\/www.skimo.at\/rennen\/288935\/verbnjak-triumphiert-bei-der-oem-am-galsterberg\/#breadcrumb\",\"itemListElement\":[{\"@type\":\"ListItem\",\"position\":1,\"item\":{\"@type\":\"WebPage\",\"@id\":\"https:\/\/skimo.73.jarolim.eu\/rennen\/\",\"url\":\"https:\/\/skimo.73.jarolim.eu\/rennen\/\",\"name\":\"Home\"}},{\"@type\":\"ListItem\",\"position\":2,\"item\":{\"@id\":\"https:\/\/www.skimo.at\/rennen\/288935\/verbnjak-triumphiert-bei-der-oem-am-galsterberg\/#webpage\"}}]},{\"@type\":\"Person\",\"@id\":\"https:\/\/skimo.73.jarolim.eu\/rennen\/#\/schema\/person\/070a48d73e3d0a06c64f04486b8be8bb\",\"name\":\"awieser\",\"image\":{\"@type\":\"ImageObject\",\"@id\":\"https:\/\/skimo.73.jarolim.eu\/rennen\/#personlogo\",\"inLanguage\":\"de\",\"url\":\"https:\/\/secure.gravatar.com\/avatar\/9488da3d3462b0ae2640ca868b1c0679?s=96&r=g\",\"contentUrl\":\"https:\/\/secure.gravatar.com\/avatar\/9488da3d3462b0ae2640ca868b1c0679?s=96&r=g\",\"caption\":\"awieser\"},\"url\":\"https:\/\/www.skimo.at\/rennen\/author\/awieser\/\"}]}<\/script>\n<!-- \/ Yoast SEO plugin. -->","_links":{"self":[{"href":"https:\/\/www.skimo.at\/rennen\/wp-json\/wp\/v2\/posts\/288935"}],"collection":[{"href":"https:\/\/www.skimo.at\/rennen\/wp-json\/wp\/v2\/posts"}],"about":[{"href":"https:\/\/www.skimo.at\/rennen\/wp-json\/wp\/v2\/types\/post"}],"author":[{"embeddable":true,"href":"https:\/\/www.skimo.at\/rennen\/wp-json\/wp\/v2\/users\/42"}],"replies":[{"embeddable":true,"href":"https:\/\/www.skimo.at\/rennen\/wp-json\/wp\/v2\/comments?post=288935"}],"version-history":[{"count":8,"href":"https:\/\/www.skimo.at\/rennen\/wp-json\/wp\/v2\/posts\/288935\/revisions"}],"predecessor-version":[{"id":288953,"href":"https:\/\/www.skimo.at\/rennen\/wp-json\/wp\/v2\/posts\/288935\/revisions\/288953"}],"wp:attachment":[{"href":"https:\/\/www.skimo.at\/rennen\/wp-json\/wp\/v2\/media?parent=288935"}],"wp:term":[{"taxonomy":"category","embeddable":true,"href":"https:\/\/www.skimo.at\/rennen\/wp-json\/wp\/v2\/categories?post=288935"},{"taxonomy":"post_tag","embeddable":true,"href":"https:\/\/www.skimo.at\/rennen\/wp-json\/wp\/v2\/tags?post=288935"}],"curies":[{"name":"wp","href":"https:\/\/api.w.org\/{rel}","templated":true}]}}