{"id":287745,"date":"2020-09-09T15:20:31","date_gmt":"2020-09-09T13:20:31","guid":{"rendered":"https:\/\/www.skimo.at\/rennen\/?p=287745"},"modified":"2020-12-29T21:22:22","modified_gmt":"2020-12-29T19:22:22","slug":"cism-verschoben-dunkle-schatten-vor-der-wintersaison","status":"publish","type":"post","link":"https:\/\/www.skimo.at\/rennen\/287745\/cism-verschoben-dunkle-schatten-vor-der-wintersaison\/","title":{"rendered":"CISM verschoben &#8211; dunkle Schatten vor der Wintersaison"},"content":{"rendered":"\n<p>Die Milit\u00e4r-WM CISM in Berchtesgaden (GER) geplant von 23.-28.3.2021, bei der u.a. die Disziplin Skibergsteigen fixer Bestandteil ist, wurde wegen der Corona Pandemie auf 2022 verschoben.<\/p>\n\n\n\n<p><\/p>\n\n\n\n<p>Bei einem <a href=\"https:\/\/www.milsport.one\/news\/news-post\/092020-september-2020\/the-4th-cism-world-winter-games-are-postponed-to-the-20212022-winter-season\">Informations-Event der Bundeswehr<\/a> am 25.8.2020 in Bischofswiesen (GER) wurde die Verschiebung des milit\u00e4rischen Events bekannt gegeben. Nach der <a href=\"https:\/\/www.winteruniversiade2021.ch\/newsroom?_nsid=57706\">Absage der Universiade<\/a>, die von 21.-31.1.2021 in Luzern (SUI) stattgefunden h\u00e4tte, ist dies nun die zweite internationale Gro\u00dfveranstaltung, die der COVID19 Unsicherheit zum Opfer f\u00e4llt. Ob sich hier ein Domino-Effekt wie zuletzt in Fr\u00fchling anbahnt, kann man noch nicht sagen. Zu hoffen w\u00e4re jedoch, dass Konzepte wie das der FIS &#8211; <a href=\"https:\/\/www.fis-ski.com\/en\/international-ski-federation\/news-multimedia\/news\/fis-releases-covid-19-prevention-guidelines-for-event-organisers\">hier wird intensiv an der Erm\u00f6glichung der Durchf\u00fchrung der Skisaison gearbeitet<\/a> &#8211; einen halbwegs regul\u00e4ren Eventwinter erm\u00f6glichen.<\/p>\n\n\n\n<p>Was ist der Stand bei den Skibergsteigern? W\u00e4hrend die ISMF noch am COVID19 Konzept feilt und es sp\u00e4testens zur Generalversammlung am 26.9.2020 ver\u00f6ffentlicht werden soll, gibt es erste Einsch\u00e4tzungen auf Basis von Erfahrungen. Die deuten im deutschsprachigen und speziell im \u00d6sterreichischen Raum durchaus auf eine positive Entwicklung hin.<\/p>\n\n\n\n<p>Peter Gruber, mit der Pinzgau Trophy in Sommer und Winter ein Veranstalter mit der vielleicht gr\u00f6\u00dften Erfahrung, sieht die Abwicklung von Events im Winter durchaus m\u00f6glich:<\/p>\n\n\n\n<p>&#8222;Ich habe in den letzten Monaten mehrere Radrennen erfolgreich durchf\u00fchren k\u00f6nnen und vieles dabei gelernt. Die Zusammenarbeit mit den Beh\u00f6rden war super, und weil die Teilnehmer ausgesprochen diszipliniert waren, wurde es im Lauf mehrerer Events f\u00fcr uns Veranstalter immer entspannter. Die Sportler sind froh, dass sich etwas getan hat, und mit dem entsprechenden Verst\u00e4ndnis l\u00e4sst sich vieles umsetzen.&#8220;<\/p>\n\n\n\n<p>Mit Roland Kurz haben wir auch den Veranstalter des gr\u00f6\u00dften \u00d6sterreichischen Skibergsteiger-Rennens um seine Einsch\u00e4tzung gefragt. Die Mountain Attack in Saalbach findet am 15.1.2021 statt, Kurz ist mitten in den Vorbereitungen:<\/p>\n\n\n\n<p>&#8222;Wir sind mit den Beh\u00f6rden vor Ort in guten Gespr\u00e4chen, unser COVID19 Konzept ist praktisch fertig. Mit einige \u00c4nderungen im Prozedere k\u00f6nnen wir die Attack problemlos durchf\u00fchren, auf den Pisten von Saalbach findet ja auch tags\u00fcber Skibetrieb statt. Durch blockweise Starts und eine ohnehin geplante \u00f6rtliche \u00c4nderung beim Zieleinlauf k\u00f6nnen wir die bei uns guten Voraussetzung noch verbessern.&#8220;<\/p>\n\n\n\n<p>Skibergsteigen ist ein Sport an der frischen Luft, mit weiten Abst\u00e4nden und&nbsp;selten dicht gepackten Zuschauern. Die Veranstalter sind nun gefragt, die eigenen Veranstaltungen zu \u00fcberdenken und kritische Details wie Anmeldungen, Wechselzonen, Zielank\u00fcnfte etc. COVID19 gerecht umzubauen. Dass mit Siegerehrungen und Parties besonders verantwortungsvoll umgegangen werden muss, ist klar. Mit dem \u00d6sterreichischen Ampelsystem gibt&#8217;s aktuell einen recht klaren Rahmen, wann Events durchf\u00fchrbar sind. Bei Gr\u00fcn und Gelb, in Kombination mit der angesprochenen Selbstdisziplin, sollte unser Event-Winter also gesichert sein.<\/p>\n\n\n\n<p>Bild: Generalleutnant J\u00fcrgen Weigt, Quelle: 4th-CISM-WWG-Organizing-Staff-D\u00f6hring<\/p>\n","protected":false},"excerpt":{"rendered":"<p>Die Milit\u00e4r-WM CISM in Berchtesgaden (GER) geplant von 23.-28.3.2021, bei der u.a. die Disziplin Skibergsteigen fixer Bestandteil ist, wurde wegen der Corona Pandemie auf 2022 verschoben. Bei einem Informations-Event der Bundeswehr am 25.8.2020 in Bischofswiesen (GER) wurde die Verschiebung des milit\u00e4rischen Events bekannt gegeben. Nach der Absage der Universiade, die von 21.-31.1.2021 in Luzern (SUI) [&hellip;]<\/p>\n","protected":false},"author":3,"featured_media":0,"comment_status":"closed","ping_status":"closed","sticky":false,"template":"","format":"standard","meta":[],"categories":[1,3],"tags":[],"yoast_head":"<!-- This site is optimized with the Yoast SEO plugin v16.3 - https:\/\/yoast.com\/wordpress\/plugins\/seo\/ -->\n<title>CISM verschoben - dunkle Schatten vor der Wintersaison - Rennen<\/title>\n<meta name=\"robots\" content=\"index, follow, max-snippet:-1, max-image-preview:large, max-video-preview:-1\" \/>\n<link rel=\"canonical\" href=\"https:\/\/www.skimo.at\/rennen\/287745\/cism-verschoben-dunkle-schatten-vor-der-wintersaison\/\" \/>\n<meta property=\"og:locale\" content=\"de_DE\" \/>\n<meta property=\"og:type\" content=\"article\" \/>\n<meta property=\"og:title\" content=\"CISM verschoben - dunkle Schatten vor der Wintersaison - Rennen\" \/>\n<meta property=\"og:description\" content=\"Die Milit\u00e4r-WM CISM in Berchtesgaden (GER) geplant von 23.-28.3.2021, bei der u.a. die Disziplin Skibergsteigen fixer Bestandteil ist, wurde wegen der Corona Pandemie auf 2022 verschoben. Bei einem Informations-Event der Bundeswehr am 25.8.2020 in Bischofswiesen (GER) wurde die Verschiebung des milit\u00e4rischen Events bekannt gegeben. Nach der Absage der Universiade, die von 21.-31.1.2021 in Luzern (SUI) [&hellip;]\" \/>\n<meta property=\"og:url\" content=\"https:\/\/www.skimo.at\/rennen\/287745\/cism-verschoben-dunkle-schatten-vor-der-wintersaison\/\" \/>\n<meta property=\"og:site_name\" content=\"Rennen\" \/>\n<meta property=\"article:published_time\" content=\"2020-09-09T13:20:31+00:00\" \/>\n<meta property=\"article:modified_time\" content=\"2020-12-29T19:22:22+00:00\" \/>\n<meta name=\"twitter:card\" content=\"summary\" \/>\n<meta name=\"twitter:label1\" content=\"Gesch\u00e4tzte Lesezeit\">\n\t<meta name=\"twitter:data1\" content=\"2\u00a0Minuten\">\n<script type=\"application\/ld+json\" class=\"yoast-schema-graph\">{\"@context\":\"https:\/\/schema.org\",\"@graph\":[{\"@type\":\"WebSite\",\"@id\":\"https:\/\/skimo.73.jarolim.eu\/rennen\/#website\",\"url\":\"https:\/\/skimo.73.jarolim.eu\/rennen\/\",\"name\":\"Rennen\",\"description\":\"\",\"potentialAction\":[{\"@type\":\"SearchAction\",\"target\":\"https:\/\/skimo.73.jarolim.eu\/rennen\/?s={search_term_string}\",\"query-input\":\"required name=search_term_string\"}],\"inLanguage\":\"de\"},{\"@type\":\"WebPage\",\"@id\":\"https:\/\/www.skimo.at\/rennen\/287745\/cism-verschoben-dunkle-schatten-vor-der-wintersaison\/#webpage\",\"url\":\"https:\/\/www.skimo.at\/rennen\/287745\/cism-verschoben-dunkle-schatten-vor-der-wintersaison\/\",\"name\":\"CISM verschoben - dunkle Schatten vor der Wintersaison - Rennen\",\"isPartOf\":{\"@id\":\"https:\/\/skimo.73.jarolim.eu\/rennen\/#website\"},\"datePublished\":\"2020-09-09T13:20:31+00:00\",\"dateModified\":\"2020-12-29T19:22:22+00:00\",\"author\":{\"@id\":\"https:\/\/skimo.73.jarolim.eu\/rennen\/#\/schema\/person\/796ecbce6796efca58bf848ca63ec12c\"},\"breadcrumb\":{\"@id\":\"https:\/\/www.skimo.at\/rennen\/287745\/cism-verschoben-dunkle-schatten-vor-der-wintersaison\/#breadcrumb\"},\"inLanguage\":\"de\",\"potentialAction\":[{\"@type\":\"ReadAction\",\"target\":[\"https:\/\/www.skimo.at\/rennen\/287745\/cism-verschoben-dunkle-schatten-vor-der-wintersaison\/\"]}]},{\"@type\":\"BreadcrumbList\",\"@id\":\"https:\/\/www.skimo.at\/rennen\/287745\/cism-verschoben-dunkle-schatten-vor-der-wintersaison\/#breadcrumb\",\"itemListElement\":[{\"@type\":\"ListItem\",\"position\":1,\"item\":{\"@type\":\"WebPage\",\"@id\":\"https:\/\/skimo.73.jarolim.eu\/rennen\/\",\"url\":\"https:\/\/skimo.73.jarolim.eu\/rennen\/\",\"name\":\"Home\"}},{\"@type\":\"ListItem\",\"position\":2,\"item\":{\"@id\":\"https:\/\/www.skimo.at\/rennen\/287745\/cism-verschoben-dunkle-schatten-vor-der-wintersaison\/#webpage\"}}]},{\"@type\":\"Person\",\"@id\":\"https:\/\/skimo.73.jarolim.eu\/rennen\/#\/schema\/person\/796ecbce6796efca58bf848ca63ec12c\",\"name\":\"kposch\",\"image\":{\"@type\":\"ImageObject\",\"@id\":\"https:\/\/skimo.73.jarolim.eu\/rennen\/#personlogo\",\"inLanguage\":\"de\",\"url\":\"https:\/\/secure.gravatar.com\/avatar\/e9f5f28da60e5e563d3f4d3cc0b9b425?s=96&r=g\",\"contentUrl\":\"https:\/\/secure.gravatar.com\/avatar\/e9f5f28da60e5e563d3f4d3cc0b9b425?s=96&r=g\",\"caption\":\"kposch\"},\"url\":\"https:\/\/www.skimo.at\/rennen\/author\/kposch\/\"}]}<\/script>\n<!-- \/ Yoast SEO plugin. -->","_links":{"self":[{"href":"https:\/\/www.skimo.at\/rennen\/wp-json\/wp\/v2\/posts\/287745"}],"collection":[{"href":"https:\/\/www.skimo.at\/rennen\/wp-json\/wp\/v2\/posts"}],"about":[{"href":"https:\/\/www.skimo.at\/rennen\/wp-json\/wp\/v2\/types\/post"}],"author":[{"embeddable":true,"href":"https:\/\/www.skimo.at\/rennen\/wp-json\/wp\/v2\/users\/3"}],"replies":[{"embeddable":true,"href":"https:\/\/www.skimo.at\/rennen\/wp-json\/wp\/v2\/comments?post=287745"}],"version-history":[{"count":1,"href":"https:\/\/www.skimo.at\/rennen\/wp-json\/wp\/v2\/posts\/287745\/revisions"}],"predecessor-version":[{"id":287747,"href":"https:\/\/www.skimo.at\/rennen\/wp-json\/wp\/v2\/posts\/287745\/revisions\/287747"}],"wp:attachment":[{"href":"https:\/\/www.skimo.at\/rennen\/wp-json\/wp\/v2\/media?parent=287745"}],"wp:term":[{"taxonomy":"category","embeddable":true,"href":"https:\/\/www.skimo.at\/rennen\/wp-json\/wp\/v2\/categories?post=287745"},{"taxonomy":"post_tag","embeddable":true,"href":"https:\/\/www.skimo.at\/rennen\/wp-json\/wp\/v2\/tags?post=287745"}],"curies":[{"name":"wp","href":"https:\/\/api.w.org\/{rel}","templated":true}]}}