{"id":278365,"date":"2018-03-15T14:22:39","date_gmt":"2018-03-15T12:22:39","guid":{"rendered":"http:\/\/www.skimo.at\/rennen\/?p=278365"},"modified":"2018-03-15T14:22:39","modified_gmt":"2018-03-15T12:22:39","slug":"71-auflage-der-trophees-du-muveran-im-jahr-2018","status":"publish","type":"post","link":"https:\/\/www.skimo.at\/rennen\/278365\/71-auflage-der-trophees-du-muveran-im-jahr-2018\/","title":{"rendered":"71. Auflage der Troph\u00e9es du Muveran im Jahr 2018"},"content":{"rendered":"<p>Das \u00e4lteste Skitourenrennen der Schweiz wird am 8. April in les Plans-sur-Bex abgehalten.\u00a0Mehr als 1200 Teilnehmer werden am Start erwartet.<!--more--><\/p>\n<h3>Rund um den Grand Muveran<\/h3>\n<p>Das Muveran-Massiv, dessen h\u00f6chster Berg der Grand Muveran mit 3051m ist, gestaltet sich als facettenreiche alpine\u00a0Region mit toller Landschaft und Natur. Die Troph\u00e9es du Muveran\u00a0verbinden dort sportliche Leistung mit den faszinierenden Bergen. Orte und H\u00fctten wie die\u00a0Cabane Plan N\u00e9v\u00e9, die legend\u00e4re\u00a0Couloir du Pacheu, der Bergsee Derborence und die Cabane Barraud\u00a0 haben den Ruf des \u00e4ltesten Skitourenrennens der Schweiz gepr\u00e4gt.<\/p>\n<h3>Ursprung des Rennens liegt bei General Guisan<\/h3>\n<p>Die Idee, ein Rennen anzubieten, das offen ist f\u00fcr Patroullien des Milit\u00e4r sowie auch f\u00fcr zivile Sportler, kam bereits vor 70 Jahren auf &#8211; die erste Auflage der Trophees du Muveran wurde mit General Guisan als Ehrenkomitee-Chef am 04. April 1948 abgehalten. 15 Patroullien nahmen an diesem Wettkampf im Muveran-Massiv teil. Dabei brauchte das Siegerteam 5 Stunden und 31 Minuten, um die Ziellinie zu erreichen. \u00dcber die Jahre konnten die Organisatoren auf gute Teilnahme z\u00e4hlen, denn es\u00a0waren immer bis zu 1300 Teilnehmer und auch einige ausl\u00e4ndische Teams dabei. Zwei weitere Rennstrecken wurden dann kreiert: die Trophee de Plan N\u00e9v\u00e9 und im Jahr 1998 die Super Troph\u00e9e du Muveran.<\/p>\n<p><a href=\"http:\/\/www.skimo.at\/rennen\/files\/2018\/03\/dscn5957.jpg\" rel=\"attachment wp-att-278369\"><img loading=\"lazy\" class=\"wp-image-278369 alignright\" src=\"http:\/\/www.skimo.at\/rennen\/files\/2018\/03\/dscn5957.jpg\" alt=\"dscn5957\" width=\"239\" height=\"179\" srcset=\"https:\/\/www.skimo.at\/rennen\/files\/2018\/03\/dscn5957.jpg 1600w, https:\/\/www.skimo.at\/rennen\/files\/2018\/03\/dscn5957-300x225.jpg 300w, https:\/\/www.skimo.at\/rennen\/files\/2018\/03\/dscn5957-1024x768.jpg 1024w, https:\/\/www.skimo.at\/rennen\/files\/2018\/03\/dscn5957-768x576.jpg 768w, https:\/\/www.skimo.at\/rennen\/files\/2018\/03\/dscn5957-1224x918.jpg 1224w, https:\/\/www.skimo.at\/rennen\/files\/2018\/03\/dscn5957-970x728.jpg 970w, https:\/\/www.skimo.at\/rennen\/files\/2018\/03\/dscn5957-554x416.jpg 554w, https:\/\/www.skimo.at\/rennen\/files\/2018\/03\/dscn5957-124x93.jpg 124w\" sizes=\"(max-width: 239px) 100vw, 239px\" \/><\/a>Die Organisatoren sind nicht nur erfreut und stolz, dass die Troph\u00e9es du Muveran das erste zivile Skitourenrennen der Wellt war, sondern auch dar\u00fcber, dass das Rennen es schaffte, \u00fcber die Jahre mit\u00a0dem Skitourensport mitzugehen und sich anzupassen. Trotz sehr leichter Ausr\u00fcstung, die eine bessere Leistung erlaubt, zieht das Skibergsteigen immer noch viele enthusiastische Sportler an, deren Ziel es ist, in der Natur sein und ihre Leidenschaft f\u00fcr die Berge leben zu k\u00f6nnen. Diese Entwicklung \u00fcber die vergangenen Jahre macht die Troph\u00e9es du Muveran noch immer zu einem sehr popul\u00e4ren Rennen.<\/p>\n<h3>Das Rennen und die Strecken<\/h3>\n<p>Die Trohph\u00e9es du Muveran wird in drei Rennen mit Start und Ziel in les Planssur-Bex aufgeteilt:<\/p>\n<p><strong>Le Troph\u00e9e du Muveran \u2013 the reference<\/strong><\/p>\n<ul>\n<li>28 km<\/li>\n<li>2300\u00a0H\u00f6henmeter<\/li>\n<li>H\u00f6chster Punkt: 2740m (Spitze des\u00a0Couloir du Pacheu)<\/li>\n<li>Niedrigster Punkt: 1096m<\/li>\n<\/ul>\n<p><strong>Le Troph\u00e9e de Plan N\u00e9v\u00e9 \u2013 for popular and youth<\/strong><\/p>\n<ul>\n<li>21 km<\/li>\n<li>1300\u00a0H\u00f6henmeter<\/li>\n<li>H\u00f6chster Punkt: 2335m (Spitze des Paneirosse)<\/li>\n<li>Niedrigster Punkt: 1096m<\/li>\n<\/ul>\n<p><strong>Le Super Troph\u00e9e \u2013 for experienced people<\/strong><\/p>\n<ul>\n<li>32 km<\/li>\n<li>2800 H\u00f6henmeter<\/li>\n<li>H\u00f6chster Punkt:\u00a02740m (Spitze\u00a0des Couloir du Pacheu)<\/li>\n<li>Niedrigster Punkt:\u00a01096m<\/li>\n<\/ul>\n<p><a href=\"http:\/\/www.skimo.at\/rennen\/files\/2018\/03\/td_50772.jpg\" rel=\"attachment wp-att-278371\"><img loading=\"lazy\" class=\"wp-image-278371 alignleft\" src=\"http:\/\/www.skimo.at\/rennen\/files\/2018\/03\/td_50772.jpg\" alt=\"td_50772\" width=\"256\" height=\"170\" srcset=\"https:\/\/www.skimo.at\/rennen\/files\/2018\/03\/td_50772.jpg 400w, https:\/\/www.skimo.at\/rennen\/files\/2018\/03\/td_50772-300x200.jpg 300w, https:\/\/www.skimo.at\/rennen\/files\/2018\/03\/td_50772-299x199.jpg 299w, https:\/\/www.skimo.at\/rennen\/files\/2018\/03\/td_50772-139x93.jpg 139w\" sizes=\"(max-width: 256px) 100vw, 256px\" \/><\/a>Das Rennen startet zwischen 4:00 Uhr und 07:30 Uhr. Jedes Team w\u00e4hlt die Startzeit nach ihrer gesch\u00e4tzten totalen Laufzeit sowie der k\u00f6rperlichen Verfassung aus.<\/p>\n<p>F\u00fcr die Troph\u00e9e du Muveran-Strecke muss die Bergh\u00fctte Cabane de Plan N\u00e9v\u00e9 als Checkpoint bis sp\u00e4testens 09:15 Uhr und der Derborence Checkpoint bis 10:00 Uhr erreicht werden. Nach dieser Deadline m\u00fcssen die Teams aus Sicherheitsgr\u00fcnden aus dem Rennen genommen werden und nach Plans-sur-Bex zur\u00fcckkehren. Die Teams m\u00fcssen die Cabane Barraud noch vor Mittag erreichen. Diese Deadline kann jedoch an die prognostizierten Wetterbedingungen angepasst werden.<\/p>\n<p>Die Eliteteams starten in die Troph\u00e9es du Muveran um 07:30 Uhr. Die Sieger werden um ca. 10:30 Uhr an der Ziellinie erwartet. Der Rekord bei der Troph\u00e9e du Muveran, der im Jahr 2013 vom Schweizer Team aus Marcel Theux und Alan Tissier\u00e8res aufgestellt wurde, liegt bei 2 Stunden und 48 Minuten.<\/p>\n<p>Die Troph\u00e9e du Muveran ist Teil des Swiss Ski Mountaineering Cup. Damen und Herren k\u00f6nnen als 2er-Teams in einer der folgenden Kategorien teilnehmen: Junior, Espoir und Senior. Nicht-Elite Patroullien k\u00f6nnen in 3er-Teams in der &#8222;Populaire&#8220;-Kategorie teilnehmen.<\/p>\n<p>Auf den Strecken Troph\u00e9e de Plan N\u00e9v\u00e9 und Super Troph\u00e9e ist die Teilnahme in der &#8222;Populaire&#8220;-Kategorie in 2er und 3er-Teams m\u00f6glich.<\/p>\n<p>Ein Ausr\u00fcstungscheck (pers\u00f6nlich und Team) ist verbindlich und die Teams m\u00fcssen w\u00e4hren des ganzen Rennens in der Gruppe bleiben. Ein technisches Briefing findet am Samstag in der Kirche von les Plans-sur-Bex statt, sodass die Athleten die neuesten Infos zum Rennen bekommen. Bis zum heutigen Tag haben sich bereits \u00fcber 100 Teilnehmer f\u00fcr die 71. Auflage der Troph\u00e9es du Muveran registriert. F\u00fcr Einige ist das Rennen der letzte Testlauf unter Rennbedingungen, bevor es dann zur Patrouille des Glaciers geht.<\/p>\n<h3>Highlights<\/h3>\n<p>F\u00fcr die Auflage im Jahr 2018 kann der Organisator auf die Teilnahme einiger bekannter Athleten z\u00e4hlen. Darunter zum Beispiel:\u00a0Marcel Theux und Steven Girard, die den Rekord halten und die Sieger der vergangenen zwei Editionen sind. Ihre Teilnahme best\u00e4tigt das Interesse und die nie-aufh\u00f6rende Leidenschaft f\u00fcrs Skibergsteigen in den vergangenen Jahren.<\/p>\n<p>Ein Mountainbike-Olympiasieger und mehrfacher Weltmeister\u00a0wir auch dabei sein: Christoph Sauser ist am 8. April am Start. Er liebt die Berge seit seiner Kindheit &#8211; w\u00e4hrend eines MTB-Trainings rund um Plans-sur-Bex, bei dem er letztes Jahr zuf\u00e4llig auf das Rennen aufmerksam wurde, entschied er sich\u00a0f\u00fcr neue Challenge und nimmt diese Jahr an der Troph\u00e9e du Muveran teil. Er wird im Team mit Jean-Yves Vassalli laufen und diese neue Erfahrung mit nagelneuem Equipment sicherlich genie\u00dfen.<\/p>\n<p>Das Team aus S\u00e9verine und Nicolas Pont-Combe wird in der Super Troph\u00e9e teilnehmen und versuchen, heuer, nach dem zweiten Platz im Vorjahr, die h\u00f6chste Ebene des Stockerls zu erreichen.<\/p>\n<h3>Organisation<\/h3>\n<p><a href=\"http:\/\/www.skimo.at\/rennen\/files\/2018\/03\/img_2892.jpg\" rel=\"attachment wp-att-278370\"><img loading=\"lazy\" class=\"wp-image-278370 alignright\" src=\"http:\/\/www.skimo.at\/rennen\/files\/2018\/03\/img_2892.jpg\" alt=\"img_2892\" width=\"267\" height=\"150\" srcset=\"https:\/\/www.skimo.at\/rennen\/files\/2018\/03\/img_2892.jpg 1600w, https:\/\/www.skimo.at\/rennen\/files\/2018\/03\/img_2892-300x168.jpg 300w, https:\/\/www.skimo.at\/rennen\/files\/2018\/03\/img_2892-1024x575.jpg 1024w, https:\/\/www.skimo.at\/rennen\/files\/2018\/03\/img_2892-768x431.jpg 768w, https:\/\/www.skimo.at\/rennen\/files\/2018\/03\/img_2892-1224x687.jpg 1224w, https:\/\/www.skimo.at\/rennen\/files\/2018\/03\/img_2892-970x544.jpg 970w, https:\/\/www.skimo.at\/rennen\/files\/2018\/03\/img_2892-554x311.jpg 554w, https:\/\/www.skimo.at\/rennen\/files\/2018\/03\/img_2892-166x93.jpg 166w\" sizes=\"(max-width: 267px) 100vw, 267px\" \/><\/a>Unter der Pr\u00e4sidentschaft von Sylvain Fame stehen das Organisationskomitee sowie etwas 200 Freiwillige, die hart arbeiten um ein sicheres und reibungsloses Rennen zu garantieren.<\/p>\n<p>Die Strecken werden in f\u00fcnf Sektoren eingeteilt und beinhalten verschiedene Checkpoints und vier Feedzones. Die Start- und Ziellinien befinden sich in einem Bereich der Hauptstra\u00dfe von les Plans-sur-Bex und sind umgeben von einem Eventdorf, in dem auch f\u00fcr Unterhaltung gesorgt ist.<\/p>\n<p>Ein bergliebendes und sehr gut ausgebildetes Organisationsteam, das im Jahr 2017 das vierte Mal in Serie als bester Swiss Cup-Veranstalter ausgezeichnet wurde, freut sich darauf, Athleten und G\u00e4ste in les Plans-sur-Bex begr\u00fc\u00dfen zu d\u00fcrfen.<\/p>\n<p>Text: Press Office Troph\u00e9es du Muveran<\/p>\n<p>Fotos:\u00a0<a href=\"https:\/\/www.muveran-presse.ch\/kit-press\/\" target=\"_blank\">Website Muveran Presse<\/a><\/p>\n<p>\u00dcbersetzung: Bettina Nussbaumer<\/p>\n","protected":false},"excerpt":{"rendered":"<p>Das \u00e4lteste Skitourenrennen der Schweiz wird am 8. April in les Plans-sur-Bex abgehalten.\u00a0Mehr als 1200 Teilnehmer werden am Start erwartet.<\/p>\n","protected":false},"author":36,"featured_media":278372,"comment_status":"closed","ping_status":"closed","sticky":false,"template":"","format":"standard","meta":[],"categories":[1,3],"tags":[537,29,538,536],"yoast_head":"<!-- This site is optimized with the Yoast SEO plugin v16.3 - https:\/\/yoast.com\/wordpress\/plugins\/seo\/ -->\n<title>71. Auflage der Troph\u00e9es du Muveran im Jahr 2018 - Rennen<\/title>\n<meta name=\"robots\" content=\"index, follow, max-snippet:-1, max-image-preview:large, max-video-preview:-1\" \/>\n<link rel=\"canonical\" href=\"https:\/\/www.skimo.at\/rennen\/278365\/71-auflage-der-trophees-du-muveran-im-jahr-2018\/\" \/>\n<meta property=\"og:locale\" content=\"de_DE\" \/>\n<meta property=\"og:type\" content=\"article\" \/>\n<meta property=\"og:title\" content=\"71. Auflage der Troph\u00e9es du Muveran im Jahr 2018 - Rennen\" \/>\n<meta property=\"og:description\" content=\"Das \u00e4lteste Skitourenrennen der Schweiz wird am 8. April in les Plans-sur-Bex abgehalten.\u00a0Mehr als 1200 Teilnehmer werden am Start erwartet.\" \/>\n<meta property=\"og:url\" content=\"https:\/\/www.skimo.at\/rennen\/278365\/71-auflage-der-trophees-du-muveran-im-jahr-2018\/\" \/>\n<meta property=\"og:site_name\" content=\"Rennen\" \/>\n<meta property=\"article:published_time\" content=\"2018-03-15T12:22:39+00:00\" \/>\n<meta property=\"og:image\" content=\"https:\/\/www.skimo.at\/rennen\/files\/2018\/03\/topelement.jpg\" \/>\n\t<meta property=\"og:image:width\" content=\"640\" \/>\n\t<meta property=\"og:image:height\" content=\"426\" \/>\n<meta name=\"twitter:card\" content=\"summary\" \/>\n<meta name=\"twitter:label1\" content=\"Gesch\u00e4tzte Lesezeit\">\n\t<meta name=\"twitter:data1\" content=\"5\u00a0Minuten\">\n<script type=\"application\/ld+json\" class=\"yoast-schema-graph\">{\"@context\":\"https:\/\/schema.org\",\"@graph\":[{\"@type\":\"WebSite\",\"@id\":\"https:\/\/skimo.73.jarolim.eu\/rennen\/#website\",\"url\":\"https:\/\/skimo.73.jarolim.eu\/rennen\/\",\"name\":\"Rennen\",\"description\":\"\",\"potentialAction\":[{\"@type\":\"SearchAction\",\"target\":\"https:\/\/skimo.73.jarolim.eu\/rennen\/?s={search_term_string}\",\"query-input\":\"required name=search_term_string\"}],\"inLanguage\":\"de\"},{\"@type\":\"ImageObject\",\"@id\":\"https:\/\/www.skimo.at\/rennen\/278365\/71-auflage-der-trophees-du-muveran-im-jahr-2018\/#primaryimage\",\"inLanguage\":\"de\",\"url\":\"https:\/\/www.skimo.at\/rennen\/files\/2018\/03\/topelement.jpg\",\"contentUrl\":\"https:\/\/www.skimo.at\/rennen\/files\/2018\/03\/topelement.jpg\",\"width\":640,\"height\":426},{\"@type\":\"WebPage\",\"@id\":\"https:\/\/www.skimo.at\/rennen\/278365\/71-auflage-der-trophees-du-muveran-im-jahr-2018\/#webpage\",\"url\":\"https:\/\/www.skimo.at\/rennen\/278365\/71-auflage-der-trophees-du-muveran-im-jahr-2018\/\",\"name\":\"71. Auflage der Troph\\u00e9es du Muveran im Jahr 2018 - Rennen\",\"isPartOf\":{\"@id\":\"https:\/\/skimo.73.jarolim.eu\/rennen\/#website\"},\"primaryImageOfPage\":{\"@id\":\"https:\/\/www.skimo.at\/rennen\/278365\/71-auflage-der-trophees-du-muveran-im-jahr-2018\/#primaryimage\"},\"datePublished\":\"2018-03-15T12:22:39+00:00\",\"dateModified\":\"2018-03-15T12:22:39+00:00\",\"author\":{\"@id\":\"https:\/\/skimo.73.jarolim.eu\/rennen\/#\/schema\/person\/36ee7a8c6ab79008da6333318c056afe\"},\"breadcrumb\":{\"@id\":\"https:\/\/www.skimo.at\/rennen\/278365\/71-auflage-der-trophees-du-muveran-im-jahr-2018\/#breadcrumb\"},\"inLanguage\":\"de\",\"potentialAction\":[{\"@type\":\"ReadAction\",\"target\":[\"https:\/\/www.skimo.at\/rennen\/278365\/71-auflage-der-trophees-du-muveran-im-jahr-2018\/\"]}]},{\"@type\":\"BreadcrumbList\",\"@id\":\"https:\/\/www.skimo.at\/rennen\/278365\/71-auflage-der-trophees-du-muveran-im-jahr-2018\/#breadcrumb\",\"itemListElement\":[{\"@type\":\"ListItem\",\"position\":1,\"item\":{\"@type\":\"WebPage\",\"@id\":\"https:\/\/skimo.73.jarolim.eu\/rennen\/\",\"url\":\"https:\/\/skimo.73.jarolim.eu\/rennen\/\",\"name\":\"Home\"}},{\"@type\":\"ListItem\",\"position\":2,\"item\":{\"@id\":\"https:\/\/www.skimo.at\/rennen\/278365\/71-auflage-der-trophees-du-muveran-im-jahr-2018\/#webpage\"}}]},{\"@type\":\"Person\",\"@id\":\"https:\/\/skimo.73.jarolim.eu\/rennen\/#\/schema\/person\/36ee7a8c6ab79008da6333318c056afe\",\"name\":\"bnussbaumer\",\"image\":{\"@type\":\"ImageObject\",\"@id\":\"https:\/\/skimo.73.jarolim.eu\/rennen\/#personlogo\",\"inLanguage\":\"de\",\"url\":\"https:\/\/secure.gravatar.com\/avatar\/a60fb9ed247917105478e1b88642ddf2?s=96&r=g\",\"contentUrl\":\"https:\/\/secure.gravatar.com\/avatar\/a60fb9ed247917105478e1b88642ddf2?s=96&r=g\",\"caption\":\"bnussbaumer\"},\"url\":\"https:\/\/www.skimo.at\/rennen\/author\/bnussbaumer\/\"}]}<\/script>\n<!-- \/ Yoast SEO plugin. -->","_links":{"self":[{"href":"https:\/\/www.skimo.at\/rennen\/wp-json\/wp\/v2\/posts\/278365"}],"collection":[{"href":"https:\/\/www.skimo.at\/rennen\/wp-json\/wp\/v2\/posts"}],"about":[{"href":"https:\/\/www.skimo.at\/rennen\/wp-json\/wp\/v2\/types\/post"}],"author":[{"embeddable":true,"href":"https:\/\/www.skimo.at\/rennen\/wp-json\/wp\/v2\/users\/36"}],"replies":[{"embeddable":true,"href":"https:\/\/www.skimo.at\/rennen\/wp-json\/wp\/v2\/comments?post=278365"}],"version-history":[{"count":8,"href":"https:\/\/www.skimo.at\/rennen\/wp-json\/wp\/v2\/posts\/278365\/revisions"}],"predecessor-version":[{"id":278377,"href":"https:\/\/www.skimo.at\/rennen\/wp-json\/wp\/v2\/posts\/278365\/revisions\/278377"}],"wp:featuredmedia":[{"embeddable":true,"href":"https:\/\/www.skimo.at\/rennen\/wp-json\/wp\/v2\/media\/278372"}],"wp:attachment":[{"href":"https:\/\/www.skimo.at\/rennen\/wp-json\/wp\/v2\/media?parent=278365"}],"wp:term":[{"taxonomy":"category","embeddable":true,"href":"https:\/\/www.skimo.at\/rennen\/wp-json\/wp\/v2\/categories?post=278365"},{"taxonomy":"post_tag","embeddable":true,"href":"https:\/\/www.skimo.at\/rennen\/wp-json\/wp\/v2\/tags?post=278365"}],"curies":[{"name":"wp","href":"https:\/\/api.w.org\/{rel}","templated":true}]}}