{"id":278016,"date":"2018-03-11T17:09:24","date_gmt":"2018-03-11T15:09:24","guid":{"rendered":"http:\/\/www.skimo.at\/rennen\/?p=278016"},"modified":"2018-03-11T17:59:06","modified_gmt":"2018-03-11T15:59:06","slug":"finale-im-alpencup-und-ergebnisliste","status":"publish","type":"post","link":"https:\/\/www.skimo.at\/rennen\/278016\/finale-im-alpencup-und-ergebnisliste\/","title":{"rendered":"Alpencup Finale und Ergebnisliste"},"content":{"rendered":"<p>Der ALPENCUP ist entschieden. Im Rahmen der 11. Marmotta Trophy in S\u00fcdtirol wurden die letzten Duelle ausgetragen und noch einmal wertvolle Punkte f\u00fcr die Cupwertung gesammelt. Die beiden Salzburger\u00a0Jakob Herrmann und Michaela E\u00dfl holen sich dabei den ALPENCUP Gesamtsieg.<!--more--><\/p>\n<p>Am 10. und 11. M\u00e4rz 2018 wurde im S\u00fcdtiroler Martelltal zum 11. Mal die Marmotta Trophy ausgetragen, welche zugleich auch den Abschluss des SKIMO ALPENCUPS bildete. Sowohl beim Vertical am Samstag, als auch beim anspruchsvollen und extrem schwierigen Individual am Sonntag, galt es f\u00fcr die AthletInnen noch einmal wichtige Punkte f\u00fcr die Cupwertung zu sammeln. Der SKIMO ALPENCUP \u2013 das europ\u00e4ische Rennformat mit Weltcup-Charakter \u2013 wurde heuer zum zweiten Mal ausgetragen.<\/p>\n<h2><strong>Jakob Herrmann zum 2. Mal ALPENCUP Gesamtsieger<\/strong><\/h2>\n<p>Der Salzburger Skibergsteiger <strong>Jakob Herrmann<\/strong> gewinnt mit f\u00fcnf von sechs teilgenommenen Rennen (davon vier gewonnene) den ALPENCUP. Herrmann, bekannt f\u00fcr seine St\u00e4rken im alpinen Gel\u00e4nde, setzte sich mit einem deutlichen Punktevorsprung vor seinen Konkurrenten Brandner Alexander (AUT) und Knopf Stefan (GER) ab. Bei insgesamt 130 Athleten (Klasse Senior), die bei den drei Stationen des ALPENCUPs teilgenommen haben, freut sich Herrmann, dass er seinen Titel \u201eSkibergsteigerk\u00f6nig der Alpen\u201c verteidigen konnte und zum zweiten Mal ALPENCUP Gesamtsieger ist:<\/p>\n<p><em>\u201eF\u00fcr mich als Athlet ist der Alpencup eine wichtige Rennserie. Es handelt sich neben den Weltcups um die h\u00f6chste Liga \u2013 die drei hochwertigsten Rennen, auch vom Reglement her. Zudem sind die Rennen extrem gut organisiert, top Locations und auch die Zusammenarbeit zwischen \u00d6sterreich, Deutschland und Italien ist genial. Ein weiterer wichtiger Faktor ist die gute Medienpr\u00e4senz des Cups,\u00a0beispielsweise\u00a0im ORF Skibergsteiger Fenster. Das ist meinen Sponsoren wie adidas und Ski Trab extrem wichtig. Insgesamt<\/em><em>\u00a0w\u00e4re es cool, wenn noch mehr \u00d6sterreicher nach Italien zu Rennen fahren und umgekehrt. Ich sehe gro\u00dfes Zukunftspotential, sowohl im Austausch der Athleten, als auch im gesamten Alpencup. Vor allem mit dem Konzept, dass sich die Veranstalter zuk\u00fcnftig bei der Austragung von Weltcups abwechseln, werden die Rennen noch attraktiver.\u201c<\/em><\/p>\n<p><a href=\"http:\/\/www.skimo.at\/rennen\/files\/2018\/03\/Marmotta-Trophy-2018_Vertical_Motiv1_Bild-Roland-Hold_LR.jpg\" rel=\"attachment wp-att-277849\"><img loading=\"lazy\" class=\"alignnone wp-image-277849\" src=\"http:\/\/www.skimo.at\/rennen\/files\/2018\/03\/Marmotta-Trophy-2018_Vertical_Motiv1_Bild-Roland-Hold_LR-1024x683.jpg\" alt=\"Marmotta Trophy 2018_Vertical_Motiv1_Bild Roland Hold_LR\" width=\"600\" height=\"400\" srcset=\"https:\/\/www.skimo.at\/rennen\/files\/2018\/03\/Marmotta-Trophy-2018_Vertical_Motiv1_Bild-Roland-Hold_LR-1024x683.jpg 1024w, https:\/\/www.skimo.at\/rennen\/files\/2018\/03\/Marmotta-Trophy-2018_Vertical_Motiv1_Bild-Roland-Hold_LR-300x200.jpg 300w, https:\/\/www.skimo.at\/rennen\/files\/2018\/03\/Marmotta-Trophy-2018_Vertical_Motiv1_Bild-Roland-Hold_LR-768x512.jpg 768w, https:\/\/www.skimo.at\/rennen\/files\/2018\/03\/Marmotta-Trophy-2018_Vertical_Motiv1_Bild-Roland-Hold_LR-746x497.jpg 746w, https:\/\/www.skimo.at\/rennen\/files\/2018\/03\/Marmotta-Trophy-2018_Vertical_Motiv1_Bild-Roland-Hold_LR-618x412.jpg 618w, https:\/\/www.skimo.at\/rennen\/files\/2018\/03\/Marmotta-Trophy-2018_Vertical_Motiv1_Bild-Roland-Hold_LR-554x369.jpg 554w, https:\/\/www.skimo.at\/rennen\/files\/2018\/03\/Marmotta-Trophy-2018_Vertical_Motiv1_Bild-Roland-Hold_LR-299x199.jpg 299w, https:\/\/www.skimo.at\/rennen\/files\/2018\/03\/Marmotta-Trophy-2018_Vertical_Motiv1_Bild-Roland-Hold_LR-1224x816.jpg 1224w, https:\/\/www.skimo.at\/rennen\/files\/2018\/03\/Marmotta-Trophy-2018_Vertical_Motiv1_Bild-Roland-Hold_LR-970x647.jpg 970w, https:\/\/www.skimo.at\/rennen\/files\/2018\/03\/Marmotta-Trophy-2018_Vertical_Motiv1_Bild-Roland-Hold_LR-140x93.jpg 140w\" sizes=\"(max-width: 600px) 100vw, 600px\" \/><\/a><\/p>\n<h2><strong>Michaela E\u00dfl holt sich mit drittem Platz beim letzten Individual den Gesamtsieg<\/strong><\/h2>\n<p>Bei den Damen blieb es bis zum letzten Rennen spannend, da die beiden Skibergsteigerinnen Michaela E\u00dfl und Johanna Erhart vor dem letzten Rennen nur 30 Punkte vom Gesamtsieg auseinanderlagen. Die Salzburgerin Michaela E\u00dfl und die Steirerin Johanna Erhart lieferten sich bis zum Schluss ein hei\u00dfes Duell. Obwohl Erhart im Individual E\u00dfl einholen konnte und nach der Italienerin Alba De Silvestro als Zweite ins Ziel kam, reichte der dritte Platz f\u00fcr E\u00dfl aus. Mit zehn Punkten Vorsprung schnappt sie sich den Gesamtsieg beim ALPENCUP.<\/p>\n<p><strong>Michaela E\u00dfl<\/strong>, die heuer w\u00e4hrend der gesamten Saison eine konstant gute Leistung ablieferte und bei vier von f\u00fcnf teilgenommenen ALPENCUP Rennen am Podium stand, freut sich, dass sie sich den Gesamtsieg holen konnte:<\/p>\n<p><em>\u201eDas Rennen war heute wirklich hart f\u00fcr mich. Beim ersten Anstieg und in der ersten Abfahrt ist es mir noch recht gut gegangen. Dann kam eine lange Flachpassage, welche mir die Kraft genommen hat. Flachpassagen liegen mir allgemein nicht besonders gut, daher konnte mich Johanna Erhart auch bei der zweiten \u00fcberholen. Aber ich freue mich riesig \u00fcber meinen 3. Platz und \u00fcber den Gesamtsieg im Alpencup! Super Veranstaltung, super Wochenenden, es hat richtig Spa\u00df gemacht.\u201c<\/em><\/p>\n<p><em><a href=\"http:\/\/www.skimo.at\/rennen\/files\/2018\/03\/Marmotta-Trophy-2018-Press_Individual_Motiv42_Bild-Renee-Holzknecht_LR.jpg\" rel=\"attachment wp-att-278025\"><img loading=\"lazy\" class=\"alignnone wp-image-278025\" src=\"http:\/\/www.skimo.at\/rennen\/files\/2018\/03\/Marmotta-Trophy-2018-Press_Individual_Motiv42_Bild-Renee-Holzknecht_LR-1024x683.jpg\" alt=\"Marmotta Trophy 2018 Press_Individual_Motiv42_Bild Renee Holzknecht_LR\" width=\"600\" height=\"400\" srcset=\"https:\/\/www.skimo.at\/rennen\/files\/2018\/03\/Marmotta-Trophy-2018-Press_Individual_Motiv42_Bild-Renee-Holzknecht_LR-1024x683.jpg 1024w, https:\/\/www.skimo.at\/rennen\/files\/2018\/03\/Marmotta-Trophy-2018-Press_Individual_Motiv42_Bild-Renee-Holzknecht_LR-300x200.jpg 300w, https:\/\/www.skimo.at\/rennen\/files\/2018\/03\/Marmotta-Trophy-2018-Press_Individual_Motiv42_Bild-Renee-Holzknecht_LR-768x512.jpg 768w, https:\/\/www.skimo.at\/rennen\/files\/2018\/03\/Marmotta-Trophy-2018-Press_Individual_Motiv42_Bild-Renee-Holzknecht_LR-746x497.jpg 746w, https:\/\/www.skimo.at\/rennen\/files\/2018\/03\/Marmotta-Trophy-2018-Press_Individual_Motiv42_Bild-Renee-Holzknecht_LR-618x412.jpg 618w, https:\/\/www.skimo.at\/rennen\/files\/2018\/03\/Marmotta-Trophy-2018-Press_Individual_Motiv42_Bild-Renee-Holzknecht_LR-554x369.jpg 554w, https:\/\/www.skimo.at\/rennen\/files\/2018\/03\/Marmotta-Trophy-2018-Press_Individual_Motiv42_Bild-Renee-Holzknecht_LR-299x199.jpg 299w, https:\/\/www.skimo.at\/rennen\/files\/2018\/03\/Marmotta-Trophy-2018-Press_Individual_Motiv42_Bild-Renee-Holzknecht_LR-1224x816.jpg 1224w, https:\/\/www.skimo.at\/rennen\/files\/2018\/03\/Marmotta-Trophy-2018-Press_Individual_Motiv42_Bild-Renee-Holzknecht_LR-970x647.jpg 970w, https:\/\/www.skimo.at\/rennen\/files\/2018\/03\/Marmotta-Trophy-2018-Press_Individual_Motiv42_Bild-Renee-Holzknecht_LR-140x93.jpg 140w\" sizes=\"(max-width: 600px) 100vw, 600px\" \/><\/a>\u00a0<\/em><\/p>\n<p>Auch <strong>Johanna Erhart<\/strong>, Zweite im ALPENCUP, strahlte nach dem Zieleinlauf beim heutigen Individual \u00fcber das ganze Gesicht:<\/p>\n<p><em>\u201eIn der Fr\u00fch habe ich noch \u00fcberlegt, ob ich \u00fcberhaupt starten soll, weil ich mich nicht gut gef\u00fchlt habe. Aber das w\u00e4re heute ein gro\u00dfer Fehler gewesen! Es ist mir super gegangen. Endlich konnte ich Michi E\u00dfl schlagen und war das gesamte Rennen immer an Alba De Silvestro dran. Ein tolles Gef\u00fchl!\u201c<\/em><\/p>\n<p><a href=\"http:\/\/www.skimo.at\/rennen\/files\/2018\/03\/08_Marmotta_Vertical_Bild_Leander-Regensburger.jpg.jpg\" rel=\"attachment wp-att-278000\"><img loading=\"lazy\" class=\"alignnone wp-image-278000\" src=\"http:\/\/www.skimo.at\/rennen\/files\/2018\/03\/08_Marmotta_Vertical_Bild_Leander-Regensburger.jpg-1024x576.jpg\" alt=\"08_Marmotta_Vertical_Bild_Leander Regensburger.jpg\" width=\"600\" height=\"338\" srcset=\"https:\/\/www.skimo.at\/rennen\/files\/2018\/03\/08_Marmotta_Vertical_Bild_Leander-Regensburger.jpg-1024x576.jpg 1024w, https:\/\/www.skimo.at\/rennen\/files\/2018\/03\/08_Marmotta_Vertical_Bild_Leander-Regensburger.jpg-300x169.jpg 300w, https:\/\/www.skimo.at\/rennen\/files\/2018\/03\/08_Marmotta_Vertical_Bild_Leander-Regensburger.jpg-768x432.jpg 768w, https:\/\/www.skimo.at\/rennen\/files\/2018\/03\/08_Marmotta_Vertical_Bild_Leander-Regensburger.jpg-1224x689.jpg 1224w, https:\/\/www.skimo.at\/rennen\/files\/2018\/03\/08_Marmotta_Vertical_Bild_Leander-Regensburger.jpg-970x546.jpg 970w, https:\/\/www.skimo.at\/rennen\/files\/2018\/03\/08_Marmotta_Vertical_Bild_Leander-Regensburger.jpg-554x312.jpg 554w, https:\/\/www.skimo.at\/rennen\/files\/2018\/03\/08_Marmotta_Vertical_Bild_Leander-Regensburger.jpg-165x93.jpg 165w, https:\/\/www.skimo.at\/rennen\/files\/2018\/03\/08_Marmotta_Vertical_Bild_Leander-Regensburger.jpg.jpg 1600w\" sizes=\"(max-width: 600px) 100vw, 600px\" \/><\/a><\/p>\n<h2><strong>SKIMO ALPENCUP \u2013 Gro\u00dfer Erfolg im zweiten Jahr<\/strong><\/h2>\n<p>Wie bereits im letzten Jahr, war der SKIMO ALPENCUP auch heuer wieder ein voller Erfolg. Die Mission des ALPENCUPs ist es, im Alpenraum ein Veranstaltungsformat zu pr\u00e4sentieren, das mit Weltcups in allen Grundz\u00fcgen gleichzusetzen ist und mittelfristig auch Weltcup-Rennen veranstaltet.<\/p>\n<p>Die Idee wurde von dem Ober\u00f6sterreicher und Urgestein in der Skibergsteiger-Veranstaltungsszene <strong>Karl Posch<\/strong> geboren und hat mit den Veranstaltern der Erztrophy in M\u00fchlbach am Hochk\u00f6nig (AUT), dem Jennerstier in Berchtesgaden (GER) und der Marmotta Trophy in S\u00fcdtirol (ITA) starke Umsetzungspartner gefunden.<\/p>\n<p>Als \u201eErfinder\u201c des ALPENCUPS freut sich Posch \u00fcber den Erfolg und gro\u00dfen Zuspruch der AthletInnen zur Cupserie:<\/p>\n<blockquote><p>\u201e<em>Das spannende am Alpencup ist, dass sich drei Top-Rennen zusammengefunden haben. Drei Alpenl\u00e4nder, die gemeinsam deutlich Richtung Weltcup arbeiten und gleichzeitig auch einzelne Schw\u00e4chen abfedern k\u00f6nnen. In Summe ist ein Gesamtkonstrukt entstanden, das Skibergsteigen auf ein h\u00f6heres Level bringt.\u201c<\/em><\/p><\/blockquote>\n<p>Weiters betont Posch, dass die Zusammenarbeit sowohl im letzten, als auch im heurigen Jahr bei jedem einzelnen Rennen extrem gut funktioniert hat. Dies zeigt sich auch dadurch, dass sich die Veranstalter gegenseitig helfen, im st\u00e4ndigen Austausch stehen und es einen gro\u00dfen Know-how Transfer gibt. F\u00fcr die Zukunft hoffen die Veranstalter, dass durch den ALPENCUP tats\u00e4chlich Weltcups nach \u00d6sterreich und Deutschland geholt werden k\u00f6nnen \u2013 und zwar hochqualitative Weltcups, die noch mehr internationale Skibergsteiger anlocken.<!--nextpage--><\/p>\n<h2><strong>SKIMO ALPENCUP \u2013 \u00dcbersicht der Top-Platzierungen pro Klasse<\/strong><\/h2>\n<p><strong>Senioren m\u00e4nnlich:<br \/>\n<\/strong>1. Herrmann Jakob (SC Werfenweng\/AUT), 2. Brandner Alexander (SC Bischofshofen\/AUT), 3. Knopf Stefan (DAV Sektion Berchtesgaden\/GER), 4. Trainer Thomas (Gebirgsj\u00e4gerbataillon231\/GER), 5. Manea Rares (Dinamo Skimo Team\/ROM)<\/p>\n<p><strong>Senioren weiblich:<br \/>\n<\/strong>1. Essl Michaela (Polizeisport\/AUT), 2. Erhart Johanna (Team Dynafit\/AUT), 3. Von Borstel Susi (DAV Immenstadt\/GER), 4. Forchthammer Ina (WSV St. Johann i. Pg.\/AUT), 5. Mayerhofer Veronika (Skiclub Bad Gastein\/AUT)<\/p>\n<p><strong>Master m\u00e4nnlich<br \/>\n<\/strong>1. Stock Markus (SC Bischofshofen\/AUT), 2. Holzer Manfred (Ski-Club Mayrhofen\/AUT), 3. Gruber Franz (Amateursportverein Martell\/ITA), 4. Scherer Sigi (riap-sport\/AUT), 5. Grassl Franz (SK Ramsau\/GER)<\/p>\n<p><strong>Master weiblich<br \/>\n<\/strong>1. Frank Rowi (DAV Oberland\/GER), 2. Bredow Michaela (GER), 3. Sartogo Monica, 4. Tribus Marianna (Telmekom Team\/ITA), 5. Stanford Sigried (AUT)<\/p>\n<p><strong>Junioren m\u00e4nnlich<br \/>\n<\/strong>1. Coltea George (Dinamo skimo team\/ROM), 2. Sambale David (SC Immenstadt\/GER), 3. Rauch Lukas (RT Mountainbikeshop H\u00f6rhager\/AUT), 4. Blaj Dragos (Dinamo skimo team\/ROM), 5. Kletzenbauer Thomas (Isarwinkler Radsportfreunde Lenggries\/GER)<\/p>\n<p><strong>Junior weiblich<br \/>\n<\/strong>1. Grassl Theresa (DAV Skitourenteam\/GER), 2. Moderegger Maria (DAV Skitourenteam\/GER), 3. Horngacher Lea (B\u00e4ckerei Horngacher\/AUT), 4. Horngacher Lea (B\u00e4ckerei Horngacher\/AUT)<\/p>\n<p><strong>Cadet m\u00e4nnlich<br \/>\n<\/strong>1. Mayer Andreas (WSV Kirchdorf in Tirol\/AUT), 2. Jinga George (Dinamo skimo team\/ROM), 3. Surdo Constantin (Dinamo skimo team\/ROM), 4. H\u00f6sch Finn (DAV Bergland M\u00fcnchen\/GER), 5. Cotinghiu Petrut (Dinamo skimo team\/ROM)<\/p>\n<p><strong>Cadet weiblich<br \/>\n<\/strong>1. St\u00f6ger Antonia (DAV Sektion Berchtesgaden\/GER), 2. We\u00dfling Sophia (TSV Oberreitnau\/GER), 3. Venier Emma (Club Skibersteigen Vorarlberg\/AUT), 4. Angelova Maria (BUL)<\/p>\n","protected":false},"excerpt":{"rendered":"<p>Der ALPENCUP ist entschieden. Im Rahmen der 11. Marmotta Trophy in S\u00fcdtirol wurden die letzten Duelle ausgetragen und noch einmal wertvolle Punkte f\u00fcr die Cupwertung gesammelt. Die beiden Salzburger\u00a0Jakob Herrmann und Michaela E\u00dfl holen sich dabei den ALPENCUP Gesamtsieg.<\/p>\n","protected":false},"author":35,"featured_media":278138,"comment_status":"closed","ping_status":"closed","sticky":false,"template":"","format":"standard","meta":[],"categories":[1,9,3,7],"tags":[401,84,259,325,60],"yoast_head":"<!-- This site is optimized with the Yoast SEO plugin v16.3 - https:\/\/yoast.com\/wordpress\/plugins\/seo\/ -->\n<title>Alpencup Finale und Ergebnisliste - Rennen<\/title>\n<meta name=\"robots\" content=\"index, follow, max-snippet:-1, max-image-preview:large, max-video-preview:-1\" \/>\n<link rel=\"canonical\" href=\"https:\/\/www.skimo.at\/rennen\/278016\/finale-im-alpencup-und-ergebnisliste\/\" \/>\n<link rel=\"next\" href=\"https:\/\/www.skimo.at\/rennen\/278016\/finale-im-alpencup-und-ergebnisliste\/2\/\" \/>\n<meta property=\"og:locale\" content=\"de_DE\" \/>\n<meta property=\"og:type\" content=\"article\" \/>\n<meta property=\"og:title\" content=\"Alpencup Finale und Ergebnisliste - Rennen\" \/>\n<meta property=\"og:description\" content=\"Der ALPENCUP ist entschieden. Im Rahmen der 11. Marmotta Trophy in S\u00fcdtirol wurden die letzten Duelle ausgetragen und noch einmal wertvolle Punkte f\u00fcr die Cupwertung gesammelt. Die beiden Salzburger\u00a0Jakob Herrmann und Michaela E\u00dfl holen sich dabei den ALPENCUP Gesamtsieg.\" \/>\n<meta property=\"og:url\" content=\"https:\/\/www.skimo.at\/rennen\/278016\/finale-im-alpencup-und-ergebnisliste\/\" \/>\n<meta property=\"og:site_name\" content=\"Rennen\" \/>\n<meta property=\"article:published_time\" content=\"2018-03-11T15:09:24+00:00\" \/>\n<meta property=\"article:modified_time\" content=\"2018-03-11T15:59:06+00:00\" \/>\n<meta property=\"og:image\" content=\"https:\/\/www.skimo.at\/rennen\/files\/2018\/03\/Siegerehrung_Alpencup_Bild-Thomas-Wallner.jpg\" \/>\n\t<meta property=\"og:image:width\" content=\"1433\" \/>\n\t<meta property=\"og:image:height\" content=\"815\" \/>\n<meta name=\"twitter:card\" content=\"summary\" \/>\n<meta name=\"twitter:label1\" content=\"Gesch\u00e4tzte Lesezeit\">\n\t<meta name=\"twitter:data1\" content=\"5\u00a0Minuten\">\n<script type=\"application\/ld+json\" class=\"yoast-schema-graph\">{\"@context\":\"https:\/\/schema.org\",\"@graph\":[{\"@type\":\"WebSite\",\"@id\":\"https:\/\/skimo.73.jarolim.eu\/rennen\/#website\",\"url\":\"https:\/\/skimo.73.jarolim.eu\/rennen\/\",\"name\":\"Rennen\",\"description\":\"\",\"potentialAction\":[{\"@type\":\"SearchAction\",\"target\":\"https:\/\/skimo.73.jarolim.eu\/rennen\/?s={search_term_string}\",\"query-input\":\"required name=search_term_string\"}],\"inLanguage\":\"de\"},{\"@type\":\"ImageObject\",\"@id\":\"https:\/\/www.skimo.at\/rennen\/278016\/finale-im-alpencup-und-ergebnisliste\/#primaryimage\",\"inLanguage\":\"de\",\"url\":\"https:\/\/www.skimo.at\/rennen\/files\/2018\/03\/Siegerehrung_Alpencup_Bild-Thomas-Wallner.jpg\",\"contentUrl\":\"https:\/\/www.skimo.at\/rennen\/files\/2018\/03\/Siegerehrung_Alpencup_Bild-Thomas-Wallner.jpg\",\"width\":1433,\"height\":815},{\"@type\":\"WebPage\",\"@id\":\"https:\/\/www.skimo.at\/rennen\/278016\/finale-im-alpencup-und-ergebnisliste\/#webpage\",\"url\":\"https:\/\/www.skimo.at\/rennen\/278016\/finale-im-alpencup-und-ergebnisliste\/\",\"name\":\"Alpencup Finale und Ergebnisliste - Rennen\",\"isPartOf\":{\"@id\":\"https:\/\/skimo.73.jarolim.eu\/rennen\/#website\"},\"primaryImageOfPage\":{\"@id\":\"https:\/\/www.skimo.at\/rennen\/278016\/finale-im-alpencup-und-ergebnisliste\/#primaryimage\"},\"datePublished\":\"2018-03-11T15:09:24+00:00\",\"dateModified\":\"2018-03-11T15:59:06+00:00\",\"author\":{\"@id\":\"https:\/\/skimo.73.jarolim.eu\/rennen\/#\/schema\/person\/98f79b69381628f9078a5fab8eac4811\"},\"breadcrumb\":{\"@id\":\"https:\/\/www.skimo.at\/rennen\/278016\/finale-im-alpencup-und-ergebnisliste\/#breadcrumb\"},\"inLanguage\":\"de\",\"potentialAction\":[{\"@type\":\"ReadAction\",\"target\":[\"https:\/\/www.skimo.at\/rennen\/278016\/finale-im-alpencup-und-ergebnisliste\/\"]}]},{\"@type\":\"BreadcrumbList\",\"@id\":\"https:\/\/www.skimo.at\/rennen\/278016\/finale-im-alpencup-und-ergebnisliste\/#breadcrumb\",\"itemListElement\":[{\"@type\":\"ListItem\",\"position\":1,\"item\":{\"@type\":\"WebPage\",\"@id\":\"https:\/\/skimo.73.jarolim.eu\/rennen\/\",\"url\":\"https:\/\/skimo.73.jarolim.eu\/rennen\/\",\"name\":\"Home\"}},{\"@type\":\"ListItem\",\"position\":2,\"item\":{\"@id\":\"https:\/\/www.skimo.at\/rennen\/278016\/finale-im-alpencup-und-ergebnisliste\/#webpage\"}}]},{\"@type\":\"Person\",\"@id\":\"https:\/\/skimo.73.jarolim.eu\/rennen\/#\/schema\/person\/98f79b69381628f9078a5fab8eac4811\",\"name\":\"sbinder\",\"image\":{\"@type\":\"ImageObject\",\"@id\":\"https:\/\/skimo.73.jarolim.eu\/rennen\/#personlogo\",\"inLanguage\":\"de\",\"url\":\"https:\/\/secure.gravatar.com\/avatar\/11f3623e7f24f658f1be6d4cb550331e?s=96&r=g\",\"contentUrl\":\"https:\/\/secure.gravatar.com\/avatar\/11f3623e7f24f658f1be6d4cb550331e?s=96&r=g\",\"caption\":\"sbinder\"},\"url\":\"https:\/\/www.skimo.at\/rennen\/author\/sbinder\/\"}]}<\/script>\n<!-- \/ Yoast SEO plugin. -->","_links":{"self":[{"href":"https:\/\/www.skimo.at\/rennen\/wp-json\/wp\/v2\/posts\/278016"}],"collection":[{"href":"https:\/\/www.skimo.at\/rennen\/wp-json\/wp\/v2\/posts"}],"about":[{"href":"https:\/\/www.skimo.at\/rennen\/wp-json\/wp\/v2\/types\/post"}],"author":[{"embeddable":true,"href":"https:\/\/www.skimo.at\/rennen\/wp-json\/wp\/v2\/users\/35"}],"replies":[{"embeddable":true,"href":"https:\/\/www.skimo.at\/rennen\/wp-json\/wp\/v2\/comments?post=278016"}],"version-history":[{"count":7,"href":"https:\/\/www.skimo.at\/rennen\/wp-json\/wp\/v2\/posts\/278016\/revisions"}],"predecessor-version":[{"id":278186,"href":"https:\/\/www.skimo.at\/rennen\/wp-json\/wp\/v2\/posts\/278016\/revisions\/278186"}],"wp:featuredmedia":[{"embeddable":true,"href":"https:\/\/www.skimo.at\/rennen\/wp-json\/wp\/v2\/media\/278138"}],"wp:attachment":[{"href":"https:\/\/www.skimo.at\/rennen\/wp-json\/wp\/v2\/media?parent=278016"}],"wp:term":[{"taxonomy":"category","embeddable":true,"href":"https:\/\/www.skimo.at\/rennen\/wp-json\/wp\/v2\/categories?post=278016"},{"taxonomy":"post_tag","embeddable":true,"href":"https:\/\/www.skimo.at\/rennen\/wp-json\/wp\/v2\/tags?post=278016"}],"curies":[{"name":"wp","href":"https:\/\/api.w.org\/{rel}","templated":true}]}}