{"id":277574,"date":"2018-03-06T16:58:33","date_gmt":"2018-03-06T14:58:33","guid":{"rendered":"http:\/\/www.skimo.at\/rennen\/?p=277574"},"modified":"2018-03-06T16:58:56","modified_gmt":"2018-03-06T14:58:56","slug":"aktuelle-news-aus-dem-martelltal","status":"publish","type":"post","link":"https:\/\/www.skimo.at\/rennen\/277574\/aktuelle-news-aus-dem-martelltal\/","title":{"rendered":"Aktuelle News aus dem Martelltal"},"content":{"rendered":"<p>Die Marmotta Trophy geht in punkto Vorbereitung langsam ins Finale. Die Streckenvorbereitung l\u00e4uft, die Startersackerl werden gepackt und die Intervieww\u00e4nde vorbereitet. Der Abschluss des 2. SKIMO Alpencup am Wochenende kann kommen!<\/p>\n<p><!--more--><\/p>\n<p>Die Spurarbeiten auf die Martellerh\u00fctte und dar\u00fcber hinaus sind in vollem Gang. Mit gewohnt gro\u00dfer Manpower und Begeisterung wird an der Strecke gebaut, wie die Bilder von Renee Holzknecht zeigen.<\/p>\n<p>Wettertechnisch schaut es f\u00fcr das Wochenende so aus, dass der Samstag beim Vertical noch gut ist. F\u00fcr den Sonntag wird jedoch der Durchzug einer Front erwartet, und es wird laut Meteorologen bis zu 40cm Neuschnee geben. OK-Chef Egon Eberh\u00f6fer hat uns dazu heute am Telefon gesagt:<\/p>\n<blockquote><p>\u201eWir bereiten jetzt mal alles vor was im unteren Bereich ist. Sollte sich die Schneeprognose in den n\u00e4chsten Tagen best\u00e4tigen, werden wir halt nicht in die hohen Lagen gehen, sondern die Strecke so weit herunten anlegen, wie das sicherheitstechnisch n\u00f6tig ist. Wir sehen das recht locker, M\u00f6glichkeiten haben wir genug.\u201c<\/p><\/blockquote>\n<p>Auch verkehrstechnisch ist f\u00fcr den Fall der F\u00e4lle vorgesorgt. Sollte es tats\u00e4chlich extrem schneien, stehen Shuttlebusse f\u00fcr Teilnehmer und Zuschauer bereit.<\/p>\n<p>&nbsp;<\/p>\n<p><a href=\"http:\/\/my6.raceresult.com\/87676\/registration?lang=de\">Die Anmeldung f\u00fcr \u00d6sterreicher und Deutsche findet sich unter diesem Link.<\/a><\/p>\n<p>&nbsp;<\/p>\n<p>Italiener m\u00fcssen sich mit dem \u201eFormular 61\u201c anmelden, bitte mit dem eigenen Sportclub sprechen.<\/p>\n<p>&nbsp;<\/p>\n<p><a href=\"http:\/\/www.skimo.at\/rennen\/marmotta-trophy-martelltal-10-11-03-2018\/\">Hier geht\u2019s zu Infos \u00fcber die Veranstaltung.<\/a><\/p>\n","protected":false},"excerpt":{"rendered":"<p>Die Marmotta Trophy geht in punkto Vorbereitung langsam ins Finale. Die Streckenvorbereitung l\u00e4uft, die Startersackerl werden gepackt und die Intervieww\u00e4nde vorbereitet. Der Abschluss des 2. SKIMO Alpencup am Wochenende kann kommen!<\/p>\n","protected":false},"author":3,"featured_media":277601,"comment_status":"closed","ping_status":"closed","sticky":false,"template":"","format":"standard","meta":[],"categories":[1,3],"tags":[],"yoast_head":"<!-- This site is optimized with the Yoast SEO plugin v16.3 - https:\/\/yoast.com\/wordpress\/plugins\/seo\/ -->\n<title>Aktuelle News aus dem Martelltal - Rennen<\/title>\n<meta name=\"robots\" content=\"index, follow, max-snippet:-1, max-image-preview:large, max-video-preview:-1\" \/>\n<link rel=\"canonical\" href=\"https:\/\/www.skimo.at\/rennen\/277574\/aktuelle-news-aus-dem-martelltal\/\" \/>\n<meta property=\"og:locale\" content=\"de_DE\" \/>\n<meta property=\"og:type\" content=\"article\" \/>\n<meta property=\"og:title\" content=\"Aktuelle News aus dem Martelltal - Rennen\" \/>\n<meta property=\"og:description\" content=\"Die Marmotta Trophy geht in punkto Vorbereitung langsam ins Finale. Die Streckenvorbereitung l\u00e4uft, die Startersackerl werden gepackt und die Intervieww\u00e4nde vorbereitet. Der Abschluss des 2. SKIMO Alpencup am Wochenende kann kommen!\" \/>\n<meta property=\"og:url\" content=\"https:\/\/www.skimo.at\/rennen\/277574\/aktuelle-news-aus-dem-martelltal\/\" \/>\n<meta property=\"og:site_name\" content=\"Rennen\" \/>\n<meta property=\"article:published_time\" content=\"2018-03-06T14:58:33+00:00\" \/>\n<meta property=\"article:modified_time\" content=\"2018-03-06T14:58:56+00:00\" \/>\n<meta property=\"og:image\" content=\"https:\/\/www.skimo.at\/rennen\/files\/2018\/03\/Marmotta-Trophy-2018-Vorbereitung-_-SKIMO-Austria-Motiv-04-_-Bild-Renee-Holzknecht.jpg\" \/>\n\t<meta property=\"og:image:width\" content=\"2000\" \/>\n\t<meta property=\"og:image:height\" content=\"1500\" \/>\n<meta name=\"twitter:card\" content=\"summary\" \/>\n<meta name=\"twitter:label1\" content=\"Gesch\u00e4tzte Lesezeit\">\n\t<meta name=\"twitter:data1\" content=\"1\u00a0Minute\">\n<script type=\"application\/ld+json\" class=\"yoast-schema-graph\">{\"@context\":\"https:\/\/schema.org\",\"@graph\":[{\"@type\":\"WebSite\",\"@id\":\"https:\/\/skimo.73.jarolim.eu\/rennen\/#website\",\"url\":\"https:\/\/skimo.73.jarolim.eu\/rennen\/\",\"name\":\"Rennen\",\"description\":\"\",\"potentialAction\":[{\"@type\":\"SearchAction\",\"target\":\"https:\/\/skimo.73.jarolim.eu\/rennen\/?s={search_term_string}\",\"query-input\":\"required name=search_term_string\"}],\"inLanguage\":\"de\"},{\"@type\":\"ImageObject\",\"@id\":\"https:\/\/www.skimo.at\/rennen\/277574\/aktuelle-news-aus-dem-martelltal\/#primaryimage\",\"inLanguage\":\"de\",\"url\":\"https:\/\/www.skimo.at\/rennen\/files\/2018\/03\/Marmotta-Trophy-2018-Vorbereitung-_-SKIMO-Austria-Motiv-04-_-Bild-Renee-Holzknecht.jpg\",\"contentUrl\":\"https:\/\/www.skimo.at\/rennen\/files\/2018\/03\/Marmotta-Trophy-2018-Vorbereitung-_-SKIMO-Austria-Motiv-04-_-Bild-Renee-Holzknecht.jpg\",\"width\":2000,\"height\":1500},{\"@type\":\"WebPage\",\"@id\":\"https:\/\/www.skimo.at\/rennen\/277574\/aktuelle-news-aus-dem-martelltal\/#webpage\",\"url\":\"https:\/\/www.skimo.at\/rennen\/277574\/aktuelle-news-aus-dem-martelltal\/\",\"name\":\"Aktuelle News aus dem Martelltal - Rennen\",\"isPartOf\":{\"@id\":\"https:\/\/skimo.73.jarolim.eu\/rennen\/#website\"},\"primaryImageOfPage\":{\"@id\":\"https:\/\/www.skimo.at\/rennen\/277574\/aktuelle-news-aus-dem-martelltal\/#primaryimage\"},\"datePublished\":\"2018-03-06T14:58:33+00:00\",\"dateModified\":\"2018-03-06T14:58:56+00:00\",\"author\":{\"@id\":\"https:\/\/skimo.73.jarolim.eu\/rennen\/#\/schema\/person\/796ecbce6796efca58bf848ca63ec12c\"},\"breadcrumb\":{\"@id\":\"https:\/\/www.skimo.at\/rennen\/277574\/aktuelle-news-aus-dem-martelltal\/#breadcrumb\"},\"inLanguage\":\"de\",\"potentialAction\":[{\"@type\":\"ReadAction\",\"target\":[\"https:\/\/www.skimo.at\/rennen\/277574\/aktuelle-news-aus-dem-martelltal\/\"]}]},{\"@type\":\"BreadcrumbList\",\"@id\":\"https:\/\/www.skimo.at\/rennen\/277574\/aktuelle-news-aus-dem-martelltal\/#breadcrumb\",\"itemListElement\":[{\"@type\":\"ListItem\",\"position\":1,\"item\":{\"@type\":\"WebPage\",\"@id\":\"https:\/\/skimo.73.jarolim.eu\/rennen\/\",\"url\":\"https:\/\/skimo.73.jarolim.eu\/rennen\/\",\"name\":\"Home\"}},{\"@type\":\"ListItem\",\"position\":2,\"item\":{\"@id\":\"https:\/\/www.skimo.at\/rennen\/277574\/aktuelle-news-aus-dem-martelltal\/#webpage\"}}]},{\"@type\":\"Person\",\"@id\":\"https:\/\/skimo.73.jarolim.eu\/rennen\/#\/schema\/person\/796ecbce6796efca58bf848ca63ec12c\",\"name\":\"kposch\",\"image\":{\"@type\":\"ImageObject\",\"@id\":\"https:\/\/skimo.73.jarolim.eu\/rennen\/#personlogo\",\"inLanguage\":\"de\",\"url\":\"https:\/\/secure.gravatar.com\/avatar\/e9f5f28da60e5e563d3f4d3cc0b9b425?s=96&r=g\",\"contentUrl\":\"https:\/\/secure.gravatar.com\/avatar\/e9f5f28da60e5e563d3f4d3cc0b9b425?s=96&r=g\",\"caption\":\"kposch\"},\"url\":\"https:\/\/www.skimo.at\/rennen\/author\/kposch\/\"}]}<\/script>\n<!-- \/ Yoast SEO plugin. -->","_links":{"self":[{"href":"https:\/\/www.skimo.at\/rennen\/wp-json\/wp\/v2\/posts\/277574"}],"collection":[{"href":"https:\/\/www.skimo.at\/rennen\/wp-json\/wp\/v2\/posts"}],"about":[{"href":"https:\/\/www.skimo.at\/rennen\/wp-json\/wp\/v2\/types\/post"}],"author":[{"embeddable":true,"href":"https:\/\/www.skimo.at\/rennen\/wp-json\/wp\/v2\/users\/3"}],"replies":[{"embeddable":true,"href":"https:\/\/www.skimo.at\/rennen\/wp-json\/wp\/v2\/comments?post=277574"}],"version-history":[{"count":1,"href":"https:\/\/www.skimo.at\/rennen\/wp-json\/wp\/v2\/posts\/277574\/revisions"}],"predecessor-version":[{"id":277602,"href":"https:\/\/www.skimo.at\/rennen\/wp-json\/wp\/v2\/posts\/277574\/revisions\/277602"}],"wp:featuredmedia":[{"embeddable":true,"href":"https:\/\/www.skimo.at\/rennen\/wp-json\/wp\/v2\/media\/277601"}],"wp:attachment":[{"href":"https:\/\/www.skimo.at\/rennen\/wp-json\/wp\/v2\/media?parent=277574"}],"wp:term":[{"taxonomy":"category","embeddable":true,"href":"https:\/\/www.skimo.at\/rennen\/wp-json\/wp\/v2\/categories?post=277574"},{"taxonomy":"post_tag","embeddable":true,"href":"https:\/\/www.skimo.at\/rennen\/wp-json\/wp\/v2\/tags?post=277574"}],"curies":[{"name":"wp","href":"https:\/\/api.w.org\/{rel}","templated":true}]}}