{"id":273555,"date":"2017-09-07T11:42:50","date_gmt":"2017-09-07T09:42:50","guid":{"rendered":"http:\/\/www.skimo.at\/rennen\/?p=273555"},"modified":"2017-09-07T11:43:57","modified_gmt":"2017-09-07T09:43:57","slug":"skimo-alpencup-geht-in-die-zweite-saison","status":"publish","type":"post","link":"https:\/\/www.skimo.at\/rennen\/273555\/skimo-alpencup-geht-in-die-zweite-saison\/","title":{"rendered":"SKIMO Alpencup geht in die zweite Saison"},"content":{"rendered":"<p>Langsam gehen die l\u00e4stigen Sommermonate vorbei und die wichtigste Jahreszeit kommt immer n\u00e4her. Im Winter 2017\/18 geht der SKIMO Alpencup in die zweite Saison. Wieder sind es drei Toprennen in AUT, GER und ITA mit jeweils 2 Bewerben, bei denen um den Sieg gerittert werden kann.<\/p>\n<p>Der SKIMO Alpencup ist entstanden aus dem in die Jahre gekommenen AUSTRIA SKITOUR CUP ASTC, der seit 2001 die Entwicklung der Sportart Skibergsteigen stark beeinflusst hat. Der Cup setzt auf alpine Rennen und arbeitet mit der ISMF zusammen. Klares Ziel ist es, alle drei Rennen in absehbarer Zeit in den ISMF Weltcupzirkus zu integrieren. Im ersten Jahr waren 433 Starter mit 960 Einzelergebnissen gewertet, was f\u00fcr die Qualit\u00e4t der teilnehmenden Rennl\u00e4ufer spricht: alpine Rennen sind nun mal schwieriger und komplexer als Rennen im gesicherten Skiraum!<\/p>\n<p>So, und hier sind sie nun, die Bewerbe des SKIMO Alpencup 2018:<\/p>\n<ul>\n<li>\n<h4>Samstag 3.2.2018 Erztrophy Vertical, Bischofshofen, AUT<\/h4>\n<\/li>\n<li>\n<h4>Sonntag 4.2.2018 Erztrophy Individual, Bischofshofen, AUT<\/h4>\n<p>\u00d6M Sprint am Freitag 2.2. Abends<\/li>\n<\/ul>\n<p>&nbsp;<\/p>\n<ul>\n<li>\n<h4>Samstag 17.2.2018 Jennerstier Vertical Berchtesgaden, GER<\/h4>\n<\/li>\n<li>\n<h4>Sonntag 18.2.2018 Jennerstier Individual Berchtesgaden, GER<\/h4>\n<p>DM\u2019s Vertical &amp; Individual<\/li>\n<\/ul>\n<p>&nbsp;<\/p>\n<ul>\n<li>\n<h4>Samstag 10.3.2017 Marmotta Trophy Sprint Martell, ITA<\/h4>\n<\/li>\n<li>\n<h4>Sonntag 11.3.2017 Marmotta Trophy Individual Martell, ITA<\/h4>\n<p>Coppa d\u2018Italia<\/li>\n<\/ul>\n<p>&nbsp;<\/p>\n<p>Die Anmeldung wird Anfang November m\u00f6glich sein, Wir alle freuen uns schon auf viele Anmeldungen und viel Energie und Freude der Teilnehmer!<\/p>\n","protected":false},"excerpt":{"rendered":"<p>Langsam gehen die l\u00e4stigen Sommermonate vorbei und die wichtigste Jahreszeit kommt immer n\u00e4her. Im Winter 2017\/18 geht der SKIMO Alpencup in die zweite Saison. Wieder sind es drei Toprennen in AUT, GER und ITA mit jeweils 2 Bewerben, bei denen um den Sieg gerittert werden kann. Der SKIMO Alpencup ist entstanden aus dem in die [&hellip;]<\/p>\n","protected":false},"author":3,"featured_media":0,"comment_status":"closed","ping_status":"closed","sticky":false,"template":"","format":"standard","meta":[],"categories":[1,3],"tags":[52,445],"yoast_head":"<!-- This site is optimized with the Yoast SEO plugin v16.3 - https:\/\/yoast.com\/wordpress\/plugins\/seo\/ -->\n<title>SKIMO Alpencup geht in die zweite Saison - Rennen<\/title>\n<meta name=\"robots\" content=\"index, follow, max-snippet:-1, max-image-preview:large, max-video-preview:-1\" \/>\n<link rel=\"canonical\" href=\"https:\/\/www.skimo.at\/rennen\/273555\/skimo-alpencup-geht-in-die-zweite-saison\/\" \/>\n<meta property=\"og:locale\" content=\"de_DE\" \/>\n<meta property=\"og:type\" content=\"article\" \/>\n<meta property=\"og:title\" content=\"SKIMO Alpencup geht in die zweite Saison - Rennen\" \/>\n<meta property=\"og:description\" content=\"Langsam gehen die l\u00e4stigen Sommermonate vorbei und die wichtigste Jahreszeit kommt immer n\u00e4her. Im Winter 2017\/18 geht der SKIMO Alpencup in die zweite Saison. Wieder sind es drei Toprennen in AUT, GER und ITA mit jeweils 2 Bewerben, bei denen um den Sieg gerittert werden kann. Der SKIMO Alpencup ist entstanden aus dem in die [&hellip;]\" \/>\n<meta property=\"og:url\" content=\"https:\/\/www.skimo.at\/rennen\/273555\/skimo-alpencup-geht-in-die-zweite-saison\/\" \/>\n<meta property=\"og:site_name\" content=\"Rennen\" \/>\n<meta property=\"article:published_time\" content=\"2017-09-07T09:42:50+00:00\" \/>\n<meta property=\"article:modified_time\" content=\"2017-09-07T09:43:57+00:00\" \/>\n<meta name=\"twitter:card\" content=\"summary\" \/>\n<meta name=\"twitter:label1\" content=\"Gesch\u00e4tzte Lesezeit\">\n\t<meta name=\"twitter:data1\" content=\"1\u00a0Minute\">\n<script type=\"application\/ld+json\" class=\"yoast-schema-graph\">{\"@context\":\"https:\/\/schema.org\",\"@graph\":[{\"@type\":\"WebSite\",\"@id\":\"https:\/\/skimo.73.jarolim.eu\/rennen\/#website\",\"url\":\"https:\/\/skimo.73.jarolim.eu\/rennen\/\",\"name\":\"Rennen\",\"description\":\"\",\"potentialAction\":[{\"@type\":\"SearchAction\",\"target\":\"https:\/\/skimo.73.jarolim.eu\/rennen\/?s={search_term_string}\",\"query-input\":\"required name=search_term_string\"}],\"inLanguage\":\"de\"},{\"@type\":\"WebPage\",\"@id\":\"https:\/\/www.skimo.at\/rennen\/273555\/skimo-alpencup-geht-in-die-zweite-saison\/#webpage\",\"url\":\"https:\/\/www.skimo.at\/rennen\/273555\/skimo-alpencup-geht-in-die-zweite-saison\/\",\"name\":\"SKIMO Alpencup geht in die zweite Saison - Rennen\",\"isPartOf\":{\"@id\":\"https:\/\/skimo.73.jarolim.eu\/rennen\/#website\"},\"datePublished\":\"2017-09-07T09:42:50+00:00\",\"dateModified\":\"2017-09-07T09:43:57+00:00\",\"author\":{\"@id\":\"https:\/\/skimo.73.jarolim.eu\/rennen\/#\/schema\/person\/796ecbce6796efca58bf848ca63ec12c\"},\"breadcrumb\":{\"@id\":\"https:\/\/www.skimo.at\/rennen\/273555\/skimo-alpencup-geht-in-die-zweite-saison\/#breadcrumb\"},\"inLanguage\":\"de\",\"potentialAction\":[{\"@type\":\"ReadAction\",\"target\":[\"https:\/\/www.skimo.at\/rennen\/273555\/skimo-alpencup-geht-in-die-zweite-saison\/\"]}]},{\"@type\":\"BreadcrumbList\",\"@id\":\"https:\/\/www.skimo.at\/rennen\/273555\/skimo-alpencup-geht-in-die-zweite-saison\/#breadcrumb\",\"itemListElement\":[{\"@type\":\"ListItem\",\"position\":1,\"item\":{\"@type\":\"WebPage\",\"@id\":\"https:\/\/skimo.73.jarolim.eu\/rennen\/\",\"url\":\"https:\/\/skimo.73.jarolim.eu\/rennen\/\",\"name\":\"Home\"}},{\"@type\":\"ListItem\",\"position\":2,\"item\":{\"@id\":\"https:\/\/www.skimo.at\/rennen\/273555\/skimo-alpencup-geht-in-die-zweite-saison\/#webpage\"}}]},{\"@type\":\"Person\",\"@id\":\"https:\/\/skimo.73.jarolim.eu\/rennen\/#\/schema\/person\/796ecbce6796efca58bf848ca63ec12c\",\"name\":\"kposch\",\"image\":{\"@type\":\"ImageObject\",\"@id\":\"https:\/\/skimo.73.jarolim.eu\/rennen\/#personlogo\",\"inLanguage\":\"de\",\"url\":\"https:\/\/secure.gravatar.com\/avatar\/e9f5f28da60e5e563d3f4d3cc0b9b425?s=96&r=g\",\"contentUrl\":\"https:\/\/secure.gravatar.com\/avatar\/e9f5f28da60e5e563d3f4d3cc0b9b425?s=96&r=g\",\"caption\":\"kposch\"},\"url\":\"https:\/\/www.skimo.at\/rennen\/author\/kposch\/\"}]}<\/script>\n<!-- \/ Yoast SEO plugin. -->","_links":{"self":[{"href":"https:\/\/www.skimo.at\/rennen\/wp-json\/wp\/v2\/posts\/273555"}],"collection":[{"href":"https:\/\/www.skimo.at\/rennen\/wp-json\/wp\/v2\/posts"}],"about":[{"href":"https:\/\/www.skimo.at\/rennen\/wp-json\/wp\/v2\/types\/post"}],"author":[{"embeddable":true,"href":"https:\/\/www.skimo.at\/rennen\/wp-json\/wp\/v2\/users\/3"}],"replies":[{"embeddable":true,"href":"https:\/\/www.skimo.at\/rennen\/wp-json\/wp\/v2\/comments?post=273555"}],"version-history":[{"count":2,"href":"https:\/\/www.skimo.at\/rennen\/wp-json\/wp\/v2\/posts\/273555\/revisions"}],"predecessor-version":[{"id":273559,"href":"https:\/\/www.skimo.at\/rennen\/wp-json\/wp\/v2\/posts\/273555\/revisions\/273559"}],"wp:attachment":[{"href":"https:\/\/www.skimo.at\/rennen\/wp-json\/wp\/v2\/media?parent=273555"}],"wp:term":[{"taxonomy":"category","embeddable":true,"href":"https:\/\/www.skimo.at\/rennen\/wp-json\/wp\/v2\/categories?post=273555"},{"taxonomy":"post_tag","embeddable":true,"href":"https:\/\/www.skimo.at\/rennen\/wp-json\/wp\/v2\/tags?post=273555"}],"curies":[{"name":"wp","href":"https:\/\/api.w.org\/{rel}","templated":true}]}}