{"id":194401,"date":"2016-01-09T23:41:04","date_gmt":"2016-01-09T21:41:04","guid":{"rendered":"http:\/\/www.skimo.at\/rennen\/?p=194401"},"modified":"2016-01-11T19:48:42","modified_gmt":"2016-01-11T17:48:42","slug":"bildbericht-der-stm-vertical-speckjagern","status":"publish","type":"post","link":"https:\/\/www.skimo.at\/rennen\/194401\/bildbericht-der-stm-vertical-speckjagern\/","title":{"rendered":"Bildbericht der STM Vertical &#8222;Speckjagern&#8220;"},"content":{"rendered":"<p>Bei warmen Temperaturen mit leichtem Schneeregen fand am Samstag Abend, 9.1.2016 auf der Mutterer Alm oberhalb von Innsbruck die Skibergsteiger Staatsmeisterschaft in der Disziplin Vertical statt. Im Rahmen des traditionellen Rennens Vertical Speckjagern \u00fcber rund 650 H\u00f6henmeter errangen Andrea Mayr (Wels) bei den Damen und Christian Hoffmann (Ramsau) bei den Herren die Tagessiege.<\/p>\n<p><!--more--><\/p>\n<h2>Schwieriges Rennen mit internationalem Format<\/h2>\n<p><a href=\"http:\/\/www.skimo.at\/rennen\/?attachment_id=194407\" rel=\"attachment wp-att-194405\"><img loading=\"lazy\" class=\"alignright wp-image-194407 size-thumbnail\" src=\"http:\/\/www.skimo.at\/rennen\/files\/2016\/01\/OEM-Vertical-Mutterer-Alm-03-Startbild-3-Foto_Willi-Seebacher-LR-150x150.jpg\" alt=\"\" width=\"150\" height=\"150\" \/><\/a>Das in Kooperation vom SV Sistrans und RC Aldrans veranstaltete Rennen in Mutters war einer Staatsmeisterschaft wahrlich w\u00fcrdig. \u00c4hnlich flach angelegt wie ein Weltcupbewerb waren die Bedingungen wegen einer Kombination aus Regen am Start und Schneefall im Ziel durchaus schwierig. Nassschnee in Kombination mit eisigen Passagen verursachten viele Probleme mit den Steigfellen bei den rund 150 Teilnehmern. Eine hervorragende Rennorganisation eine und wunderbare Zuschauerkulisse entsch\u00e4digten die Sportler allerdings f\u00fcr alle Anstrengungen.<\/p>\n<h2>Starkes und schnelles Rennen &#8211; Vertical Speckjagern<\/h2>\n<p>Praktisch die gesamte Elite des \u00d6sterreichischen Skitourenrennsports startete zu dieser erstmalig ausgetragenen Staatsmeisterschaft.<\/p>\n<p><a href=\"http:\/\/www.skimo.at\/rennen\/194401\/bildbericht-der-stm-vertical-speckjagern\/oem-vertical-mutterer-alm-09-christian-hoffmann-1-foto_willi-seebacher-lr\/\" rel=\"attachment wp-att-194413\"><img loading=\"lazy\" class=\"alignleft wp-image-194413 size-thumbnail\" src=\"http:\/\/www.skimo.at\/rennen\/files\/2016\/01\/OEM-Vertical-Mutterer-Alm-09-Christian-Hoffmann-1-Foto_Willi-Seebacher-LR-150x150.jpg\" alt=\"OEM Vertical Mutterer Alm 09 Christian Hoffmann 1 Foto_Willi Seebacher LR\" width=\"150\" height=\"150\" \/><\/a>Bei den Herren setzte sich nach dem Start eine Spitzengruppe bestehend aus Langlauf-Olympiasieger Christian Hoffmann (Ramsau) und den beiden \u00d6SV Nationalkaderathleten Armin Neurauter (K\u00fchtai) und Daniel Zugg (St. Gallenkirch) vom Feld ab.<br \/>\nW\u00e4hrend sich Armin Neurauter als zeitweise F\u00fchrender am Ende mit Platz 4 begn\u00fcgen musste, sicherte sich Daniel Zugg den 3. Platz hinter dem im zweiten Rennteil furios gehenden Jakob Herrmann (Werfenweng). Den Sieg mit 24:37,56 Minuten errang schlie\u00dflich Christian Hoffmann, f\u00fcr den das Rennen ganz nach Plan lief:<\/p>\n<blockquote><p>\u201eIch bin nat\u00fcrlich sehr zufrieden mit dem Sieg und gl\u00fccklich \u00fcber den Titel. Die Strecke ist mir wunderbar gelegen, und ich konnte mir das Rennen ideal einteilen. Am Anfang habe ich das Tempo etwas herausgenommen, dann aber nach den ersten 10 Minuten richtig draufgedr\u00fcckt. Daf\u00fcr dass mit die kurzen Strecken nicht so gut liegen, hat\u2018 wirklich gut gepasst.\u201c<\/p><\/blockquote>\n<p><a href=\"http:\/\/www.skimo.at\/rennen\/194401\/bildbericht-der-stm-vertical-speckjagern\/oem-vertical-mutterer-alm-25-andrea-mayr-1-foto_willi-seebacher-lr\/\" rel=\"attachment wp-att-194429\"><img loading=\"lazy\" class=\"alignleft wp-image-194429 size-thumbnail\" src=\"http:\/\/www.skimo.at\/rennen\/files\/2016\/01\/OEM-Vertical-Mutterer-Alm-25-Andrea-Mayr-1-Foto_Willi-Seebacher-LR-150x150.jpg\" alt=\"OEM Vertical Mutterer Alm 25 Andrea Mayr 1 Foto_Willi Seebacher LR\" width=\"150\" height=\"150\" \/><\/a>Bei den Damen war der Rennverlauf wesentlich klarer. Platz 3 ging an \u00d6SV Nationalkaderathletin Johanna Erhart (Schladming) hinter Verena Krenslehner (Vils). Ein Start-Ziel Sieg ging in 31:18,32 an Berglauf-Weltmeisterin Andrea Mayr (Wels), die zwar ein furioses, aber auch kurioses Rennen lieferte, k\u00e4mpfte sie doch mit ziemlichen Problemen:<\/p>\n<blockquote><p>\u201eDas war mein erstes richtiges Skitourenrennen. Und ich war wirklich \u00fcberrascht, wie speziell die Situation im Vergleich zu Laufen ist. Die Startsituation war echt schwierig f\u00fcr mich, ein \u00fcberholen danach kaum m\u00f6glich. Zudem hatte ich auch Probleme mit den Steigfellen. Ausgegangen ist es sich aber zum Schluss und es war sicher nicht mein letzter Bewerb im Skibergsteigen!\u201c<\/p><\/blockquote>\n<h2>\u00a0Staatsmeisterschaft als wichtige Zwischenstation einer langen Sport-Reise<\/h2>\n<p>Die erstmalige \u00dcberreichung der goldenen Staatsmeisterschafts-Medaillen an Skibergsteiger markiert f\u00fcr die Sportart einen wichtigen Schritt in ihrer Entwicklung. Die Medaillen sind das Symbol f\u00fcr die staatliche Anerkennung als Wettkampfsport, die seit Jahren vergeblich betrieben wurde. Dem entsprechend stolz ist Karl Posch als sportlicher Leiter der Sparte Skibergsteigen im \u00d6SV:<\/p>\n<blockquote><p>\u201eEs ist wundersch\u00f6n zu sehen, dass unseren Sportlern nun endlich auch die Anerkennung zuteil wird, die sie sich verdienen. Der Schub, der 2014 durch die Integration in den \u00d6SV eingesetzt hat, tr\u00e4gt nun Fr\u00fcchte.\u201c<\/p><\/blockquote>\n<h2>\u00a0Jetzt die Sachen packen und auf nach Andorra<\/h2>\n<p>Bereits Mitte der kommenden Woche reist die \u00d6SV Nationalmannschaft Skibergsteigen nun mit 8 Athleten zum ISMF Weltcupauftakt nach Andorra. Neben den Kader- Leistungstr\u00e4gern Jakob Herrmann, Martin Weisskopf und Daniel Zugg haben sich beim heutigen Rennen noch 5 weitere Athleten das Ticket nach Andorra gel\u00f6st.<\/p>\n<p>Headcoach Alexander Lugger sieht dem ersten Weltcupwochenende 2016 mit einem Individual- und einem Verticalrennen sehr positiv entgegen:<\/p>\n<blockquote><p>\u201eTrotz der schlechten Trainingsm\u00f6glichkeiten durch den wenigen Schnee ist unser Kader top aufgestellt. Andorra wird spannend, wir d\u00fcrfen uns sicher einiges erwarten.\u201c<\/p><\/blockquote>\n<p>&nbsp;<\/p>\n<p><a href=\"http:\/\/www.skimo.at\/rennen\/194401\/bildbericht-der-stm-vertical-speckjagern\/oem-vertical-mutterer-alm-01-siegerehrung-foto_willi-seebacher-lr\/\" rel=\"attachment wp-att-194455\"><img loading=\"lazy\" class=\"alignright wp-image-194455 size-thumbnail\" src=\"http:\/\/www.skimo.at\/rennen\/files\/2016\/01\/OEM-Vertical-Mutterer-Alm-01-Siegerehrung-Foto_Willi-Seebacher-LR-150x150.jpg\" alt=\"OEM Vertical Mutterer Alm 01 Siegerehrung Foto_Willi Seebacher LR\" width=\"150\" height=\"150\" \/><\/a>Danke an die<a href=\"http:\/\/www.muttereralm.at\/de\/\"> Mutterer Alm Bahnen<\/a> f\u00fcr die M\u00f6glichkeit der Durchf\u00fchrung der Staatsmeisterschaft und den beiden Vereinen SV Sistrans und RC Aldrans mit Werner Brugger und Armin Niederkofler, die die Organisation so hervorragend \u00fcbernommen haben.<\/p>\n<p>&nbsp;<\/p>\n","protected":false},"excerpt":{"rendered":"<p>Bei warmen Temperaturen mit leichtem Schneeregen fand am Samstag Abend, 9.1.2016 auf der Mutterer Alm oberhalb von Innsbruck die Skibergsteiger Staatsmeisterschaft in der Disziplin Vertical statt. Im Rahmen des traditionellen Rennens Vertical Speckjagern \u00fcber rund 650 H\u00f6henmeter errangen Andrea Mayr (Wels) bei den Damen und Christian Hoffmann (Ramsau) bei den Herren die Tagessiege.<\/p>\n","protected":false},"author":3,"featured_media":194414,"comment_status":"closed","ping_status":"closed","sticky":false,"template":"","format":"standard","meta":[],"categories":[1,3,7],"tags":[119,211,28,203,210,50],"yoast_head":"<!-- This site is optimized with the Yoast SEO plugin v16.3 - https:\/\/yoast.com\/wordpress\/plugins\/seo\/ -->\n<title>Bildbericht der STM Vertical Speckjagern<\/title>\n<meta name=\"description\" content=\"Im Rahmen Vertical Speckjagern \u00fcber rund 650 H\u00f6henmeter errangen Andrea Mayr (Wels) bei den Damen und Christian Hoffmann (Ramsau) bei den Herren die Tagessiege.\" \/>\n<meta name=\"robots\" content=\"index, follow, max-snippet:-1, max-image-preview:large, max-video-preview:-1\" \/>\n<link rel=\"canonical\" href=\"https:\/\/www.skimo.at\/rennen\/194401\/bildbericht-der-stm-vertical-speckjagern\/\" \/>\n<meta property=\"og:locale\" content=\"de_DE\" \/>\n<meta property=\"og:type\" content=\"article\" \/>\n<meta property=\"og:title\" content=\"Bildbericht der STM Vertical Speckjagern\" \/>\n<meta property=\"og:description\" content=\"Im Rahmen Vertical Speckjagern \u00fcber rund 650 H\u00f6henmeter errangen Andrea Mayr (Wels) bei den Damen und Christian Hoffmann (Ramsau) bei den Herren die Tagessiege.\" \/>\n<meta property=\"og:url\" content=\"https:\/\/www.skimo.at\/rennen\/194401\/bildbericht-der-stm-vertical-speckjagern\/\" \/>\n<meta property=\"og:site_name\" content=\"Rennen\" \/>\n<meta property=\"article:published_time\" content=\"2016-01-09T21:41:04+00:00\" \/>\n<meta property=\"article:modified_time\" content=\"2016-01-11T17:48:42+00:00\" \/>\n<meta property=\"og:image\" content=\"https:\/\/www.skimo.at\/rennen\/files\/2016\/01\/OEM-Vertical-Mutterer-Alm-10-Christian-Hoffmann-2-Foto_Willi-Seebacher-LR.jpg\" \/>\n\t<meta property=\"og:image:width\" content=\"1772\" \/>\n\t<meta property=\"og:image:height\" content=\"1181\" \/>\n<meta name=\"twitter:card\" content=\"summary\" \/>\n<meta name=\"twitter:label1\" content=\"Gesch\u00e4tzte Lesezeit\">\n\t<meta name=\"twitter:data1\" content=\"3\u00a0Minuten\">\n<script type=\"application\/ld+json\" class=\"yoast-schema-graph\">{\"@context\":\"https:\/\/schema.org\",\"@graph\":[{\"@type\":\"WebSite\",\"@id\":\"https:\/\/skimo.73.jarolim.eu\/rennen\/#website\",\"url\":\"https:\/\/skimo.73.jarolim.eu\/rennen\/\",\"name\":\"Rennen\",\"description\":\"\",\"potentialAction\":[{\"@type\":\"SearchAction\",\"target\":\"https:\/\/skimo.73.jarolim.eu\/rennen\/?s={search_term_string}\",\"query-input\":\"required name=search_term_string\"}],\"inLanguage\":\"de\"},{\"@type\":\"ImageObject\",\"@id\":\"https:\/\/www.skimo.at\/rennen\/194401\/bildbericht-der-stm-vertical-speckjagern\/#primaryimage\",\"inLanguage\":\"de\",\"url\":\"https:\/\/www.skimo.at\/rennen\/files\/2016\/01\/OEM-Vertical-Mutterer-Alm-10-Christian-Hoffmann-2-Foto_Willi-Seebacher-LR.jpg\",\"contentUrl\":\"https:\/\/www.skimo.at\/rennen\/files\/2016\/01\/OEM-Vertical-Mutterer-Alm-10-Christian-Hoffmann-2-Foto_Willi-Seebacher-LR.jpg\",\"width\":1772,\"height\":1181,\"caption\":\"Vertical Speckjagern\"},{\"@type\":\"WebPage\",\"@id\":\"https:\/\/www.skimo.at\/rennen\/194401\/bildbericht-der-stm-vertical-speckjagern\/#webpage\",\"url\":\"https:\/\/www.skimo.at\/rennen\/194401\/bildbericht-der-stm-vertical-speckjagern\/\",\"name\":\"Bildbericht der STM Vertical Speckjagern\",\"isPartOf\":{\"@id\":\"https:\/\/skimo.73.jarolim.eu\/rennen\/#website\"},\"primaryImageOfPage\":{\"@id\":\"https:\/\/www.skimo.at\/rennen\/194401\/bildbericht-der-stm-vertical-speckjagern\/#primaryimage\"},\"datePublished\":\"2016-01-09T21:41:04+00:00\",\"dateModified\":\"2016-01-11T17:48:42+00:00\",\"author\":{\"@id\":\"https:\/\/skimo.73.jarolim.eu\/rennen\/#\/schema\/person\/796ecbce6796efca58bf848ca63ec12c\"},\"description\":\"Im Rahmen Vertical Speckjagern \\u00fcber rund 650 H\\u00f6henmeter errangen Andrea Mayr (Wels) bei den Damen und Christian Hoffmann (Ramsau) bei den Herren die Tagessiege.\",\"breadcrumb\":{\"@id\":\"https:\/\/www.skimo.at\/rennen\/194401\/bildbericht-der-stm-vertical-speckjagern\/#breadcrumb\"},\"inLanguage\":\"de\",\"potentialAction\":[{\"@type\":\"ReadAction\",\"target\":[\"https:\/\/www.skimo.at\/rennen\/194401\/bildbericht-der-stm-vertical-speckjagern\/\"]}]},{\"@type\":\"BreadcrumbList\",\"@id\":\"https:\/\/www.skimo.at\/rennen\/194401\/bildbericht-der-stm-vertical-speckjagern\/#breadcrumb\",\"itemListElement\":[{\"@type\":\"ListItem\",\"position\":1,\"item\":{\"@type\":\"WebPage\",\"@id\":\"https:\/\/skimo.73.jarolim.eu\/rennen\/\",\"url\":\"https:\/\/skimo.73.jarolim.eu\/rennen\/\",\"name\":\"Home\"}},{\"@type\":\"ListItem\",\"position\":2,\"item\":{\"@id\":\"https:\/\/www.skimo.at\/rennen\/194401\/bildbericht-der-stm-vertical-speckjagern\/#webpage\"}}]},{\"@type\":\"Person\",\"@id\":\"https:\/\/skimo.73.jarolim.eu\/rennen\/#\/schema\/person\/796ecbce6796efca58bf848ca63ec12c\",\"name\":\"kposch\",\"image\":{\"@type\":\"ImageObject\",\"@id\":\"https:\/\/skimo.73.jarolim.eu\/rennen\/#personlogo\",\"inLanguage\":\"de\",\"url\":\"https:\/\/secure.gravatar.com\/avatar\/e9f5f28da60e5e563d3f4d3cc0b9b425?s=96&r=g\",\"contentUrl\":\"https:\/\/secure.gravatar.com\/avatar\/e9f5f28da60e5e563d3f4d3cc0b9b425?s=96&r=g\",\"caption\":\"kposch\"},\"url\":\"https:\/\/www.skimo.at\/rennen\/author\/kposch\/\"}]}<\/script>\n<!-- \/ Yoast SEO plugin. -->","_links":{"self":[{"href":"https:\/\/www.skimo.at\/rennen\/wp-json\/wp\/v2\/posts\/194401"}],"collection":[{"href":"https:\/\/www.skimo.at\/rennen\/wp-json\/wp\/v2\/posts"}],"about":[{"href":"https:\/\/www.skimo.at\/rennen\/wp-json\/wp\/v2\/types\/post"}],"author":[{"embeddable":true,"href":"https:\/\/www.skimo.at\/rennen\/wp-json\/wp\/v2\/users\/3"}],"replies":[{"embeddable":true,"href":"https:\/\/www.skimo.at\/rennen\/wp-json\/wp\/v2\/comments?post=194401"}],"version-history":[{"count":9,"href":"https:\/\/www.skimo.at\/rennen\/wp-json\/wp\/v2\/posts\/194401\/revisions"}],"predecessor-version":[{"id":194682,"href":"https:\/\/www.skimo.at\/rennen\/wp-json\/wp\/v2\/posts\/194401\/revisions\/194682"}],"wp:featuredmedia":[{"embeddable":true,"href":"https:\/\/www.skimo.at\/rennen\/wp-json\/wp\/v2\/media\/194414"}],"wp:attachment":[{"href":"https:\/\/www.skimo.at\/rennen\/wp-json\/wp\/v2\/media?parent=194401"}],"wp:term":[{"taxonomy":"category","embeddable":true,"href":"https:\/\/www.skimo.at\/rennen\/wp-json\/wp\/v2\/categories?post=194401"},{"taxonomy":"post_tag","embeddable":true,"href":"https:\/\/www.skimo.at\/rennen\/wp-json\/wp\/v2\/tags?post=194401"}],"curies":[{"name":"wp","href":"https:\/\/api.w.org\/{rel}","templated":true}]}}